{"id":12494,"date":"2022-09-16T20:14:46","date_gmt":"2022-09-16T19:14:46","guid":{"rendered":"https:\/\/www.podivinsky.cz\/?p=12494"},"modified":"2022-09-16T20:15:13","modified_gmt":"2022-09-16T19:15:13","slug":"tak-bacha-jo-3","status":"publish","type":"post","link":"https:\/\/www.podivinsky.cz\/?p=12494","title":{"rendered":"Tak BACHA-jo?"},"content":{"rendered":"\n<p>Pod\u00edvejte se, co u\u017e se stalo \u2013 jednou jsme zahul\u00e1kali \u201evl\u00e1d\u011b do oken\u201c a&nbsp;u\u017e<br>jde zastropovat cenu energi\u00ed. P\u016fl roku to ne\u0161lo, bo minoritn\u00ed akcion\u00e1\u0159i a&nbsp;<br>dal\u0161\u00ed z\u00e1konn\u00e9 d\u016fvody. Jednou zam\u00e1v\u00e1te vlajkami a&nbsp;ejhle, najednou je lid v\u00edc<br>ne\u017e akcion\u00e1\u0159. Jestli si n\u011bkdo mysl\u00ed, \u017ee by vl\u00e1da zastropovala ceny i&nbsp;bez<br>demonstrace, tak a\u0165 se nech\u00e1 vy\u0161et\u0159it.&nbsp;Lid vl\u00e1du vyd\u011bsil k&nbsp;akci.<\/p>\n\n\n\n<p>Jen\u017ee je to jen takov\u00e1 v\u011bji\u010dka. Oni se je\u0161t\u011b sv\u00e9ho lidu neboj\u00ed dost. Cena<br>elekt\u0159iny kolem deseti korun za kWh a&nbsp;plyn p\u0159es 50&nbsp;K\u010d za kub\u00edk \u2013 to je po\u0159\u00e1d<br>likvida\u010dn\u00ed cena. Oni prost\u011b cht\u011bj\u00ed zkusit, jestli n\u00e1s t\u00edmhle nerozd\u011bl\u00ed.<br>Pokud je te\u010f nech\u00e1me vyhr\u00e1t, m\u016f\u017eeme si b\u00fdt jist\u00ed, \u017ee b\u011bhem dvou m\u011bs\u00edc\u016f n\u00e1m<br>v\u0161echny ty \u017eebra\u010denky zase vezmou n\u011bjak\u00fdm jin\u00fdm zp\u016fsobem. Lekli se n\u00e1s a&nbsp;<br>za\u010dali proti n\u00e1m bojovat. Po&nbsp;p\u016fvodn\u00edch panik\u00e1\u0159sk\u00fdch prohl\u00e1\u0161en\u00edch, \u017ee jsme<br>v\u0161ichni ru\u0161t\u00ed trollov\u00e9, za\u010dali bojovat pon\u011bkud efektivn\u011bji. Dostali jsme<br>prvn\u00ed kost a&nbsp;oni zji\u0161\u0165uj\u00ed, kdo se nech\u00e1 vyl\u00e1kat ven z&nbsp;hradeb. Ud\u011blali jsme<br>prvn\u00ed krok a&nbsp;hned n\u00e1s cht\u011bj\u00ed rozd\u011blit. To se dalo \u010dekat.<\/p>\n\n\n\n<p>Ale ne\u017e p\u016fjdeme na tu demonstraci, m\u016f\u017eeme ud\u011blat je\u0161t\u011b jednu v\u011bc. M\u016f\u017eeme jim<br>uk\u00e1zat, \u017ee m\u00e1me i&nbsp;jin\u00e9 mo\u017enosti. Poj\u010fme je \u0159\u00e1dn\u011b vyd\u011bsit. Je\u0161t\u011b v\u00edc, ne\u017e<br>prvn\u00ed demonstrac\u00ed. Poj\u010fme je zas\u00e1hnout v&nbsp;samotn\u00e9m j\u00e1dru.<\/p>\n\n\n\n<p>Bl\u00ed\u017e\u00ed se n\u00e1m komun\u00e1ln\u00ed a&nbsp;sen\u00e1tn\u00ed volby. Podle m\u011b se minim\u00e1ln\u011b do jejich<br>skon\u010den\u00ed ned\u00e1 na na\u0161\u00ed politick\u00e9 sc\u00e9n\u011b \u010dekat \u017e\u00e1dn\u00e9 zem\u011bt\u0159esen\u00ed. Nikdo z&nbsp;<br>politik\u016f nebude deset dn\u00ed p\u0159ed volbami riskovat n\u011bjakou velkou roztr\u017eku,<br>proto\u017ee je to p\u0159\u00edli\u0161 nebezpe\u010dn\u00e9. V\u0161ichni d\u011blali kampan\u011b a&nbsp;fakt nikdo nestoj\u00ed<br>o&nbsp;to, aby volby nakonec rozhodovalo n\u011bjak\u00e9 v\u00fdbu\u0161n\u00e9 t\u00e9ma, kter\u00e9 p\u0159i\u0161lo t\u011bsn\u011b<br>p\u0159ed otev\u0159en\u00edm hlasovac\u00edch m\u00edstnost\u00ed. T\u0159eba p\u00e1d vl\u00e1dy. V\u0161echno se m\u016f\u017ee st\u00e1t<br>a\u017e po&nbsp;volb\u00e1ch.<\/p>\n\n\n\n<p>Chcete demisi t\u00e9to vl\u00e1dy? Chcete, aby se n\u011bco zm\u011bnilo? P\u0159ij\u010fte k&nbsp;volb\u00e1m a&nbsp;<br>nevolte je. Nevolte je ani p\u0159\u00edmo, ani v&nbsp;koalici a&nbsp;to ani tehdy ne, kdy\u017e<br>budou koalovat s&nbsp;n\u011bjak\u00fdm m\u00edstn\u00edm uskupen\u00edm, kter\u00e9 m\u00e1 norm\u00e1ln\u00ed lidi. Nevolte<br>je v\u016fbec.&nbsp;Jakmile uvid\u00edte n\u011bkde naps\u00e1no ODS, KDU, TOP, STAN nebo PIR, prost\u011b<br>jim to neh\u00e1zejte, i&nbsp;kdyby m\u011bli za m\u00edstn\u00edho l\u00eddra n\u011bkoho zcela p\u0159ijateln\u00e9ho.<br>P\u0159ij\u010fte k&nbsp;volb\u00e1m a&nbsp;ho\u010fte to komukoliv jin\u00e9mu.<\/p>\n\n\n\n<p>Tam, kde te\u010f n\u011bjak\u00fd modropt\u00e1k starostuje, tam se mus\u00edte obzvl\u00e1\u0161\u0165 sna\u017eit, aby<br>se mu nezada\u0159ilo. Bez ohledu na jeho schopnosti. Tentokr\u00e1t ko\u0161ile nesm\u00ed b\u00fdt<br>bli\u017e\u0161\u00ed ne\u017e kab\u00e1t. Starosta v\u00e1m levnou energii neza\u0159\u00edd\u00ed a&nbsp;nezachov\u00e1 v\u00e1m<br>pracovn\u00ed m\u00edsta.<\/p>\n\n\n\n<p>Tihle partajn\u00ed \u0161\u00edb\u0159i, kte\u0159\u00ed d\u00edky va\u0161\u00ed volb\u011b vylet\u00ed z&nbsp;funkc\u00ed, to budou va\u0161i<br>vyslanci, kte\u0159\u00ed vl\u00e1du za\u0159\u00edznou. Ty stovky a&nbsp;tis\u00edce lid\u00ed, kte\u0159\u00ed budou nade<br>v\u0161\u00ed pochybnost v\u011bd\u011bt, \u017ee neprohr\u00e1li kv\u016fli sv\u00e9 neschopnosti, ale kv\u016fli<br>neschopnosti Fialy a&nbsp;Raku\u0161ana. Tohle mus\u00ed z&nbsp;leto\u0161n\u00edch komun\u00e1ln\u00edch voleb<br>tr\u010det jako v\u00fdhru\u017en\u00e9 memento. Jsme v&nbsp;takov\u00e9 situaci, \u017ee je \u00fapln\u011b jedno, jak\u00e1<br>je m\u00edstn\u00ed situace. Mus\u00ed b\u00fdt \u00fapln\u011b putna, jak schopn\u00fd je m\u00edstn\u00ed p\u011btikoali\u010dn\u00ed<br>politik, ale prost\u011b mus\u00ed b\u00fdt odejit,&nbsp;proto\u017ee p\u0159ed \u010dasem na n\u011bjak\u00e9m kongresu<br>zvolil za \u0161\u00e9fa strany \u00fapln\u00e9ho kret\u00e9na, kter\u00fd ni\u010d\u00ed tuhle republiku.<\/p>\n\n\n\n<p>V ka\u017ed\u00e9m stran\u00edkovi od Starost\u016f mus\u00edte vid\u011bt toho, kdo zvolil H\u00fdkelu s&nbsp;<br>Raku\u0161anem do p\u0159edsednictv\u00ed. V&nbsp;ka\u017ed\u00e9m ODS\u00e1kovi mus\u00edte vid\u011bt toho, kdo zvolil<br>Fialu do \u010dela strany a&nbsp;dopustil tu dne\u0161n\u00ed katastrofu. Dejte jim ochutnat<br>odpov\u011bdnost, t\u0159eba i&nbsp;d\u00e1vnou. To oni jsou vinni, \u017ee dopustili takov\u00e9 magory.<\/p>\n\n\n\n<p>Za\u0159i\u010fte st\u00e1vaj\u00edc\u00edm vl\u00e1dn\u00edm stran\u00e1m debakl, kter\u00fd povzbud\u00ed jejich vnit\u0159n\u00ed<br>opozici. V\u0161em a&nbsp;v\u0161ude. Za\u0159i\u010fte, aby v\u0161ichni vid\u011bli, \u017ee prohr\u00e1li kv\u016fli<br>Fialovi, Raku\u0161anovi, Jure\u010dkovi, Pekarov\u00e9 a&nbsp;Barto\u0161ovi. Mluvte o&nbsp;tom ve<br>volebn\u00ed m\u00edstnosti\u2026 \u017ee prost\u011b nem\u016f\u017eete volit ODS, proto\u017ee Fiala. \u017de nem\u016f\u017eete<br>volit Starosty, proto\u017ee Raku\u0161an. Ve volebn\u00edch m\u00edstnostech sed\u00ed z\u00e1stupci<br>v\u0161ech stran, aby byla kontrola. Oni to usly\u0161\u00ed a&nbsp;sv\u00fdm \u0161\u00e9f\u00edk\u016fm to \u0159eknou.<\/p>\n\n\n\n<p>Ur\u010dit\u011b nemus\u00edm zd\u016fraz\u0148ovat, \u017ee tot\u00e9\u017e plat\u00ed i&nbsp;pro volby do sen\u00e1tu. Tady m\u00e1m<br>je\u0161t\u011b jeden vysloven\u011b osobn\u00ed z\u00e1jem. A&nbsp;t\u00edm je sou\u010dasn\u00fd p\u0159edseda sen\u00e1tu Milo\u0161<br>Zastr\u010dil. To je ten, kter\u00fd zni\u010dil byznys \u0160kodovky v&nbsp;\u010c\u00edn\u011b, kter\u00fd necht\u011bl<br>po\u010d\u00edtat gro\u0161\u00edky, ale cht\u011bl rovn\u011b st\u00e1t. To je ten, kter\u00fd tuhle republiku<br>za\u0159\u00edzl ve v\u011bt\u0161\u00ed p\u016flce sv\u011bta. Jestli tenhle chlap bude znovuzvolen, tak to<br>budu br\u00e1t jako osobn\u00ed prohru.<\/p>\n\n\n\n<p>T\u00edmto nab\u00edz\u00edm reklamu kter\u00e9mukoliv kandid\u00e1tovi ze stejn\u00e9ho obvodu v&nbsp;Jihlav\u011b.<br>A\u0165 si mi ohl\u00e1s\u00ed a&nbsp;p\u0159ijede za mnou. Popijeme, pokec\u00e1me, \u0159ekneme si, jak to<br>vid\u00ed, j\u00e1 mu pak vycajchnuju \u010dl\u00e1nek a&nbsp;d\u00e1m prostor. Pokud p\u0159ijede v\u00edc<br>kandid\u00e1t\u016f, pust\u00edm v\u00edc \u010dl\u00e1nk\u016f.&nbsp;Kdo p\u0159ijede, ten dostane reklamu. A&nbsp;d\u00e1m si<br>fakt z\u00e1le\u017eet.<\/p>\n\n\n\n<p>Oni tam na vl\u00e1d\u011b fakt v\u011b\u0159\u00ed ve sv\u00e9 fantasmagorie, jako \u017ee ty protesty \u0159\u00edd\u00ed<br>Putin. Mysl\u00ed si, \u017ee to sprav\u00ed tou spr\u00e1vnou kampan\u00ed, kdy\u017e pou\u017eij\u00ed spr\u00e1vn\u00e1<br>slova a&nbsp;kdyby to nesta\u010dilo, tak nasad\u00ed cenzuru. Mysl\u00ed si, \u017ee buran\u016fm sta\u010d\u00ed<br>zam\u00e1vat p\u0159ed nosem trochou robotn\u00edch \u00falev a&nbsp;oni budou dr\u017eet hubu. Dejme jim<br>ochutnat na\u0161\u00ed s\u00edlu u&nbsp;voleb. Je\u0161t\u011b po\u0159\u00e1d se hlasuje vhozen\u00edm ob\u00e1lky do urny,<br>je\u0161t\u011b po\u0159\u00e1d se to p\u0159epo\u010d\u00edt\u00e1v\u00e1 ru\u010dn\u011b a&nbsp;je\u0161t\u011b po\u0159\u00e1d na to p\u0159epo\u010d\u00edt\u00e1v\u00e1n\u00ed kouk\u00e1<br>hodn\u011b lid\u00ed z&nbsp;r\u016fzn\u00fdch stran. \u017d\u00e1dn\u00e9 po\u010d\u00edta\u010dov\u00e9 p\u0159epo\u010d\u00edt\u00e1v\u00e1n\u00ed zat\u00edm neexistuje.<br>Tak jim uka\u017ete, \u017ee v&nbsp;t\u00e9to zemi vl\u00e1dne \u010desk\u00fd ob\u010dan. Ud\u011blejte jim z&nbsp;voleb<br>zab\u00edja\u010dku. Uka\u017ete jim, kolik lid\u00ed hlasuje pro \u010ceskou republiku.<\/p>\n\n\n\n<p>To bude je\u0161t\u011b p\u0159ed demonstrac\u00ed. Bude to takov\u00e1 gener\u00e1lka. Letos plat\u00ed, \u017ee i&nbsp;<br>ti nejv\u011bt\u0161\u00ed nevoli\u010di musej\u00ed k&nbsp;urn\u00e1m a&nbsp;musej\u00ed to hodit komukoliv mimo<br>st\u00e1vaj\u00edc\u00ed p\u011btikolku. Nepus\u0165te SPOLUkoalici k&nbsp;ni\u010demu. Zlikvidujte jim<br>kari\u00e9ry. Ud\u011blejte jim z&nbsp;jejich pl\u00e1n\u016f a&nbsp;viz\u00ed k\u016flni\u010dku na d\u0159\u00edv\u00ed. Za\u0159i\u010fte, aby<br>si vzpomn\u011bli, kdo tady skute\u010dn\u011b vl\u00e1dne. Sho\u010fte je takov\u00fdm zp\u016fsobem, aby<br>proti tomu d\u00e1vn\u00e9 oran\u017eov\u00e9 tsunami bylo jen slab\u00fd odvar. Kdekoliv se objev\u00ed<br>n\u00e1pis ODS, KDU, TOP, STAN a&nbsp;Pir\u00e1ti, od toho ruce pry\u010d.<\/p>\n\n\n\n<p>Nevoli\u010d\u016f je skoro 40%. Vy dok\u00e1\u017eete zni\u010dit kteroukoliv politickou kari\u00e9ru jen<br>svou p\u0159\u00edtomnost\u00ed u&nbsp;voleb. Tak poj\u010fte a&nbsp;ho\u010fte to komukoliv, kdo nen\u00ed od<br>P\u011btikolky.<\/p>\n\n\n\n<p>A a\u017e bude po&nbsp;volb\u00e1ch, a\u017e budou demoralizovan\u00ed a&nbsp;rozlo\u017een\u00ed, a\u017e na sebe budou<br>k\u0159i\u010det a&nbsp;obvi\u0148ovat se za ten debakl, pak jim znova na demonstraci zahul\u00e1k\u00e1me<br>do oken. Bude n\u00e1s v\u00edc a&nbsp;budeme siln\u011bj\u0161\u00ed. A&nbsp;bu\u010fte si jist\u00ed, \u017ee se z&nbsp;toho<br>poserou.<\/p>\n\n\n\n<p>Uka\u017ete jim, \u017ee n\u00e1s nen\u00ed jen 200 tis\u00edc z&nbsp;V\u00e1clav\u00e1ku. Uka\u017ete jim, \u017ee hodn\u011b<br>star\u0161\u00edch lid\u00ed nemohlo p\u0159ijet, ale cht\u011bli tam b\u00fdt. Uka\u017ete jim, \u017ee hodn\u011b lid\u00ed<br>muselo do pr\u00e1ce, ale cht\u011bli na V\u00e1clav\u00e1ku b\u00fdt. Uka\u017ete jim, \u017ee hodn\u011b lid\u00ed m\u011blo<br>jin\u00e9 starosti, ale v&nbsp;duchu byli s&nbsp;n\u00e1mi. Uka\u017ete jim, \u017ee n\u00e1s nen\u00ed jen 2,5%<br>voli\u010d\u016f. Uka\u017ete jim, \u017ee jsme se semkli i&nbsp;jinak ne\u017e s&nbsp;\u010deskou vlajkou pod<br>kon\u011bm. Volby uk\u00e1\u017e\u00ed, kolik n\u00e1s doopravdy je. Uka\u017ete jim, \u017ee jste nemohli b\u00fdt<br>na V\u00e1clav\u00e1ku, ale do volebn\u00ed m\u00edstnosti dojdete. Ud\u011blejte z&nbsp;leto\u0161n\u00edch<br>komun\u00e1lek volby s&nbsp;nejv\u011bt\u0161\u00ed \u00fa\u010dast\u00ed, kter\u00e9 poh\u0159bily P\u011btikolku.<\/p>\n\n\n\n<p>A \u0161i\u0159te tento \u010dl\u00e1nek. Ud\u011blejte v\u0161e pro to, aby ho v&nbsp;republice \u010detl \u00fapln\u011b<br>ka\u017ed\u00fd. Uka\u017ete, \u017ee m\u00e9\u00e9\u00e9dia k&nbsp;ni\u010demu nepot\u0159ebujeme. \u017de to budeme my, kdo budou<br>motorem budoucnosti a&nbsp;\u017ee si tentokr\u00e1t dohl\u00e9dneme na to, kdo bude u&nbsp;kormidla.<br>Te\u010f za\u010dneme v&nbsp;podpalub\u00ed a&nbsp;zbav\u00edme se v\u0161ech jejich ni\u017e\u0161\u00edch d\u016fstojn\u00edk\u016f.<br>Po\u0161leme je za Fialou, a\u0165 mu to otlu\u010dou o&nbsp;hlavu.<\/p>\n\n\n\n<p>P\u0159edev\u0161\u00edm vy, kluci politick\u00fd, co chcete te\u010f usp\u011bt proti P\u011btikolce, vy byste<br>tento text m\u011bli \u0161\u00ed\u0159it jak stepn\u00ed po\u017e\u00e1r v&nbsp;podstat\u011b povinn\u011b. Pomozte tomu, aby<br>na P\u011btikolku tento text vyskakoval \u00fapln\u011b odev\u0161ad. Uvid\u00edte, \u017ee se jim p\u011bkn\u011b<br>st\u00e1hnou p\u016flky.<\/p>\n\n\n\n<p>Jo a&nbsp;douf\u00e1m, \u017ee nemus\u00edm zd\u016fraz\u0148ovat, abyste nevolili ani sympatizanty dne\u0161n\u00ed<br>vl\u00e1dy a\u0165 kandiduj\u00ed pod jakoukoliv hlavi\u010dkou.<\/p>\n","protected":false},"excerpt":{"rendered":"<p>Pod\u00edvejte se, co u\u017e se stalo \u2013 jednou jsme zahul\u00e1kali \u201evl\u00e1d\u011b do oken\u201c a&nbsp;u\u017ejde zastropovat cenu energi\u00ed. P\u016fl roku to ne\u0161lo, bo minoritn\u00ed akcion\u00e1\u0159i a&nbsp;dal\u0161\u00ed z\u00e1konn\u00e9 d\u016fvody. Jednou zam\u00e1v\u00e1te vlajkami a&nbsp;ejhle, najednou je lid v\u00edcne\u017e akcion\u00e1\u0159. Jestli si n\u011bkdo mysl\u00ed, \u017ee by vl\u00e1da zastropovala ceny i&nbsp;bezdemonstrace, tak a\u0165 se nech\u00e1 vy\u0161et\u0159it.&nbsp;Lid vl\u00e1du vyd\u011bsil k&nbsp;akci. Jen\u017ee &hellip; <a href=\"https:\/\/www.podivinsky.cz\/?p=12494\" class=\"more-link\">Pokra\u010dov\u00e1n\u00ed textu <span class=\"screen-reader-text\">Tak BACHA-jo?<\/span> <span class=\"meta-nav\">&rarr;<\/span><\/a><\/p>\n","protected":false},"author":1,"featured_media":0,"comment_status":"closed","ping_status":"closed","sticky":false,"template":"","format":"standard","meta":{"footnotes":""},"categories":[9],"tags":[],"class_list":["post-12494","post","type-post","status-publish","format-standard","hentry","category-pc"],"_links":{"self":[{"href":"https:\/\/www.podivinsky.cz\/index.php?rest_route=\/wp\/v2\/posts\/12494","targetHints":{"allow":["GET"]}}],"collection":[{"href":"https:\/\/www.podivinsky.cz\/index.php?rest_route=\/wp\/v2\/posts"}],"about":[{"href":"https:\/\/www.podivinsky.cz\/index.php?rest_route=\/wp\/v2\/types\/post"}],"author":[{"embeddable":true,"href":"https:\/\/www.podivinsky.cz\/index.php?rest_route=\/wp\/v2\/users\/1"}],"replies":[{"embeddable":true,"href":"https:\/\/www.podivinsky.cz\/index.php?rest_route=%2Fwp%2Fv2%2Fcomments&post=12494"}],"version-history":[{"count":1,"href":"https:\/\/www.podivinsky.cz\/index.php?rest_route=\/wp\/v2\/posts\/12494\/revisions"}],"predecessor-version":[{"id":12495,"href":"https:\/\/www.podivinsky.cz\/index.php?rest_route=\/wp\/v2\/posts\/12494\/revisions\/12495"}],"wp:attachment":[{"href":"https:\/\/www.podivinsky.cz\/index.php?rest_route=%2Fwp%2Fv2%2Fmedia&parent=12494"}],"wp:term":[{"taxonomy":"category","embeddable":true,"href":"https:\/\/www.podivinsky.cz\/index.php?rest_route=%2Fwp%2Fv2%2Fcategories&post=12494"},{"taxonomy":"post_tag","embeddable":true,"href":"https:\/\/www.podivinsky.cz\/index.php?rest_route=%2Fwp%2Fv2%2Ftags&post=12494"}],"curies":[{"name":"wp","href":"https:\/\/api.w.org\/{rel}","templated":true}]}}