{"id":14077,"date":"2023-01-07T07:06:09","date_gmt":"2023-01-07T06:06:09","guid":{"rendered":"https:\/\/www.podivinsky.cz\/?p=14077"},"modified":"2023-01-07T07:19:02","modified_gmt":"2023-01-07T06:19:02","slug":"pane-skopecku-jako-vzdy-mluvite-hezky","status":"publish","type":"post","link":"https:\/\/www.podivinsky.cz\/?p=14077","title":{"rendered":"Pane Skope\u010dku, jako v\u017edy, mluv\u00edte hezky&#8230;"},"content":{"rendered":"\n<p>&#8230;a skutek utek. Viz odstavec : <\/p>\n\n\n\n<p><strong>Kde je\u0161t\u011b vid\u00edte rezervy, na kter\u00e9 je nutn\u00e9 se zam\u011b\u0159it v roce 2023?<\/strong><\/p>\n\n\n\n<p>Je p\u0159ed n\u00e1mi spousta v\u00fdzev a probl\u00e9m\u016f, kter\u00e9 tu nebyly dlouh\u00e9 roky v\u016fbec \u0159e\u0161eny. <strong>Penzijn\u00ed reforma, udr\u017eitelnost financov\u00e1n\u00ed zdravotnictv\u00ed,<\/strong> kter\u00e9 nab\u00edz\u00ed st\u00e1le lep\u0161\u00ed a dokonalej\u0161\u00ed metody, p\u0159\u00edstroje, l\u00e9ky, ale tak\u00e9 za mnohem v\u011bt\u0161\u00ed pen\u00edze. To je ob\u0159\u00ed \u00fakol, kter\u00fd p\u0159ed n\u00e1mi jako spole\u010dnost\u00ed stoj\u00ed.<em> Zat\u00edm m\u00e1m pocit, \u017ee si ho moc nechceme ani p\u0159ipustit, nato\u017e abychom ho za\u010dali v\u016fbec \u0159e\u0161it. <\/em>O energetice jsme mluvili. <strong>J\u00e1 bych dodal i celkov\u00e9 ze\u0161t\u00edhlen\u00ed st\u00e1tu, odbour\u00e1n\u00ed spousty nepot\u0159ebn\u00fdch agend. <\/strong>V dob\u011b krizov\u00e9 na tyto v\u011bci chyb\u00ed \u010das i energie, ale jen je tla\u010dit p\u0159ed sebou donekone\u010dna nem\u016f\u017eeme.<\/p>\n\n\n\n<p><\/p>\n\n\n\n<p>S t\u00edm se pln\u011b ztoto\u017e\u0148uji, ale vy, d\u00e1vno vy\u010dp\u011bl\u00e1 &#8222;pravice&#8220;,  jste v\u017edy o tom v\u0161em jen kecali, ale nic nikdy pro ze\u0161t\u00edhlen\u00ed st\u00e1tu a vyh\u00e1zen\u00ed zbyte\u010dn\u00fdch buzeruj\u00edc\u00edch \u00fa\u0159edn\u00edk\u016f nic nikdy neud\u011blali, naopak!<\/p>\n\n\n\n<p>Zav\u00e1d\u00edte buzeruj\u00edc\u00ed kraviny, chcete n\u00e1s cenzurovat- dal\u0161\u00ed \u00fa\u0159ady, nech\u00e1te pir\u00e1ty d\u011blat hovadiny p\u0159i zalo\u017een\u00ed op\u011bt pro ve volb\u00e1ch ne\u00fasp\u011b\u0161n\u00e9 spolustran\u00edky ( DIA) a podobn\u011b  (soudruzi Kartouz, Cemper a dal\u0161\u00ed- pr\u00fd neziskovky-chach\u00e1) , vym\u00fd\u0161l\u00edte si boj s jak\u00fdmisi dezinformacemi, kter\u00e9 se za rok uk\u00e1\u017eou, \u017ee to byla nejen pravda, ale p\u0159\u00edmo progn\u00f3zy a pravdy.  V\u00e1m se prost\u011b hod\u00ed, \u017ee p\u0159edchoz\u00ed levicov\u00e9 vl\u00e1dy tu \u0161p\u00ednu ud\u011blali za v\u00e1s a vy u\u017e ji p\u011bkn\u011b nech\u00e1te b\u00fdt,  naopak zat\u00e1p\u00edte pod kotlem probl\u00e9m\u016f, jako jste v tichosti ponechali Kalouskovu povod\u0148ovou (\u010di jak tomu te\u010f \u0159\u00edkaj\u00ed, snad solid\u00e1rn\u00ed- s k\u00fdm proboha!)  da\u0148, kterou jste p\u011bkn\u011b v tichosti ponechali nad\u00e1le, i kdy\u017e jej\u00ed smysl pominul&#8230;Pauperizujete pr\u00e1v\u011b ty, za kter\u00e9 m\u00e1te bojovat- mal\u00e9 a st\u0159edn\u00ed podnikatele!<\/p>\n\n\n\n<p>To jste cel\u00ed vy- huby pln\u00e9 \u017ev\u00e1st\u016f, ale sami jen hrabete pod sebe, platy jste si zv\u00fd\u0161ili o m\u016fj d\u016fchod, nato\u017e o d\u016fchody lid\u00ed, kte\u0159\u00ed jako j\u00e1 to \u0161t\u011bst\u00ed na lep\u0161\u00ed p\u0159\u00edjem nem\u011bli; jo, to se v\u00e1m to \u017evan\u00ed a \u017eije! My ostatn\u00ed mus\u00edme makat i v d\u016fchodu, spousta lid\u00ed se d\u0159e ve dvou a v\u00edce zam\u011bstn\u00e1n\u00edch, aby p\u0159e\u017eili, ale vy si budete v\u00e1let koule nebo stydk\u00e9 pysky n\u011bkde na Bale\u00e1r\u00e1ch, Florid\u011b a podobn\u011b! P\u0159\u00edpadn\u011b z t\u00e9to zni\u010den\u00e9 zem\u011b n\u011bkam trvale zdrhnete  debu\u017e\u00edrovat si z nakraden\u00e9ho z tohoto ji\u017e rozkraden\u00e9ho st\u00e1tu Va\u0161imi vl\u00e1dami do roku 1998! A to Topol\u00e1nkovy vl\u00e1dy&#8230;Ne\u010das?  Sam\u00e9 sliby, jenom chyby&#8230;<\/p>\n\n\n\n<p>To byly pane\u010dku vyrovnan\u00e9 rozpo\u010dty 1993-1998,  kdy\u017e jste m\u011bli co prod\u00e1vat ciz\u00e1k\u016fm za sm\u011b\u0161n\u00e9 ceny, co???<\/p>\n\n\n\n<p>Te\u010f si prachy m\u016f\u017eete tak akor\u00e1t natisknout, a\u0165 je to tu jako ve V\u00fdmarsk\u00e9 republice! Dejte pozor! Nov\u00fd Hitler u\u017e n\u011bkde \u010dek\u00e1! Staliny ji\u017e m\u00e1me &#8211; sta\u010d\u00ed se pod\u00edvat do veden\u00ed obou v\u00e1l\u010d\u00edc\u00edch republik, veden\u00ed EU a USA!<\/p>\n\n\n\n<p><\/p>\n\n\n\n<p>V\u00edce zde:<\/p>\n\n\n\n<p><a href=\"https:\/\/www.parlamentnilisty.cz\/arena\/rozhovory\/Asi-ten-pad-na-usta-bude-muset-byt-jeste-silnejsi-Poslanec-ODS-nahlas-premysli-jak-zastavit-zeleny-Brusel-725223\">https:\/\/www.parlamentnilisty.cz\/arena\/rozhovory\/Asi-ten-pad-na-usta-bude-muset-byt-jeste-silnejsi-Poslanec-ODS-nahlas-premysli-jak-zastavit-zeleny-Brusel-725223<\/a><\/p>\n","protected":false},"excerpt":{"rendered":"<p>&#8230;a skutek utek. Viz odstavec : Kde je\u0161t\u011b vid\u00edte rezervy, na kter\u00e9 je nutn\u00e9 se zam\u011b\u0159it v roce 2023? Je p\u0159ed n\u00e1mi spousta v\u00fdzev a probl\u00e9m\u016f, kter\u00e9 tu nebyly dlouh\u00e9 roky v\u016fbec \u0159e\u0161eny. Penzijn\u00ed reforma, udr\u017eitelnost financov\u00e1n\u00ed zdravotnictv\u00ed, kter\u00e9 nab\u00edz\u00ed st\u00e1le lep\u0161\u00ed a dokonalej\u0161\u00ed metody, p\u0159\u00edstroje, l\u00e9ky, ale tak\u00e9 za mnohem v\u011bt\u0161\u00ed pen\u00edze. To je &hellip; <a href=\"https:\/\/www.podivinsky.cz\/?p=14077\" class=\"more-link\">Pokra\u010dov\u00e1n\u00ed textu <span class=\"screen-reader-text\">Pane Skope\u010dku, jako v\u017edy, mluv\u00edte hezky&#8230;<\/span> <span class=\"meta-nav\">&rarr;<\/span><\/a><\/p>\n","protected":false},"author":1,"featured_media":0,"comment_status":"closed","ping_status":"closed","sticky":false,"template":"","format":"standard","meta":{"footnotes":""},"categories":[8],"tags":[],"class_list":["post-14077","post","type-post","status-publish","format-standard","hentry","category-koment"],"_links":{"self":[{"href":"https:\/\/www.podivinsky.cz\/index.php?rest_route=\/wp\/v2\/posts\/14077","targetHints":{"allow":["GET"]}}],"collection":[{"href":"https:\/\/www.podivinsky.cz\/index.php?rest_route=\/wp\/v2\/posts"}],"about":[{"href":"https:\/\/www.podivinsky.cz\/index.php?rest_route=\/wp\/v2\/types\/post"}],"author":[{"embeddable":true,"href":"https:\/\/www.podivinsky.cz\/index.php?rest_route=\/wp\/v2\/users\/1"}],"replies":[{"embeddable":true,"href":"https:\/\/www.podivinsky.cz\/index.php?rest_route=%2Fwp%2Fv2%2Fcomments&post=14077"}],"version-history":[{"count":8,"href":"https:\/\/www.podivinsky.cz\/index.php?rest_route=\/wp\/v2\/posts\/14077\/revisions"}],"predecessor-version":[{"id":14085,"href":"https:\/\/www.podivinsky.cz\/index.php?rest_route=\/wp\/v2\/posts\/14077\/revisions\/14085"}],"wp:attachment":[{"href":"https:\/\/www.podivinsky.cz\/index.php?rest_route=%2Fwp%2Fv2%2Fmedia&parent=14077"}],"wp:term":[{"taxonomy":"category","embeddable":true,"href":"https:\/\/www.podivinsky.cz\/index.php?rest_route=%2Fwp%2Fv2%2Fcategories&post=14077"},{"taxonomy":"post_tag","embeddable":true,"href":"https:\/\/www.podivinsky.cz\/index.php?rest_route=%2Fwp%2Fv2%2Ftags&post=14077"}],"curies":[{"name":"wp","href":"https:\/\/api.w.org\/{rel}","templated":true}]}}