{"id":23863,"date":"2026-04-26T07:29:00","date_gmt":"2026-04-26T06:29:00","guid":{"rendered":"https:\/\/www.podivinsky.cz\/?p=23863"},"modified":"2026-04-26T07:37:03","modified_gmt":"2026-04-26T06:37:03","slug":"vlado-zamysli-se","status":"publish","type":"post","link":"https:\/\/www.podivinsky.cz\/?p=23863","title":{"rendered":"Vl\u00e1do, zamysli se!"},"content":{"rendered":"\n<p><a href=\"https:\/\/www.institutvk.cz\/clanky\/3387.html\">https:\/\/www.institutvk.cz\/clanky\/3387.html<\/a><\/p>\n\n\n\n<h1 class=\"wp-block-heading\">Sjezd landsman\u0161aftu organizuj\u00ed \u010ce\u0161i slou\u017e\u00edc\u00ed N\u011bmecku. Nem\u00e1te vlastence, zato zr\u00e1dce prezidenta. Ma\u0161\u00edn br\u00e1n\u00ed odboj<\/h1>\n\n\n\n<p>26.04.2026 7:02 | Rozhovor<\/p>\n\n\n\n<p><em>autor:&nbsp;<a href=\"https:\/\/www.parlamentnilisty.cz\/redakce\/redakce\/\"><strong>Jan Rychetsk\u00fd<\/strong><\/a><\/em><\/p>\n\n\n\n<p><strong>\u201ePetr Pavel nerozli\u0161uje \u010desk\u00fd odboj a tr\u00fdznitele hitlerovsk\u00e9ho N\u011bmecka. Pro n\u011bj je \u010desk\u00fd odboj srovnateln\u00fd s eses\u00e1ky. Kdy\u017e hovo\u0159\u00ed o odpov\u011bdnosti, kdy p\u0159ijme odpov\u011bdnost za sv\u00e9 \u010dlenstv\u00ed v komunistick\u00e9 organizaci s c\u00edlem zni\u010dit z\u00e1padn\u00ed demokracie,\u201c \u0159\u00edk\u00e1 pro Parlamentn\u00edListy.cz posledn\u00ed \u017eij\u00edc\u00ed z protikomunistick\u00e9 odbojov\u00e9 skupiny brat\u0159\u00ed Ma\u0161\u00edn\u016f Josef. Tentokr\u00e1t jsme probrali bl\u00ed\u017e\u00edc\u00ed se sjezd sudeton\u011bmeck\u00e9ho landsman\u0161aftu v Brn\u011b. U\u017e se toti\u017e zapom\u00edn\u00e1, \u017ee brat\u0159i Ma\u0161\u00ednov\u00e9 obdr\u017eeli i za odbojovou \u010dinnost v dob\u011b nacistick\u00e9 okupace od prezidenta Edvarda Bene\u0161e medaili Za chrabrost.<\/strong><\/p>\n\n\n\n<figure class=\"wp-block-image\"><img decoding=\"async\" src=\"https:\/\/cms.parlamentnilisty.cz\/image.ashx?w=632&amp;h=307&amp;f=thumbnail_639126592001506018.jpg&amp;id=201439\" alt=\"Sjezd landsman\u0161aftu organizuj\u00ed \u010ce\u0161i slou\u017e\u00edc\u00ed N\u011bmecku. Nem\u00e1te vlastence, zato zr\u00e1dce prezidenta. Ma\u0161\u00edn br\u00e1n\u00ed odboj \"\/><figcaption class=\"wp-element-caption\"><small>Foto:&nbsp;<strong>Vojt\u011bch Proch\u00e1zka<\/strong><br>Popisek:&nbsp;<strong>Josef Ma\u0161\u00edn v Kalifornii<\/strong><\/small><\/figcaption><\/figure>\n\n\n\n<p><\/p>\n\n\n\n<p><strong>Co si mysl\u00edte o pov\u00e1le\u010dn\u00e9m odsunu sudetsk\u00fdch N\u011bmc\u016f?<\/strong><\/p>\n\n\n\n<p>Odsun sudetsk\u00fdch N\u011bmc\u016f byl ur\u010den Postupimskou dohodou z 2. srpna 1945, podle n\u00ed\u017e m\u011blo b\u00fdt n\u011bmeck\u00e9 obyvatelstvo z \u010ceskoslovenska, Polska a Ma\u010farska odsunuto do N\u011bmecka. \u0160lo o rozhodnut\u00ed v\u00edt\u011bzn\u00fdch mocnost\u00ed druh\u00e9 sv\u011btov\u00e9 v\u00e1lky. \u010ce\u0161i u tohoto rozhodov\u00e1n\u00ed nebyli.<\/p>\n\n\n\n<p>V r\u00e1mci prvn\u00ed republiky N\u011bmci utla\u010dov\u00e1ni nebyli. Na\u0161e hospodyn\u011b poch\u00e1zej\u00edc\u00ed ze Sudet byla N\u011bmka M\u00e1\u0148a Neubauerov\u00e1. Chodila do \u0161koly, kde mluvila jenom n\u011bmecky. Hor\u0161\u00ed v\u011bci d\u011bl\u00e1 Zelensk\u00fd rusky mluv\u00edc\u00edm Ukrajinc\u016fm, on jim zakazuje mluvit rusky. Maj\u00ed tam stann\u00e9 pr\u00e1vo. Donsk\u00fd koz\u00e1k a jeho kamar\u00e1d, kter\u00fdm jsme s na\u0161\u00ed maminkou a bratrem pomohli uprchnout ze zajateck\u00e9ho n\u011bmeck\u00e9ho transportu a n\u00e1sledn\u011b jsme jednoho z nich u n\u00e1s ukr\u00fdvali, mluvili t\u00e9\u017e rusky.<\/p>\n\n\n\n<figure class=\"wp-block-image\"><img decoding=\"async\" src=\"https:\/\/cms.parlamentnilisty.cz\/image.ashx?id=134371&amp;f=sWWLa0i_636682272776988516.jpg&amp;w=632&amp;h=307\" alt=\"\"\/><\/figure>\n\n\n\n<p>V roce 1938 Henleinovci p\u0159epadali policejn\u00ed stanice, \u010deskoslovensk\u00e9 \u00fa\u0159ady a \u00fato\u010dili na bezpe\u010dnostn\u00ed slo\u017eky. N\u00e1\u0161 otec s prvn\u00edm d\u011blost\u0159eleck\u00fdm plukem z Ruzyn\u011b byl b\u011bhem mobilizace nasazen v Jihlav\u011b. Po sv\u00e9m n\u00e1vratu mluvil o dvou Sude\u0165\u00e1c\u00edch, kte\u0159\u00ed shroma\u017e\u010fovali v\u00fdbu\u0161niny k \u00fatoku na \u010deskoslovensk\u00e9 jednotky. Vypr\u00e1v\u011bl, \u017ee N\u011bmci byli vysl\u00fdch\u00e1ni, aby sd\u011blili sv\u00e1 dal\u0161\u00ed spojen\u00ed a kam byly v\u00fdbu\u0161niny d\u00e1ny. Po zabr\u00e1n\u00ed pohrani\u010d\u00ed N\u011bmeckem pak devades\u00e1t procent Sude\u0165\u00e1k\u016f v\u00edtalo p\u0159\u00edchod Hitlera nad\u0161en\u00fdmi demonstracemi. M\u016f\u017eete to vid\u011bt na dobov\u00fdch fotografi\u00edch. Odsun byl napln\u011bn\u00edm jejich p\u0159\u00e1n\u00ed \u201eHeim ins Reich!\u201c<\/p>\n\n\n\n<p>\u017dil jsem v N\u011bmecku osmn\u00e1ct let a nepoznal \u017e\u00e1dn\u00e9ho sudetsk\u00e9ho N\u011bmce (a znal jsem jich dost), kter\u00fd by si st\u011b\u017eoval, \u017ee musel odej\u00edt z \u010ceskoslovenska. Sudet\u0161t\u00ed N\u011bmci dost\u00e1vali podporu (die Wiedergutmachung) od z\u00e1padn\u00edho N\u011bmecka. V\u0161ichni sudet\u0161t\u00ed N\u011bmci, kter\u00e9 jsem znal, byli r\u00e1di, \u017ee jsou v z\u00e1padn\u00edm N\u011bmecku. Ti, kte\u0159\u00ed nebyli z \u010ceskoslovenska v roce 1945 odsunuti, se pozd\u011bji sami sna\u017eili a\u017e do roku 1989 dostat do z\u00e1padn\u00edho N\u011bmecka, kde na n\u011b \u010dekalo \u201eWiedergutmachung\u201c. B\u011bhem osmn\u00e1cti let, kter\u00e9 jsem str\u00e1vil v N\u011bmecku, jsem \u017e\u00e1dn\u00fd revizionistick\u00fd \u00famysl v kruhu m\u00fdch zn\u00e1m\u00fdch a p\u0159\u00e1tel nikdy nezaznamenal.<\/p>\n\n\n\n<figure class=\"wp-block-image\"><img decoding=\"async\" src=\"https:\/\/cms.parlamentnilisty.cz\/image.ashx?id=166081&amp;f=IMG_0590_637783719492620040.jpg&amp;w=632&amp;h=307\" alt=\"\"\/><\/figure>\n\n\n\n<p><strong>Dostal jste vyznamen\u00e1n\u00ed od prezidenta Edvarda Bene\u0161e, co si mysl\u00edte o Bene\u0161ov\u00fdch dekretech?<\/strong><\/p>\n\n\n\n<p>Vyznamen\u00e1n\u00ed jsme moje maminka, m\u016fj bratr a j\u00e1 dostali v roce 1946 za na\u0161i protin\u011bmeckou odbojovou \u010dinnost. Bene\u0161ov\u00fdch dekret\u016f je 143. V\u011bt\u0161ina Bene\u0161ov\u00fdch dekret\u016f sm\u011b\u0159ovala k obnov\u011b st\u00e1tu po druh\u00e9 sv\u011btov\u00e9 v\u00e1lce. Nesouhlas\u00edm s uspo\u0159\u00e1d\u00e1n\u00edm ekonomiky, kdy byla pos\u00edlena role st\u00e1tu na \u00fakor soukrom\u00e9ho vlastnictv\u00ed. Do\u0161lo ke zn\u00e1rodn\u011bn\u00ed bank a podnik\u016f.<\/p>\n\n\n\n<p>S odsunem sudetsk\u00fdch N\u011bmc\u016f souvis\u00ed dekrety t\u00fdkaj\u00edc\u00ed se ob\u010danstv\u00ed a zabaven\u00ed majetku sudetsk\u00fdch N\u011bmc\u016f. Tyto dekrety nelze zpochybnit, a\u010dkoli se o to v minulosti ob\u010das n\u011bkdo sna\u017eil. Ve vl\u00e1d\u011b Konrada Adenauera p\u016fsobil jako ministr Hans-Christoph Seebohm, mluv\u010d\u00ed sudeton\u011bmeck\u00e9ho landsman\u0161aftu, kter\u00fd byl p\u0159esv\u011bd\u010den, \u017ee N\u011bmecko by si m\u011blo n\u00e1rokovat \u00fazem\u00ed a majetky b\u00fdval\u00fdch Sudet. Toto p\u0159esv\u011bd\u010den\u00ed v\u0161ak nebylo v souladu s tehdej\u0161\u00ed politickou lini\u00ed Konrada Adenauera.<\/p>\n\n\n\n<figure class=\"wp-block-image\"><img decoding=\"async\" src=\"https:\/\/cms.parlamentnilisty.cz\/image.ashx?id=166082&amp;f=IMG_0591_637783719771301225.jpg&amp;w=632&amp;h=307\" alt=\"\"\/><\/figure>\n\n\n\n<p>\u010cetl jsem sou\u010dasn\u00e9 stanovy a zpr\u00e1vy o \u010dinnosti sudeton\u011bmeck\u00e9ho landsman\u0161aftu a nevid\u00edm na nich nic \u0161patn\u00e9ho. Kladou d\u016fraz na sm\u00ed\u0159en\u00ed s \u010cechy, spolupr\u00e1ci a zachov\u00e1n\u00ed pam\u011bti. S t\u00edm \u017e\u00e1dn\u00fd probl\u00e9m nem\u00e1m. Snahy o n\u011bjak\u00e9 od\u0161kodn\u011bn\u00ed pro sudetsk\u00e9 N\u011bmce projevuje pouze p\u00e1r jedinc\u016f i v \u010cech\u00e1ch, kte\u0159\u00ed se sna\u017e\u00ed z mn\u011b nezn\u00e1m\u00e9ho d\u016fvodu N\u011bmc\u016fm zal\u00edbit. S t\u00edm za\u010dal V\u00e1clav Havel, kter\u00fd se omlouval N\u011bmc\u016fm, \u010demu\u017e se nediv\u00edm, proto\u017ee mus\u00edme vz\u00edt v potaz jeho minulost a historii jeho rodiny. V Koleji Ji\u0159\u00edho z Pod\u011bbrad (St\u0159edn\u00ed \u0161kola v Pod\u011bbradech, kam chodili V\u00e1clav Havel, Milo\u0161 Forman, ale i brat\u0159i Ma\u0161\u00ednov\u00e9. Poz. Red.) se v\u011bd\u011blo, \u017ee poch\u00e1zel z rodiny kolaborant\u016f a tak\u00e9 v roce 1948 byl jedn\u00edm z prvn\u00edch, kter\u00fd chodil v Pod\u011bbradech v modr\u00e9 svaz\u00e1ck\u00e9 ko\u0161ili.<\/p>\n\n\n\n<p>Bene\u0161ovy dekrety jsou minulost\u00ed. Co by dnes sudet\u0161t\u00ed N\u011bmci cht\u011bli za n\u00e1hrady? \u010ce\u0161i vyhnan\u00ed ze Sudet \u017e\u00e1dn\u00e9 od\u0161kodn\u011bn\u00ed nedostali. Kdo n\u00e1m nahrad\u00ed \u017eivot na\u0161eho tat\u00ednka? Tolik pen\u011bz v N\u011bmecku nikdo ani nem\u00e1, nakolik si ho j\u00e1 cen\u00edm, aby ho zaplatili. Kolik \u010cech\u016f bylo za v\u00e1lky rozpoutan\u00e9 N\u011bmci umu\u010deno v koncentra\u010dn\u00edch t\u00e1borech, zast\u0159eleno, pov\u011b\u0161eno a zavra\u017ed\u011bno? Ke konci v\u00e1lky i N\u011bmci sami vra\u017edili N\u011bmce v \u010cech\u00e1ch (Feldgendarmerie vra\u017edila bez soudu dezert\u00e9ry, kter\u00fdch bylo hodn\u011b, tak\u017ee ne v\u0161ichni jdou na vrub gardist\u016fm).<\/p>\n\n\n\n<p>Hor\u0161\u00ed je to s kontinuitou z\u00e1kon\u016f z doby komunismu, kter\u00e9 ovliv\u0148uj\u00ed v\u00e1\u0161 \u017eivot dodnes. Za tuto kontinuitu vd\u011b\u010d\u00edte op\u011bt V\u00e1clavu Havlovi. \u010ce\u0161i, kte\u0159\u00ed ode\u0161li za komunist\u016f, nemohou dostat sv\u00e9 majetky, pokud nemaj\u00ed \u010desk\u00e9 ob\u010danstv\u00ed.<\/p>\n\n\n\n<figure class=\"wp-block-image\"><img decoding=\"async\" src=\"https:\/\/cms.parlamentnilisty.cz\/image.ashx?id=171637&amp;f=27_637936795468152119.JPG&amp;w=632&amp;h=307\" alt=\"\"\/><\/figure>\n\n\n\n<p><strong>V r\u00e1mci festivalu Meeting Brno se bude konat sjezd sudeton\u011bmeck\u00e9ho landsman\u0161aftu a bude organizov\u00e1na Pou\u0165 sm\u00ed\u0159en\u00ed. Co vy na to?<\/strong><\/p>\n\n\n\n<p>Kdo to organizuje? Kdo to hecuje? Za to bych N\u011bmc\u016fm samotn\u00fdm vinu ned\u00e1val, d\u00e1val bych vinu organiz\u00e1tor\u016fm, kte\u0159\u00ed po\u0159\u00e1d toto t\u00e9ma o\u017eivuj\u00ed a p\u0159ipom\u00ednaj\u00ed pochod n\u011bmecky mluv\u00edc\u00edch obyvatel. Kolik lid\u00ed bylo popraveno v Kobylis\u00edch? V Mauthausenu? Konaj\u00ed se tam n\u011bjak\u00e9 pochody? Nev\u00edm o tom, \u017ee by tam N\u011bmci ka\u017ed\u00fd rok organizovali n\u011bjak\u00e9 setk\u00e1n\u00ed. V Brn\u011b to organizuj\u00ed \u010ce\u0161i. Pro\u010d to d\u011blaj\u00ed? Oddan\u011b slou\u017e\u00ed N\u011bmecku. \u010cesko se stalo slouhou Evropsk\u00e9 unie, jej\u00ed\u017e hlavou je N\u011bmecko. \u010cesko a Slovensko se staly novodob\u00fdmi protektor\u00e1ty na hospod\u00e1\u0159sk\u00e9m poli. Dopustily rozpad \u010ceskoslovenska a jsou pouze vazaly a montovnou Evropsk\u00e9 unie. Ztratily n\u00e1rodn\u00ed identitu. Dnes v \u010cesk\u00e9 republice nevid\u00edm \u017e\u00e1dn\u00e9 vlastence. V\u0161echny zem\u011b maj\u00ed svou vlastn\u00ed historii a svou vlastn\u00ed \u0159e\u010d. EU by m\u011bla smysl pouze jako hospod\u00e1\u0159sk\u00e1 unie.<\/p>\n\n\n\n<p><strong>Jak vid\u00edte v\u00fdvoj Evropsk\u00e9 unie?<\/strong><\/p>\n\n\n\n<p>Ne v\u0161echny zem\u011b maj\u00ed stejnou produktivitu. V EU, kter\u00e1 by m\u011bla smysl jako hospod\u00e1\u0159sk\u00e1 unie, by se jednotliv\u00e9 zem\u011b musely k sob\u011b postavit i jako konkurenti, \u010deho\u017e dne\u0161n\u00ed \u010cesk\u00e1 republika nen\u00ed schopn\u00e1. Lid\u00e9 necht\u011bj\u00ed pracovat, rodi\u010dovsk\u00e1 dovolen\u00e1 je nejdel\u0161\u00ed v cel\u00e9 EU, m\u00e1te rozvinut\u00fd soci\u00e1ln\u00ed syst\u00e9m, kter\u00fd se u\u017e dlouho ned\u00e1 udr\u017eet. P\u0159edchoz\u00ed premi\u00e9r Petr Fiala sliboval stejn\u00e9 platy jako v N\u011bmecku. To je naprost\u00fd nesmysl. Platy by se mohly srovnat jen tehdy, pokud by produktivita byla stejn\u00e1 jako v N\u011bmecku. U\u017e i N\u011bmci vid\u00ed, \u017ee to s Evropskou uni\u00ed takto nejde d\u00e1l. I Mario Draghi si v\u0161iml, \u017ee v\u00e1s technologie dr\u017e\u00ed na \u00farovni druh\u00e9ho sv\u011bta. \u0160pi\u010dkov\u00e1 technologie se nach\u00e1z\u00ed pouze v Americe.<\/p>\n\n\n\n<p><strong>Co \u0159\u00edk\u00e1te na to, \u017ee prezident Petr Pavel mluv\u00ed o my\u0161lence Spojen\u00fdch st\u00e1t\u016f evropsk\u00fdch?<\/strong><\/p>\n\n\n\n<figure class=\"wp-block-image\"><img decoding=\"async\" src=\"https:\/\/cms.parlamentnilisty.cz\/image.ashx?id=178833&amp;f=1_638168732917677004.JPG&amp;w=632&amp;h=307\" alt=\"\"\/><\/figure>\n\n\n\n<p>V tom smyslu je to zrada na prvn\u00edm, druh\u00e9m a t\u0159et\u00edm odboji a zrada na v\u0161ech vlastenc\u00edch a ukazuje to bezcharakternost pana prezidenta, kter\u00fd nezn\u00e1 loajalitu, \u010dest a vlastenectv\u00ed. Nejprve komunista, pak si svou minulost \u201eodpracoval\u201c na bezv\u00fdznamn\u00e9 pozici v NATO, dnes d\u011bl\u00e1 pro EU, kde zrazuje v\u0161echny, kte\u0159\u00ed padli za svobodu, demokracii a nez\u00e1vislost \u010cesk\u00e9 republiky. Byl jsem zhrozen, kdy\u017e jsem \u010detl \u0159e\u010d Petra Pavla p\u0159i tryzn\u011b 21. kv\u011btna 2023 v Pam\u00e1tn\u00edku Terez\u00edn: \u201eTato unik\u00e1tn\u00ed pevnost, po cel\u00e9 Evrop\u011b zn\u00e1m\u00e1 jako jeden z vrchol\u016f vojensk\u00e9ho in\u017een\u00fdrstv\u00ed, se nakonec stala symbolem toho nejhor\u0161\u00edho, \u010deho je \u010dlov\u011bk schopen. Odpov\u011bdnost za zlo\u010diny, kter\u00e9 p\u00e1chali na\u0161i p\u0159edkov\u00e9, mus\u00edme p\u0159ijmout a pou\u010dit se z nich.\u201c Petr Pavel nerozli\u0161uje \u010desk\u00fd odboj a tr\u00fdznitele hitlerovsk\u00e9ho N\u011bmecka. Pro n\u011bj je \u010desk\u00fd odboj srovnateln\u00fd s eses\u00e1ky. Kdy\u017e hovo\u0159\u00ed o odpov\u011bdnosti, kdy p\u0159ijme odpov\u011bdnost za sv\u00e9 \u010dlenstv\u00ed v komunistick\u00e9 organizaci s c\u00edlem zni\u010dit z\u00e1padn\u00ed demokracie, kter\u00e9 je ji\u017e samo o sob\u011b n\u00e1pomoc\u00ed ke zlo\u010dinu?<\/p>\n\n\n\n<h1 class=\"wp-block-heading\">Kone\u010dn\u00e1: Radila bych Andreji Babi\u0161ovi, aby kone\u010dn\u011b ve\u0159ejn\u011b odsoudil sjezd sude\u0165\u00e1k\u016f<\/h1>\n\n\n\n<p>25.04.2026 15:16 | Rozhovor<\/p>\n\n\n\n<p><em>autor:&nbsp;<a href=\"https:\/\/www.parlamentnilisty.cz\/redakce\/redakce\/\"><strong>David Hora<\/strong><\/a><\/em><\/p>\n\n\n\n<p><strong>\u201eV\u011bt\u0161ina lid\u00ed, kte\u0159\u00ed chod\u00ed ka\u017ed\u00fd den do pr\u00e1ce, si ze sv\u00e9 mzdy nedok\u00e1\u017ee zajistit d\u016fstojn\u00fd \u017eivot. Tohle je selh\u00e1n\u00ed syst\u00e9mu,\u201c \u0159\u00edk\u00e1 europoslankyn\u011b Kate\u0159ina Kone\u010dn\u00e1. Dostala se i k situace v Hormuzsk\u00e9m pr\u016flivu a zd\u016fraznila dopady na zem\u011b EU. P\u0159edsedovi Sen\u00e1tu ohledn\u011b diskutovan\u00e9 cesty na Tchaj-wan vzk\u00e1zala, \u201e\u017ee by se m\u011bl nau\u010dit po\u010d\u00edtat\u201c. Do\u0161lo i na Ma\u010farsko a v\u00fdsledky voleb v Bulharsku. Na z\u00e1v\u011br pak nechyb\u00ed ani vzkaz pro Andreje Babi\u0161e.<\/strong><\/p>\n\n\n\n<figure class=\"wp-block-image\"><img decoding=\"async\" src=\"https:\/\/cms.parlamentnilisty.cz\/image.ashx?w=632&amp;h=307&amp;f=HNS_7441_638886947504671592.JPG&amp;id=196635\" alt=\"Kone\u010dn\u00e1: Radila bych Andreji Babi\u0161ovi, aby kone\u010dn\u011b ve\u0159ejn\u011b odsoudil sjezd sude\u0165\u00e1k\u016f\"\/><figcaption class=\"wp-element-caption\"><small>Foto:&nbsp;<strong>Hans \u0160tembera<\/strong><br>Popisek:&nbsp;<strong>TK hnut\u00ed Sta\u010dilo!, KS\u010cM, \u010cSNS, SD-SN a SOCDEM k podpisu memoranda o spolupr\u00e1ci pro leto\u0161n\u00ed volby do Poslaneck\u00e9 sn\u011bmovny<\/strong><\/small><\/figcaption><\/figure>\n\n\n\n<p><\/p>\n\n\n\n<p><strong>\u201ePro\u010d jsme neust\u00e1le chudou koloni\u00ed ve srovn\u00e1n\u00ed se Z\u00e1padem?\u201c Toto bylo tento t\u00fdden jedno z t\u00e9mat po\u0159adu neKone\u010dn\u00e1 \u017eiv\u011b. Pro\u010d tedy, podle V\u00e1s?<\/strong><\/p>\n\n\n\n<p>T\u011bch d\u016fvod\u016f je n\u011bkolik. V prvn\u00ed \u0159ad\u011b je to fakt, \u017ee \u010d\u00e1st strategick\u00fdch odv\u011btv\u00ed i podnik\u016f p\u0159edaly polistopadov\u00e9 vl\u00e1dy do zahrani\u010dn\u00edch rukou. A tyto zem\u011b \u2013 respektive jejich firmy \u2013 si z n\u00e1s ud\u011blaly oby\u010dejnou kasi\u010dku, co\u017e je vid\u011bt t\u0159eba u \u0159et\u011bzc\u016f super a hypermarket\u016f, kter\u00e9 u n\u00e1s maj\u00ed vy\u0161\u0161\u00ed mar\u017ee ne\u017e ve sv\u00fdch domovsk\u00fdch zem\u00edch. O dvoj\u00ed kvalit\u011b potravin ani nemluv\u011b.<\/p>\n\n\n\n<p>Ale naprosto z\u00e1sadn\u00ed je \u00farove\u0148 mezd, kde na\u0161i z\u00e1padn\u00ed soused\u00e9 st\u00e1le vyd\u011bl\u00e1vaj\u00ed v pr\u016fm\u011bru v\u00edce ne\u017e dvakr\u00e1t tolik. Minim\u00e1ln\u00ed mzda je p\u0159i sou\u010dasn\u00fdch cen\u00e1ch k ne\u017eit\u00ed. Proto odborn\u00edci u\u017e n\u011bkolik let operuj\u00ed s term\u00ednem d\u016fstojn\u00e1 mzda. A ta by v \u010cR m\u011bla b\u00fdt minim\u00e1ln\u011b 48 336 korun hrub\u00e9ho.<\/p>\n\n\n\n<p>Na tuto \u010d\u00e1stku ale nedos\u00e1hnou t\u00e9m\u011b\u0159 dv\u011b t\u0159etiny pracuj\u00edc\u00edch. Jin\u00fdmi slovy \u2013 v\u011bt\u0161ina lid\u00ed, kte\u0159\u00ed chod\u00ed ka\u017ed\u00fd den do pr\u00e1ce, si ze sv\u00e9 mzdy nedok\u00e1\u017ee zajistit d\u016fstojn\u00fd \u017eivot. Tohle nen\u00ed selh\u00e1n\u00ed jednotlivc\u016f. Tohle je selh\u00e1n\u00ed syst\u00e9mu. M\u00e1me ekonomiku, kde ani pr\u00e1ce na pln\u00fd \u00favazek nezaru\u010duje d\u016fstojn\u00fd \u017eivot. A z\u00e1rove\u0148 plat\u00ed, \u017ee o tom, jak se kdo m\u00e1, \u010d\u00edm d\u00e1l v\u00edc nerozhoduje pr\u00e1ce \u2013 ale majetek. Krize d\u016fstojn\u00e9 mzdy tak nen\u00ed jen o v\u00fdd\u011blc\u00edch. Je to p\u0159edev\u0161\u00edm krize bydlen\u00ed a majetkov\u00e9 nerovnosti. Pr\u00e1ce p\u0159est\u00e1v\u00e1 b\u00fdt cestou k d\u016fstojn\u00e9mu \u017eivotu. A to je z\u00e1sadn\u00ed probl\u00e9m pro celou spole\u010dnost.<\/p>\n\n\n\n<p><strong>Mluvila jste i o dal\u0161\u00edch dopadech uzav\u0159en\u00ed Hormuzsk\u00e9ho pr\u016flivu. Co v tomto sm\u011bru o\u010dek\u00e1vat v dal\u0161\u00edch t\u00fddnech?<\/strong><\/p>\n\n\n\n<p>Podle ve\u0159ejn\u011b dostupn\u00fdch informac\u00ed jedn\u00e1n\u00ed mezi USA a \u00cdr\u00e1nem prob\u00edhaj\u00ed, ale jak je pro sou\u010dasnou americkou administrativu typick\u00e9, tak dost chaotick\u00fdm zp\u016fsobem. Zaznamenala jsem i zpr\u00e1vy, \u017ee americk\u00fd viceprezident J. D. Vance byl pr\u00fd jako hlavn\u00ed vyjednava\u010d sta\u017een. V sou\u010dasnosti funguje velmi k\u0159ehk\u00e9 \u010dasov\u011b omezen\u00e9 p\u0159\u00edm\u011b\u0159\u00ed, ale Hormuzsk\u00fd pr\u016fliv z\u016fst\u00e1v\u00e1 efektivn\u011b uzav\u0159en a nen\u00ed jist\u00e9, kdy by se mohl otev\u0159\u00edt.<\/p>\n\n\n\n<p>Je t\u0159eba zd\u016fraznit, \u017ee uzav\u0159en\u00ed pr\u016flivu m\u00e1 v\u00fdrazn\u011b z\u00e1va\u017en\u011bj\u0161\u00ed dopady na zem\u011b EU ne\u017e na Spojen\u00e9 st\u00e1ty a Izrael, kter\u00e9 situaci vyvolaly \u00fatokem na \u00cdr\u00e1n.<\/p>\n\n\n\n<figure class=\"wp-block-image\"><a href=\"https:\/\/www.parlamentnilisty.cz\/profily\/profil.aspx?id=177\"><img decoding=\"async\" src=\"https:\/\/www.parlamentnilisty.cz\/profily-sprava\/user-data\/7F7E0950\/image\/186589-MSK_4252_profil_top.jpg\" alt=\"\"\/><\/a><\/figure>\n\n\n\n<h2 class=\"wp-block-heading\"><a href=\"https:\/\/www.parlamentnilisty.cz\/profily\/profil.aspx?id=177\">Ing. Kate\u0159ina Kone\u010dn\u00e1<\/a><\/h2>\n\n\n\n<ul class=\"wp-block-list\">\n<li>KS\u010cM<\/li>\n\n\n\n<li>Jsem poslankyn\u011b &#8211; d\u00edky V\u00e1m, pro V\u00e1s, s V\u00e1mi<\/li>\n\n\n\n<li>europoslankyn\u011b<\/li>\n<\/ul>\n\n\n\n<p><strong>Co dal\u0161\u00edho s V\u00e1mi cht\u011bli lid\u00e9 v r\u00e1mci Va\u0161eho po\u0159adu tentokr\u00e1t prob\u00edrat?<\/strong><\/p>\n\n\n\n<p>Padala cel\u00e1 \u0159ada dotaz\u016f a ty, na kter\u00e9 se nedostalo, bude prostor zodpov\u011bd\u011bt zase dal\u0161\u00ed \u00fater\u00fd v 19:00 hod. na m\u00e9m Facebooku. Ale jinak se u\u017eivatel\u00e9 Facebooku ptali, kde je mo\u017en\u00e9 se setkat. Tak jsem byla r\u00e1da, \u017ee jsem jim mohla \u0159\u00edct, \u017ee u\u017e 11. kv\u011btna se potk\u00e1me v Host\u011bradic\u00edch na Znojemsku. Lid\u00e9 se mohou t\u011b\u0161it na Petru R\u00e9dovou nebo na herce a dab\u00e9ra Michala Guly\u00e1\u0161e. Ve st\u0159edu 13. kv\u011btna pak zav\u00edt\u00e1me do Litom\u011b\u0159ic, kam za n\u00e1mi p\u0159ijede i skv\u011bl\u00e1 here\u010dka Jarka Obermaierov\u00e1. N\u00e1sledovat pak budou dal\u0161\u00ed m\u00edsta.<\/p>\n\n\n\n<p><strong>Velkou diskuzi vyvolala zpr\u00e1va, \u017ee p\u0159edseda Sen\u00e1tu Vystr\u010dil nebude m\u00edt pro misi na Tchaj-wan k dispozici vl\u00e1dn\u00ed letoun. Na vl\u00e1du se kv\u016fli tomu snesla z n\u011bkter\u00fdch m\u00edst kritika. Milo\u0161 Vystr\u010dil dokonce mluvil o bodnut\u00ed no\u017ee do zad podnikatel\u016fm a z\u00e1stupc\u016fm v\u011bdy, v\u00fdzkumu a kultury, kte\u0159\u00ed m\u011bli spolu se sen\u00e1tory misi podniknout. Rozhodla se vl\u00e1da spr\u00e1vn\u011b?<\/strong><\/p>\n\n\n\n<p>Rozhodla. Pan Vystr\u010dil by se m\u011bl nau\u010dit po\u010d\u00edtat. Co je v\u011bt\u0161\u00ed trh \u2013 \u010c\u00edna s 1,4 miliardou obyvatel anebo dvacetimilionov\u00fd Tchaj-wan? Doopravdy si otev\u0159en\u00e1 exportn\u00ed ekonomika, jako jsme my, m\u016f\u017ee dovolit zbyte\u010dnou provokac\u00ed po\u0161tvat druhou nejv\u011bt\u0161\u00ed ekonomiku sv\u011bta? Nehled\u011b na to, \u017ee opakovan\u00e9 cesty pravicov\u00fdch politik\u016f Tchaj-wan Tchajwan \u017e\u00e1dn\u00e9 z\u00e1zra\u010dn\u00e9 investice nep\u0159inesly. Mark\u00e9ta Pekarov\u00e1 Adamov\u00e1 v minulosti slibovala v\u00fdstavbu tov\u00e1rny na \u010dipy na na\u0161em \u00fazem\u00ed, aby zm\u00edn\u011bn\u00e1 tov\u00e1rna nakonec vznikla v N\u011bmecku. Jedin\u00fd v\u00fdsledek jej\u00ed st\u00e1tem hrazen\u00e9 cesty Tchaj-wan Tchajwan pak bylo, \u017ee po sv\u00e9m odchodu z politiky m\u011bla Tchaj-wanu Tchajwanu pot\u0159ebn\u00e9 kontakty a know-how, aby se mohla pak st\u00e1t lobbistkou pr\u00e1v\u011b se zam\u011b\u0159en\u00edm na tchajwansk\u00e9 firmy \u2013 mo\u017en\u00e1 si Vystr\u010dil po nevyhnuteln\u00e9m konci sv\u00e9 politick\u00e9 kari\u00e9ry pro sebe pl\u00e1nuje za\u0159\u00eddit podobn\u00e9 pohodln\u00e9 \u017eivobyt\u00ed.<\/p>\n\n\n\n<h2 class=\"wp-block-heading\">Psali jsme:<\/h2>\n\n\n\n<ul class=\"wp-block-list\">\n<li><a href=\"https:\/\/www.parlamentnilisty.cz\/arena\/monitor\/Pekarova-ma-dostat-1-5-milionu-Kc-Vzdejte-se-toho-zni-778312\">Pekarov\u00e1 m\u00e1 dostat 1,5 milionu K\u010d. \u201eVzdejte se toho,\u201c zn\u00ed<\/a><\/li>\n\n\n\n<li><a href=\"https:\/\/www.parlamentnilisty.cz\/arena\/monitor\/Schuze-o-obrane-Pekarova-se-predvedla-Nikdo-netusil-ze-pozvou-Rehku-771415\">Sch\u016fze o obran\u011b: Pekarov\u00e1 se p\u0159edvedla. \u201eNikdo netu\u0161il, \u017ee pozvou \u0158ehku.\u201c<\/a><\/li>\n\n\n\n<li><a href=\"https:\/\/www.parlamentnilisty.cz\/politika\/vlada\/Tchajwan-Posledni-kapka-od-Sikely-Prisla-rana-i-z-vlastnich-rad-741222\">Tchajwan. Posledn\u00ed kapka od S\u00edkely. P\u0159i\u0161la r\u00e1na i z vlastn\u00edch \u0159ad<\/a><\/li>\n<\/ul>\n\n\n\n<p><strong>\u00dastav pro studium totalitn\u00edch re\u017eim\u016f pr\u00fd p\u0159ipravil s Muzeem Policie \u010cR a s \u010cT s\u00e9rii p\u0159edn\u00e1\u0161ek, kter\u00e9 se budou v\u011bnovat seri\u00e1lu T\u0159icet p\u0159\u00edpad\u016f majora Zemana. \u0158editel \u00dastavu pro Seznam Zpr\u00e1vy.cz mimo jin\u00e9 uvedl, \u017ee je seri\u00e1l \u201emimo\u0159\u00e1dn\u011b zr\u016fdn\u00fd t\u00edm, jak \u00fa\u010dinn\u011b dok\u00e1zal propojit r\u00e1doby detektivn\u00ed, popul\u00e1rn\u00ed \u017e\u00e1nr s jasn\u011b zadan\u00fdm politick\u00fdm zad\u00e1n\u00edm. Div\u00e1k\u016fm p\u0159edkl\u00e1dal jasn\u011b strukturovan\u00fd v\u00fdklad komunistick\u00fdch d\u011bjin, kter\u00fd m\u011bl potvrzovat legitimitu normaliza\u010dn\u00edho re\u017eimu,\u201c sd\u011blil. Co k tomu \u0159\u00edci?<\/strong><\/p>\n\n\n\n<p>\u00daSTR je s\u00e1m o sob\u011b totalitn\u00ed instituc\u00ed. V minulosti si vynutil sta\u017een\u00ed u\u010debnice d\u011bjin, jenom proto\u017ee p\u0159izn\u00e1vala, \u017ee minul\u00e9 socialistick\u00e9 z\u0159\u00edzen\u00ed m\u011blo i svoje kladn\u00e9 str\u00e1nky. Ale u u\u010debnic nez\u016fstalo \u2013 vzpome\u0148me na vyhozen\u00ed nepohodln\u00e9 histori\u010dky Muriel Blaive, jej\u00ed\u017e v\u00fdzkum nezapadal do propagandy, kterou \u00daSTR \u0161\u00ed\u0159il. Je to instituce, kter\u00e1 nevzd\u011bl\u00e1v\u00e1, ale \u0161\u00ed\u0159\u00ed propagandu \u2013 a je to bohu\u017eel jedna z t\u011bch instituc\u00ed, kterou ob\u010dan\u00e9 mus\u00ed hradit ze sv\u00fdch dan\u00ed.<\/p>\n\n\n\n<p>Provoz tohoto \u00fastavu n\u00e1s tak ro\u010dn\u011b stoj\u00ed v\u00edc jak 200 milion\u016f korun. Za tu cenu bychom ka\u017ed\u00fd rok mohli postavit nap\u0159\u00ed\u010d republikou n\u011bkolik des\u00edtek byt\u016f. A m\u00edsto toho to cpeme r\u016fzn\u00fdm propagandist\u016fm, co cht\u011bj\u00ed klasickou detektivku l\u00ed\u010dit jako n\u011bjakou zr\u016fdnost. Proto tak\u00e9 m\u011blo hnut\u00ed Sta\u010dilo! ve sv\u00e9m volebn\u00edm programu zru\u0161en\u00ed \u00daSTRu jako zbyte\u010dn\u00e9ho v\u00fddaje.<\/p>\n\n\n\n<p><strong>Bulharsko m\u00e1 za sebou volby, ve kter\u00fdch zv\u00edt\u011bzil b\u00fdval\u00fd prezident, podle n\u011bkter\u00fdch prorusk\u00fd politik. Jak\u00fdm sm\u011brem se podle V\u00e1s Bulharsko vyd\u00e1? Co budou v\u00fdsledky znamenat pro EU? N\u011bkdo mluv\u00ed o \u201enov\u00e9m\u201c Orb\u00e1novi\u2026.<\/strong><\/p>\n\n\n\n<p>Ruman Radev z\u00edskal velmi siln\u00fd mand\u00e1t, zisk p\u0159es 40 procent hlas\u016f a vypad\u00e1 to, \u017ee poprv\u00e9 od roku 1997 by Bulharsko mohlo m\u00edt jednobarevnou vl\u00e1du. Tvrdit, \u017ee je prorusk\u00fd, je pak zase jen n\u00e1lepkov\u00e1n\u00ed ze strany medi\u00e1ln\u00edho mainstreamu. Je to pragmatik. Upozor\u0148uje stejn\u011b jako \u0159ada jin\u00fdch evropsk\u00fdch politik\u016f, \u017ee bez levn\u00fdch dod\u00e1vek rusk\u00fdch energi\u00ed se neobejdeme a \u017ee pos\u00edl\u00e1n\u00ed dal\u0161\u00edch a dal\u0161\u00edch zbran\u00ed na Ukrajinu tu v\u00e1lku nevy\u0159e\u0161\u00ed. Zat\u00edm jsem se setkala s t\u00edm, \u017ee sp\u00ed\u0161e ne\u017e k Orb\u00e1novi je Radev p\u0159irovn\u00e1v\u00e1n k Ficovi. Ale mus\u00edme si po\u010dkat, jak se sv\u00fdm mand\u00e1tem Radev nalo\u017e\u00ed.<\/p>\n\n\n\n<h2 class=\"wp-block-heading\">Psali jsme:<\/h2>\n\n\n\n<ul class=\"wp-block-list\">\n<li><a href=\"https:\/\/www.parlamentnilisty.cz\/arena\/monitor\/Politicky-blazinec-EU-Euro-cachry-demonstrace-demise-Tak-vypada-bulharske-memento-787536\">Politick\u00fd bl\u00e1zinec EU. Euro, \u010dachry, demonstrace, demise. Tak vypad\u00e1 bulharsk\u00e9 memento<\/a><\/li>\n\n\n\n<li><a href=\"https:\/\/www.parlamentnilisty.cz\/arena\/monitor\/Potlacime-to-v-zarodku-Bulharsko-nerekne-detem-o-gayich-je-zle-759930\">Potla\u010d\u00edme to v z\u00e1rodku. Bulharsko ne\u0159ekne d\u011btem o gay\u00edch, je zle<\/a><\/li>\n<\/ul>\n\n\n\n<p><strong>Mimochodem, porovnejme, jak\u00fd prostor v\u011bnovala m\u00e9dia u n\u00e1s volb\u00e1m v Ma\u010farsku a n\u00e1sledn\u011b pak v Bulharsku\u2026\u2026 Bylo pro n\u00e1s Ma\u010farsko d\u016fle\u017eit\u011bj\u0161\u00ed?<\/strong><\/p>\n\n\n\n<p>Ma\u010farsko je n\u00e1m geograficky bl\u00ed\u017ee, ale je pravda, \u017ee to, jak\u00fd prostor se ma\u010farsk\u00fdm volb\u00e1m dostalo v m\u00e9di\u00edch, nebylo ani tak kv\u016fli geografii \u010di kulturn\u00ed a politick\u00e9 bl\u00edzkosti, ale kv\u016fli ur\u010dit\u00e9 medi\u00e1ln\u00ed posedlosti Viktorem Orb\u00e1nem. Orb\u00e1n je velmi zdatn\u00fd politik, kter\u00fd p\u0159esto\u017ee reprezentoval mal\u00fd st\u00e1t, tak dok\u00e1zal v EU na sebe strhnout pozornost a vymoci si sv\u00e9. To nebylo mnoha podporovatel\u016fm \u201eSpojen\u00fdch st\u00e1t\u016f evropsk\u00fdch\u201c po chuti. Jejich oslavy v\u00fdsledk\u016f ma\u010farsk\u00fdch voleb jsou ale dle m\u00e9ho soudu p\u0159ed\u010dasn\u00e9\u2026<\/p>\n\n\n\n<p><strong>Kdy\u017e jsme u Orb\u00e1na, co \u0159\u00edci k prvn\u00edm povolebn\u00edm krok\u016fm, nebo zat\u00edm sp\u00ed\u0161e k vyj\u00e1d\u0159en\u00edm v\u00edt\u011bze ma\u010farsk\u00fdch voleb?<\/strong><\/p>\n\n\n\n<p>Proto\u017ee ve ve\u0159ejn\u00e9m prostoru je mnoho negace, zkus\u00edm za\u010d\u00edt t\u00edm dobr\u00fdm. Pozitivn\u00ed je jeho asertivn\u00ed vystupov\u00e1n\u00ed v\u016f\u010di Ukrajin\u011b, kde i nad\u00e1le h\u00e1j\u00ed ma\u010farsk\u00e9 n\u00e1rodn\u00ed z\u00e1jmy. Jeho n\u00e1vrh pos\u00edlit spolupr\u00e1ci V4 s Rakouskem je tak\u00e9 krok spr\u00e1vn\u00fdm sm\u011brem.<\/p>\n\n\n\n<p>Ov\u0161em jeho snaha p\u0159ijmout euro je zcela katastrof\u00e1ln\u00ed. To, jak ve\u0159ejn\u011b prohl\u00e1sil, \u017ee ekonomickou situaci v Ma\u010farsku nelze zlep\u0161it bez odmra\u017een\u00ed evropsk\u00fdch fond\u016f, pova\u017euji pak vylo\u017een\u011b za skand\u00e1ln\u00ed. Spr\u00e1vn\u00fd st\u00e1tn\u00edk m\u00e1 budovat takovou n\u00e1rodn\u00ed ekonomiku, kter\u00e1 nebude z\u00e1visl\u00e1 na nejr\u016fzn\u011bj\u0161\u00edch ciz\u00edch dotac\u00edch. M\u00e1 proti takov\u00e9 nesmysln\u00e9 z\u00e1vislosti bojovat, a ne ji ve\u0159ejn\u011b obhajovat. A pak je tady ten nejv\u011bt\u0161\u00ed probl\u00e9m, a to je ta\u017een\u00ed pana Magyara proti dekret\u016fm prezidenta Bene\u0161e.<\/p>\n\n\n\n<p>Pokus otev\u00edrat star\u00e9 r\u00e1ny a provokovat nyn\u00ed za\u017e\u00edv\u00e1me ze strany Sudeton\u011bmeck\u00e9ho landsman\u0161aftu a z neziskovky Meeting Brno. Magyar v tomto sm\u011bru otev\u00edr\u00e1 pomyslnou druhou frontu. Radila bych Andreji Babi\u0161ovi, aby sjezd sude\u0165\u00e1k\u016f kone\u010dn\u011b ve\u0159ejn\u011b odsoudil a zak\u00e1zal a aby podpo\u0159il Roberta Fica v jeho podpo\u0159e dekret\u016f.<\/p>\n","protected":false},"excerpt":{"rendered":"<p>https:\/\/www.institutvk.cz\/clanky\/3387.html Sjezd landsman\u0161aftu organizuj\u00ed \u010ce\u0161i slou\u017e\u00edc\u00ed N\u011bmecku. Nem\u00e1te vlastence, zato zr\u00e1dce prezidenta. Ma\u0161\u00edn br\u00e1n\u00ed odboj 26.04.2026 7:02 | Rozhovor autor:&nbsp;Jan Rychetsk\u00fd \u201ePetr Pavel nerozli\u0161uje \u010desk\u00fd odboj a tr\u00fdznitele hitlerovsk\u00e9ho N\u011bmecka. Pro n\u011bj je \u010desk\u00fd odboj srovnateln\u00fd s eses\u00e1ky. Kdy\u017e hovo\u0159\u00ed o odpov\u011bdnosti, kdy p\u0159ijme odpov\u011bdnost za sv\u00e9 \u010dlenstv\u00ed v komunistick\u00e9 organizaci s c\u00edlem zni\u010dit z\u00e1padn\u00ed &hellip; <a href=\"https:\/\/www.podivinsky.cz\/?p=23863\" class=\"more-link\">Pokra\u010dov\u00e1n\u00ed textu <span class=\"screen-reader-text\">Vl\u00e1do, zamysli se!<\/span> <span class=\"meta-nav\">&rarr;<\/span><\/a><\/p>\n","protected":false},"author":1,"featured_media":0,"comment_status":"closed","ping_status":"closed","sticky":false,"template":"","format":"standard","meta":{"footnotes":""},"categories":[9],"tags":[],"class_list":["post-23863","post","type-post","status-publish","format-standard","hentry","category-pc"],"_links":{"self":[{"href":"https:\/\/www.podivinsky.cz\/index.php?rest_route=\/wp\/v2\/posts\/23863","targetHints":{"allow":["GET"]}}],"collection":[{"href":"https:\/\/www.podivinsky.cz\/index.php?rest_route=\/wp\/v2\/posts"}],"about":[{"href":"https:\/\/www.podivinsky.cz\/index.php?rest_route=\/wp\/v2\/types\/post"}],"author":[{"embeddable":true,"href":"https:\/\/www.podivinsky.cz\/index.php?rest_route=\/wp\/v2\/users\/1"}],"replies":[{"embeddable":true,"href":"https:\/\/www.podivinsky.cz\/index.php?rest_route=%2Fwp%2Fv2%2Fcomments&post=23863"}],"version-history":[{"count":3,"href":"https:\/\/www.podivinsky.cz\/index.php?rest_route=\/wp\/v2\/posts\/23863\/revisions"}],"predecessor-version":[{"id":23866,"href":"https:\/\/www.podivinsky.cz\/index.php?rest_route=\/wp\/v2\/posts\/23863\/revisions\/23866"}],"wp:attachment":[{"href":"https:\/\/www.podivinsky.cz\/index.php?rest_route=%2Fwp%2Fv2%2Fmedia&parent=23863"}],"wp:term":[{"taxonomy":"category","embeddable":true,"href":"https:\/\/www.podivinsky.cz\/index.php?rest_route=%2Fwp%2Fv2%2Fcategories&post=23863"},{"taxonomy":"post_tag","embeddable":true,"href":"https:\/\/www.podivinsky.cz\/index.php?rest_route=%2Fwp%2Fv2%2Ftags&post=23863"}],"curies":[{"name":"wp","href":"https:\/\/api.w.org\/{rel}","templated":true}]}}