{"id":23867,"date":"2026-04-26T07:44:12","date_gmt":"2026-04-26T06:44:12","guid":{"rendered":"https:\/\/www.podivinsky.cz\/?p=23867"},"modified":"2026-04-26T07:44:21","modified_gmt":"2026-04-26T06:44:21","slug":"ja-se-chovam-slusne-to-za-vami-je-osm-mrtvych-turek-a-stanar-si-vystacili-bez-moderatorky","status":"publish","type":"post","link":"https:\/\/www.podivinsky.cz\/?p=23867","title":{"rendered":"\u201eJ\u00e1 se chov\u00e1m slu\u0161n\u011b, to za v\u00e1mi je osm mrtv\u00fdch\u201c. Turek a stana\u0159 si vysta\u010dili bez moder\u00e1torky"},"content":{"rendered":"\n<p>25.04.2026 20:44 | Monitoring<\/p>\n\n\n\n<p><em>autor:&nbsp;<a href=\"https:\/\/www.parlamentnilisty.cz\/redakce\/redakce\/\"><strong>Na\u010fa Borsk\u00e1<\/strong><\/a><\/em><\/p>\n\n\n\n<p><strong>Velmi vyhrocen\u00e1 atmosf\u00e9ra zavl\u00e1dla ve studiu TN.cz, kdy\u017e exministr Luk\u00e1\u0161 Vl\u010dek (STAN) vy\u010d\u00edtal vl\u00e1dn\u00edmu zmocn\u011bnci Filipu Turkovi (Motorist\u00e9) jeho \u00fadajnou nacistickou r\u00e9toriku. Turek se br\u00e1nil t\u00edm, \u017ee jeho slova byla vytr\u017eena z kontextu. Padaly v\u00fdzvy jako \u201enebu\u010fte drz\u00fd\u201c. \u201eVyhro\u017eujte si lidem, kte\u0159\u00ed pro v\u00e1s pracuj\u00ed, nevyhro\u017eujte tady mn\u011b,\u201c roz\u010d\u00edlil se v jednu chv\u00edli Vl\u010dek. Moder\u00e1torka zoufale rozhazovala rukama a nedok\u00e1zala rozv\u00e1\u0161n\u011bn\u00e9 poslance uti\u0161it.<\/strong><\/p>\n\n\n\n<figure class=\"wp-block-image\"><img decoding=\"async\" src=\"https:\/\/cms.parlamentnilisty.cz\/image.ashx?w=632&amp;h=307&amp;f=Snimek-obrazovky-2026-04-25-190018_639127333190279626.jpg&amp;id=201456\" alt=\"\u201eJ\u00e1 se chov\u00e1m slu\u0161n\u011b, to za v\u00e1mi je osm mrtv\u00fdch\u201c. Turek a stana\u0159 si vysta\u010dili bez moder\u00e1torky\"\/><figcaption class=\"wp-element-caption\"><small>Foto:&nbsp;<strong>Repro TN.cz<\/strong><br>Popisek:&nbsp;<strong>Filip Turek a Luk\u00e1\u0161 Vl\u010dek<\/strong><\/small><\/figcaption><\/figure>\n\n\n\n<p><\/p>\n\n\n\n<figure class=\"wp-block-image\"><a href=\"https:\/\/www.parlamentnilisty.cz\/profily\/profil.aspx?id=139651\"><img decoding=\"async\" src=\"https:\/\/www.parlamentnilisty.cz\/profily-sprava\/user-data\/9C94CE73\/image\/169977-vlk_profil_top.jpg\" alt=\"\"\/><\/a><\/figure>\n\n\n\n<h2 class=\"wp-block-heading\"><a href=\"https:\/\/www.parlamentnilisty.cz\/profily\/profil.aspx?id=139651\">Ing. Luk\u00e1\u0161 Vl\u010dek<\/a><\/h2>\n\n\n\n<ul class=\"wp-block-list\">\n<li>STAN<\/li>\n\n\n\n<li><\/li>\n\n\n\n<li>poslanec<\/li>\n<\/ul>\n\n\n\n<p>Poslanec Filip Turek (Motorist\u00e9) se br\u00e1nil na\u0159\u010den\u00ed z nacistick\u00e9 propagandy. Ve vys\u00edl\u00e1n\u00ed TN Nova ozna\u010dil v\u00fdroky o \u201ederatizov\u00e1n\u00ed parazit\u016f\u201c za le\u017e a zd\u016fraznil, \u017ee nemluvil o st\u00e1tn\u00edch \u00fa\u0159edn\u00edc\u00edch, ale o aktivistech na ministerstvech.<\/p>\n\n\n\n<figure class=\"wp-block-image\"><a href=\"https:\/\/www.parlamentnilisty.cz\/profily\/profil.aspx?id=156530\"><img decoding=\"async\" src=\"https:\/\/www.parlamentnilisty.cz\/profily-sprava\/user-data\/7CC1BEF7\/image\/156530-turek_profil_top.jpg\" alt=\"\"\/><\/a><\/figure>\n\n\n\n<h2 class=\"wp-block-heading\"><a href=\"https:\/\/www.parlamentnilisty.cz\/profily\/profil.aspx?id=156530\">Mgr. Filip Turek<\/a><\/h2>\n\n\n\n<ul class=\"wp-block-list\">\n<li>AUTO<\/li>\n\n\n\n<li><\/li>\n\n\n\n<li>poslanec<\/li>\n<\/ul>\n\n\n\n<p>Opravdu dusn\u00e1 atmosf\u00e9ra zavl\u00e1dla ve studiu po\u0159adu TN Nova Za p\u011bt minut dvan\u00e1ct, jeho\u017e hosty byli \u010destn\u00fd p\u0159edseda Motorist\u016f a vl\u00e1dn\u00ed zmocn\u011bnec pro Green Deal Filip Turek a b\u00fdval\u00fd ministr pr\u016fmyslu a obchodu za STAN Luk\u00e1\u0161 Vl\u010dek. Turek zd\u016fraznil, \u017ee je t\u0159eba m\u00edt pragmatick\u00e9 vztahy s&nbsp;\u010c\u00ednskou lidovou republikou, co\u017e znamen\u00e1 uzn\u00e1vat politiku jedn\u00e9 \u010c\u00edny.<\/p>\n\n\n\n<p>\u201eA\u0165 tam na n\u00e1v\u0161t\u011bvu samoz\u0159ejm\u011b jede, ale let\u00ed linkou. Nebo a\u0165 jede vlakem,\u201c&nbsp;<a href=\"https:\/\/tn.nova.cz\/zpravodajstvi\/clanek\/646212-turek-je-to-lez-urednici-nejsou-paraziti-mluvil-jsem-o-aktivistech-na-ministerstvu\">vyj\u00e1d\u0159il<\/a>&nbsp;se k pl\u00e1novan\u00e9 cest\u011b p\u0159edsedy Sen\u00e1tu Milo\u0161e Vystr\u010dila (ODS) na Tchaj-wan. Re\u017eim v&nbsp;zemi ho pr\u00fd nezaj\u00edm\u00e1. \u201eTo bychom pak nemohli obchodovat s&nbsp;nik\u00fdm. Pro m\u011b je zaj\u00edmav\u00e9, jak velkou obchodn\u00ed v\u00fdm\u011bnu s&nbsp;tou zem\u00ed m\u00e1me,\u201c \u0159ekl Turek a dodal, \u017ee \u201eaktivistick\u00e9 v\u00fdlety pana Vystr\u010dila jsou n\u011b\u010d\u00edm, co nikdo jin\u00fd v&nbsp;Evrop\u011b ned\u011bl\u00e1\u201c.<\/p>\n\n\n\n<p>\u201eKdy\u017e se pod\u00edv\u00e1me na po\u010det pracovn\u00edch m\u00edst, kter\u00e1 generuj\u00ed tchajwansk\u00e9 investice v \u010cesk\u00e9 republice, tak je to zhruba 30&nbsp;000 pracovn\u00edch m\u00edst, oproti zhruba \u010dty\u0159em z&nbsp;\u010c\u00edny,\u201c oponoval Vl\u010dek.<\/p>\n\n\n\n<h4 class=\"wp-block-heading\">Turek: Nikdy jsem ne\u0159ekl, \u017ee \u00fa\u0159edn\u00edci jsou paraziti<\/h4>\n\n\n\n<p>Ve studiu se pak strhl spor t\u00fdkaj\u00edc\u00ed se dotac\u00ed zem\u011bd\u011blc\u016fm a diskuse se sto\u010dila k v\u00fdroku Filipa Turka t\u00fdkaj\u00edc\u00edho se ministersk\u00fdch \u00fa\u0159edn\u00edk\u016f.&nbsp;<\/p>\n\n\n\n<p><\/p>\n\n\n\n<p>Moder\u00e1torka B\u00e1ra Divi\u0161ov\u00e1 vl\u00e1dn\u00edmu zmocn\u011bnci \u0159ekla: \u201eM\u00e1te j\u00edt na kobere\u010dek k panu Babi\u0161ovi i s panem Macinkou.\u201c<\/p>\n\n\n\n<p>\u201eNeum\u00edm si to p\u0159edstavit,\u201c reagoval Turek. \u201eTak bude Koali\u010dn\u00ed rada. J\u00e1 jsem na kobere\u010dku je\u0161t\u011b nebyl, v dosp\u011blosti. P\u0159izn\u00e1m, \u017ee nejsem na to \u00fapln\u011b stav\u011bn, ale jde o to, \u017ee Blesk si vymyslel dezinterpretaci toho, o \u010dem j\u00e1 jsem hovo\u0159il, kdy\u017e jsem hovo\u0159il o parazitech. J\u00e1 jsem hovo\u0159il o n\u011bkom, kdo pracuje proti z\u00e1jmu ministerstva, konkr\u00e9tn\u011b o p\u00e1novi, kter\u00fd za pen\u00edze ministerstva pracoval v&nbsp;rozporu se zad\u00e1n\u00edm. My jsme cht\u011bli zmen\u0161ovat akcelera\u010dn\u00ed z\u00f3ny a on tomu cht\u011bl zabra\u0148ovat,\u201c vysv\u011btlil Turek.<\/p>\n\n\n\n<p>Spor se t\u00fdkal v\u011btrn\u00fdch elektr\u00e1ren. \u201eMy tvrd\u00edme, \u017ee tu nemaj\u00ed b\u00fdt v masov\u00e9m m\u011b\u0159\u00edtku. On tvrdil, \u017ee maj\u00ed b\u00fdt v masov\u00e9m m\u011b\u0159\u00edtku,\u201c sd\u011blil vl\u00e1dn\u00ed zmocn\u011bnec.<\/p>\n\n\n\n<p>Na ministerstvu bylo propu\u0161t\u011bno 39 lid\u00ed, v n\u011bkter\u00fdch p\u0159\u00edpadech ho to podle jeho slov mrzelo. \u201eBohu\u017eel je to systematizace v r\u00e1mci \u0161et\u0159en\u00ed. A potom je propou\u0161t\u011bn\u00ed aktivist\u016f. Na ministerstvu \u017eivotn\u00edho prost\u0159ed\u00ed je absolutn\u00ed v\u011bt\u0161ina lid\u00ed super. Jsou slu\u0161n\u00ed lid\u00e9, kter\u00e9 m\u00e1m r\u00e1d. M\u00e1m s nimi skv\u011bl\u00fd vztah. A o nich jsem nemluvil. J\u00e1 jsem nikdy ne\u0159ekl, \u017ee jsou paraziti \u00fa\u0159edn\u00edci. J\u00e1 jsem \u0159ekl, \u017ee je tam st\u00e1le nalezl\u00fdch mnoho parazit\u016f,\u201c zd\u016fraznil Turek.<\/p>\n\n\n\n<p>Zm\u00ednil neziskov\u00e9 organizace, kter\u00e9 \u010derpaj\u00ed pen\u00edze. \u201eVe v\u0161ech pod\u0159\u00edzen\u00fdch organizac\u00edch p\u0159es agentury se tam tahaly pen\u00edze za pana Hlad\u00edka. Tam opravdu zmizely des\u00edtky milion\u016f. Sedm set milion\u016f se dalo za t\u0159i roky na environment\u00e1ln\u00ed vzd\u011bl\u00e1v\u00e1n\u00ed. Neum\u00edte si p\u0159edstavit, jak\u00e9 to je odhalovat to. Te\u010f zjist\u00edte, s jak\u00fdmi aktivisty se paktuj\u00ed. Zjist\u00edte, \u017ee je tam \u010dlov\u011bk, kter\u00fd je bratrem \u010dlov\u011bka, kter\u00fd kuli\u010dkovkou st\u0159\u00edlel na prezidenta Klause. Pracoval tam, pustil do budovy lidi, kte\u0159\u00ed potom sla\u0148ovali z budovy. Jsou to lid\u00e9, kte\u0159\u00ed demonstruj\u00ed proti vl\u00e1d\u011b, zamezuj\u00ed v\u00fdstavb\u011b, jako to bylo Hnut\u00ed Duha nebo Arnika. Blokovali v\u00fdstavbu p\u0159ehrady a potom tam zem\u0159eli lid\u00e9 p\u0159i povodn\u00edch. Jsou placeni z pen\u011bz ministerstva, z pen\u011bz da\u0148ov\u00fdch poplatn\u00edk\u016f a z evropsk\u00fdch pen\u011bz. Tomu budeme d\u00e1l zamezovat a v\u011b\u0159\u00edm, \u017ee s t\u00edm souhlas\u00ed v\u0161ichni moji kolegov\u00e9,\u201c uvedl vl\u00e1dn\u00ed zmocn\u011bnec.<\/p>\n\n\n\n<p>Zd\u016fraznil, \u017ee premi\u00e9r na n\u011bj m\u00e1 telefon a p\u0159ipustil, \u017ee se o t\u00e9matu mohou bavit na p\u0159\u00ed\u0161t\u00edm jedn\u00e1n\u00ed koali\u010dn\u00ed rady. V\u0161echna m\u00e9dia podle n\u011bj p\u0159evzala le\u017e.<\/p>\n\n\n\n<p>\u201eJe to vytr\u017een\u00e9 z kontextu. Tak jako kdy\u017e jsem si p\u0159ed dv\u011bma a p\u016fl lety d\u011blal legraci z pana p\u0159edsedy Raku\u0161ana, \u017ee p\u016fj\u010dil telefon d\u011btem, tak j\u00e1 jsem \u0159\u00edkal, \u017ee ho nech\u00e1m kolovat v hospod\u011b. A rok m\u00e9dia pou\u0161t\u011bla dezinterpretaci \u2013 dva roky star\u00e9 video \u2013 a d\u011blali, \u017ee je to reakce na novou kauzu,\u201c vysv\u011btlil Turek.<\/p>\n\n\n\n<p>Te\u010f je to podle n\u011bj stejn\u00e9. \u201eJ\u00e1 \u0159eknu, \u017ee jsou tam nalezl\u00ed n\u011bkte\u0159\u00ed parazit\u00e9 a oni \u0159eknou, \u017ee jsem to \u0159ekl o v\u0161ech st\u00e1tn\u00edch \u00fa\u0159edn\u00edc\u00edch nebo o \u00fa\u0159edn\u00edc\u00edch na ministerstvu, \u017ee jsou to parazit\u00e9. Takhle jsem to ne\u0159ekl. Je to le\u017e, v\u0161em \u00fa\u0159edn\u00edk\u016fm ministerstev se omlouv\u00e1m, pokud se jich to dotklo a pokud v\u011b\u0159\u00ed tomu, \u017ee jsem to tak \u0159ekl. P\u0159\u00edsah\u00e1m, \u017ee jsem to takto ne\u0159ekl. Nemluvil jsem o \u00fa\u0159edn\u00edc\u00edch, mluvil jsem o t\u011bch aktivistech, kte\u0159\u00ed jsou tam nalezl\u00ed t\u011bmi postrann\u00edmi cesti\u010dkami, a je tam hodn\u011b. M\u00e1me na to dokonce detektiva. Kresl\u00edme na to pavouky, mapy, hled\u00e1me je a od\u0159ez\u00e1v\u00e1me je od pen\u011bz a mysl\u00edm, \u017ee to je spr\u00e1vn\u00e9, budeme to d\u011blat d\u00e1l,\u201c vysv\u011btlil Turek.<\/p>\n\n\n\n<h4 class=\"wp-block-heading\">Vl\u010dek: Slova nacistick\u00e9 propagandy<\/h4>\n\n\n\n<p>Jeho vysv\u011btlen\u00ed v\u0161ak opozi\u010dn\u00edho poslance neuklidnilo. \u201eNev\u00edm, kdy se m\u00e1m sm\u00e1t a kdy bre\u010det,\u201c reagoval Vl\u010dek a zeptal se: \u201eVy jste ne\u0159ekl, \u017ee \u201aderatizov\u00e1n\u00ed parazit\u016f n\u00e1m jde pom\u011brn\u011b dob\u0159e\u2018? To nejsou va\u0161e slova?\u201c<\/p>\n\n\n\n<p>Turek p\u0159ipustil, \u017ee jde o jeho slova. \u201eTo n\u00e1m jde skv\u011ble, jasn\u011b,\u201c \u0159ekl vl\u00e1dn\u00ed zmocn\u011bnec.<\/p>\n\n\n\n<p>\u201eTo jsou va\u0161e slova?\u201c uji\u0161\u0165oval se exministr.<\/p>\n\n\n\n<p>\u201eTo n\u00e1m jde skv\u011ble. To jsou moje slova,\u201c zopakoval Turek.<\/p>\n\n\n\n<p>\u201eTo znamen\u00e1, slova nacistick\u00e9 propagandy jsou va\u0161e slova,\u201c m\u00ednil Vl\u010dek.<\/p>\n\n\n\n<p>\u201eTo si d\u011bl\u00e1te legraci, ne?\u201c ohradil se vl\u00e1dn\u00ed zmocn\u011bnec.<\/p>\n\n\n\n<p>\u201eTo jsou p\u0159esn\u011b slova, kter\u00e1 pou\u017e\u00edval Adolf Hitler ve 30. letech,\u201c sd\u011blil exministr.<\/p>\n\n\n\n<p>\u201eV\u0161ichni pou\u017e\u00edvaj\u00ed n\u011bjak\u00e1 slova, to s t\u00edm nem\u00e1 nic spole\u010dn\u00e9ho,\u201c nam\u00edtl Turek.<\/p>\n\n\n\n<p>Vl\u010dek se ho zeptal, jestli pou\u017e\u00edv\u00e1n\u00ed slov nacistick\u00e9 propagandy je v po\u0159\u00e1dku. \u201eVy u\u017e nejste provozovatel n\u011bjak\u00e9 mo\u0161t\u00e1rny, vy jste reprezentant st\u00e1tu,\u201c zd\u016fraznil Vl\u010dek.<\/p>\n\n\n\n<p>\u201eDal\u0161\u00ed dezinformace. Nikdy v \u017eivot\u011b jsem nebyl provozovatelem mo\u0161t\u00e1rny,\u201c nam\u00edtl Turek.<\/p>\n\n\n\n<p>Oba poslanci pak za\u010dali hovo\u0159it jeden p\u0159es druh\u00e9ho a moder\u00e1torka se je sna\u017eila m\u00edrnit.<\/p>\n\n\n\n<p>\u201eD\u011bl\u00e1te ostudu v zahrani\u010d\u00ed,\u201c \u00fato\u010dil exministr a op\u011bt hovo\u0159il o \u00fadajn\u00e9m pou\u017eit\u00ed slov nacistick\u00e9 propagandy.<\/p>\n\n\n\n<p>\u201eNebu\u010fte drz\u00fd,\u201c ozval se Turek.<\/p>\n\n\n\n<p>Opozi\u010dn\u00ed poslanec jeho slova zopakoval se zm\u011bn\u011bnou intonac\u00ed.<\/p>\n\n\n\n<p>\u201eD\u00e1vejte si pozor,\u201c \u0159ekl mu vl\u00e1dn\u00ed zmocn\u011bnec.<\/p>\n\n\n\n<p>\u201eP\u00e1nov\u00e9, p\u00e1nov\u00e9!\u201c sna\u017eila se Divi\u0161ov\u00e1 marn\u011b.<\/p>\n\n\n\n<p>\u201eD\u00e1vejte si pozor a nebu\u010fte drz\u00fd? Fakt? Vyhro\u017eujte si lidem, kte\u0159\u00ed pro v\u00e1s pracuj\u00ed, nevyhro\u017eujte tady mn\u011b,\u201c roz\u010d\u00edlil se Vl\u010dek.<\/p>\n\n\n\n<p>\u201eJ\u00e1 se chov\u00e1m slu\u0161n\u011b,\u201c nam\u00edtl Turek. A pak opozi\u010dn\u00edmu politikovi vmetl do tv\u00e1\u0159e: \u201eChov\u00e1te se jako pan\u00ed Nerudov\u00e1, je za v\u00e1mi osm mrtv\u00fdch v kauze Dozimetr.\u201c<\/p>\n\n\n\n<p>\u201eP\u00e1nov\u00e9, snad se mi tady nepoperete,\u201c d\u011bsila se moder\u00e1torka.<\/p>\n\n\n\n<p>\u201eJ\u00e1 se chov\u00e1m slu\u0161n\u011b,\u201c hl\u00e1sili oba politici jeden p\u0159es druh\u00e9ho.<\/p>\n\n\n\n<p>\u201e\u0160\u0161\u0161,\u201c zkou\u0161ela to Divi\u0161ov\u00e1 a konstatovala, \u017ee div\u00e1ci v tuto chv\u00edli z debaty nemaj\u00ed v\u016fbec nic. Nakonec se j\u00ed p\u0159ece jen poda\u0159ilo vz\u00e1jemn\u00e9 p\u0159ek\u0159ikov\u00e1n\u00ed utnout a posunout diskusi k dal\u0161\u00edmu t\u00e9matu.<\/p>\n\n\n\n<p>POZN\u00c1MKA- PRAVDA A L\u00c1SKA P\u0158EKRUCUJE V\u0160E, CO TUREK A VL\u00c1DA \u0158EKNOU- VYTRHNOUT Z KONTEXTU, NASADIT TO MEZI IDIOTY VOLI\u010cE TAK ABY TO BYLO N\u00c1LEPKOVATELN\u00c9, N\u00c1LEPKOVAT TURKA JAKO NACISTU A TAK TO TADY JE, TAKHLE MY TU \u017dIJEME!<\/p>\n","protected":false},"excerpt":{"rendered":"<p>25.04.2026 20:44 | Monitoring autor:&nbsp;Na\u010fa Borsk\u00e1 Velmi vyhrocen\u00e1 atmosf\u00e9ra zavl\u00e1dla ve studiu TN.cz, kdy\u017e exministr Luk\u00e1\u0161 Vl\u010dek (STAN) vy\u010d\u00edtal vl\u00e1dn\u00edmu zmocn\u011bnci Filipu Turkovi (Motorist\u00e9) jeho \u00fadajnou nacistickou r\u00e9toriku. Turek se br\u00e1nil t\u00edm, \u017ee jeho slova byla vytr\u017eena z kontextu. Padaly v\u00fdzvy jako \u201enebu\u010fte drz\u00fd\u201c. \u201eVyhro\u017eujte si lidem, kte\u0159\u00ed pro v\u00e1s pracuj\u00ed, nevyhro\u017eujte tady mn\u011b,\u201c roz\u010d\u00edlil &hellip; <a href=\"https:\/\/www.podivinsky.cz\/?p=23867\" class=\"more-link\">Pokra\u010dov\u00e1n\u00ed textu <span class=\"screen-reader-text\">\u201eJ\u00e1 se chov\u00e1m slu\u0161n\u011b, to za v\u00e1mi je osm mrtv\u00fdch\u201c. Turek a stana\u0159 si vysta\u010dili bez moder\u00e1torky<\/span> <span class=\"meta-nav\">&rarr;<\/span><\/a><\/p>\n","protected":false},"author":1,"featured_media":0,"comment_status":"closed","ping_status":"closed","sticky":false,"template":"","format":"standard","meta":{"footnotes":""},"categories":[9],"tags":[],"class_list":["post-23867","post","type-post","status-publish","format-standard","hentry","category-pc"],"_links":{"self":[{"href":"https:\/\/www.podivinsky.cz\/index.php?rest_route=\/wp\/v2\/posts\/23867","targetHints":{"allow":["GET"]}}],"collection":[{"href":"https:\/\/www.podivinsky.cz\/index.php?rest_route=\/wp\/v2\/posts"}],"about":[{"href":"https:\/\/www.podivinsky.cz\/index.php?rest_route=\/wp\/v2\/types\/post"}],"author":[{"embeddable":true,"href":"https:\/\/www.podivinsky.cz\/index.php?rest_route=\/wp\/v2\/users\/1"}],"replies":[{"embeddable":true,"href":"https:\/\/www.podivinsky.cz\/index.php?rest_route=%2Fwp%2Fv2%2Fcomments&post=23867"}],"version-history":[{"count":1,"href":"https:\/\/www.podivinsky.cz\/index.php?rest_route=\/wp\/v2\/posts\/23867\/revisions"}],"predecessor-version":[{"id":23868,"href":"https:\/\/www.podivinsky.cz\/index.php?rest_route=\/wp\/v2\/posts\/23867\/revisions\/23868"}],"wp:attachment":[{"href":"https:\/\/www.podivinsky.cz\/index.php?rest_route=%2Fwp%2Fv2%2Fmedia&parent=23867"}],"wp:term":[{"taxonomy":"category","embeddable":true,"href":"https:\/\/www.podivinsky.cz\/index.php?rest_route=%2Fwp%2Fv2%2Fcategories&post=23867"},{"taxonomy":"post_tag","embeddable":true,"href":"https:\/\/www.podivinsky.cz\/index.php?rest_route=%2Fwp%2Fv2%2Ftags&post=23867"}],"curies":[{"name":"wp","href":"https:\/\/api.w.org\/{rel}","templated":true}]}}