{"id":23871,"date":"2026-04-28T06:56:39","date_gmt":"2026-04-28T05:56:39","guid":{"rendered":"https:\/\/www.podivinsky.cz\/?p=23871"},"modified":"2026-04-28T06:56:47","modified_gmt":"2026-04-28T05:56:47","slug":"prachobycejna-vyzirka-foldyna-tvrde-uderil-na-pavla-a-tady-je-duvod","status":"publish","type":"post","link":"https:\/\/www.podivinsky.cz\/?p=23871","title":{"rendered":"\u201ePrachoby\u010dejn\u00e1 vy\u017e\u00edrka.\u201c Foldyna tvrd\u011b ude\u0159il na Pavla. A tady je d\u016fvod"},"content":{"rendered":"\n<p>28.04.2026 4:40 | Rozhovor<\/p>\n\n\n\n<p><em>autor:&nbsp;<a href=\"https:\/\/www.parlamentnilisty.cz\/redakce\/redakce\/\"><strong>Jakub Vos\u00e1hlo<\/strong><\/a><\/em><\/p>\n\n\n\n<p><strong>Poslanec SPD Jaroslav Foldyna se v rozhovoru pro Parlamentn\u00edListy.cz neb\u00fdval\u00e9 tvrd\u011b op\u0159el do prezidenta Petra Pavla, kter\u00e9ho ozna\u010dil za \u201eprachoby\u010dejnou vy\u017e\u00edrku\u201c a vysv\u011btlil pro\u010d. Promluvil tak\u00e9 o vztaz\u00edch se Srbskem. Kritice se nevyhnula EU a Danu\u0161e Nerudov\u00e1 a vyj\u00e1d\u0159il se i k protest\u016fm a d\u011bn\u00ed kolem \u010cesk\u00e9 televize. V rozhovoru tak\u00e9 nazna\u010dil, \u017ee jeden z ministr\u016f za SPD by mohl b\u00fdt na odchod.<\/strong><\/p>\n\n\n\n<figure class=\"wp-block-image\"><img decoding=\"async\" src=\"https:\/\/cms.parlamentnilisty.cz\/image.ashx?w=632&amp;h=307&amp;f=DSC_4438_638234678628560536.jpg&amp;id=181064\" alt=\"\u201ePrachoby\u010dejn\u00e1 vy\u017e\u00edrka.\u201c Foldyna tvrd\u011b ude\u0159il na Pavla. A tady je d\u016fvod\"\/><figcaption class=\"wp-element-caption\"><small>Foto:&nbsp;<strong>Hana Bro\u017ekov\u00e1<\/strong><br>Popisek:&nbsp;<strong>Jaroslav Foldyna<\/strong><\/small><\/figcaption><\/figure>\n\n\n\n<p><\/p>\n\n\n\n<p><strong>V p\u0159\u00ed\u0161t\u00edm t\u00fddnu se chyst\u00e1te s p\u0159edsedou Poslaneck\u00e9 sn\u011bmovny Tomiem Okamurou na st\u00e1tn\u00ed n\u00e1v\u0161t\u011bvu Srbska. Co je c\u00edlem t\u00e9to cesty?<\/strong><\/p>\n\n\n\n<p>Obnovit vztahy mezi \u010ceskou republikou a Srbskem. Ty vztahy jsou toti\u017e po v\u0161ech mo\u017en\u00fdch naschv\u00e1lech ze strany vl\u00e1dy Petra Fialy samoz\u0159ejm\u011b po\u0161kozen\u00e9. Srbsk\u00e1 strana ale v\u00ed, \u017ee sou\u010dasn\u00e1 vl\u00e1da je v tomto sm\u011bru \u00fapln\u011b jin\u00e1.<\/p>\n\n\n\n<p><strong>O Srbsku se v posledn\u00edch dnech mluv\u00ed i v souvislosti s Evropskou uni\u00ed, kter\u00e1 hroz\u00ed, \u017ee B\u011blehradu zablokuje 1,5 miliardy eur ze sv\u00fdch fond\u016f, se zd\u016fvodn\u011bn\u00edm, \u017ee v zemi upad\u00e1 demokracie. Co na to \u0159\u00edci?<\/strong><\/p>\n\n\n\n<p>Kdy\u017e se v EU mluv\u00ed o demokracii, tak je to podobn\u00e9, jako kdy\u017e se v bordelu mluv\u00ed o panenstv\u00ed. D\u00e1l k tomu asi nem\u00e1 smysl cokoli \u0159\u00edkat.<\/p>\n\n\n\n<p><strong>Org\u00e1ny EU a jin\u00fdch mezin\u00e1rodn\u00edch instituc\u00ed se za\u010d\u00ednaj\u00ed zaj\u00edmat i o n\u00e1s. I d\u00edky na\u0161im lidem v Bruselu, kte\u0159\u00ed na na\u0161i vl\u00e1du pod\u00e1vaj\u00ed ud\u00e1n\u00ed, t\u0159eba jako europoslankyn\u011b Danu\u0161e Nerudov\u00e1 v souvislosti s novou legislativou o ve\u0159ejnopr\u00e1vn\u00edch m\u00e9di\u00edch. Co d\u011blat, abychom tento tlak \u201eust\u00e1li\u201c?<\/strong><\/p>\n\n\n\n<p>Nevolit kolaboranty typu Danu\u0161e Nerudov\u00e9 a postupn\u011b se p\u0159ipravovat na vystoupen\u00ed z EU. Ten spolek se stejn\u011b u\u017e rozpad\u00e1.<\/p>\n\n\n\n<p><\/p>\n\n\n\n<p>Nic. Zat\u00edm mi ho nikdo nedal p\u0159e\u010d\u00edst.<\/p>\n\n\n\n<p><strong>Jak je to mo\u017en\u00e9? V\u017edy\u0165 jste \u010dlenem medi\u00e1ln\u00edho v\u00fdboru. Nebo se snad SPD na tom z\u00e1kon\u011b nepod\u00edl\u00ed?<\/strong><\/p>\n\n\n\n<p>Mo\u017en\u00e1 se SPD na tom z\u00e1konu n\u011bjak pod\u00edl\u00ed, j\u00e1 o tom ale nev\u00edm.<\/p>\n\n\n\n<p><strong>Kolem nov\u00e9 vl\u00e1dy je v\u016fbec ru\u0161no, o\u017eil Milion chvilek a objevilo se n\u011bkolik dal\u0161\u00edch organizac\u00ed, jako je t\u0159eba \u0160t\u00edt demokracie, kter\u00e9 ve volb\u00e1ch celkem otev\u0159en\u011b podporovaly dne\u0161n\u00ed opozici a te\u010f zpochyb\u0148uj\u00ed mand\u00e1t t\u00e9to vl\u00e1dy, v\u010detn\u011b zpochyb\u0148ov\u00e1n\u00ed SPD jako \u201eextremistick\u00e9 strany\u201c. Jak na tyto akce reagovat, kdy\u017e sou\u010dasn\u011b m\u00e1te jasn\u00fd mand\u00e1t od voli\u010d\u016f?<\/strong><\/p>\n\n\n\n<p>Nijak. V demokracii by m\u011bl m\u00edt ka\u017ed\u00fd pr\u00e1vo zpochyb\u0148ovat \u00fapln\u011b cokoli. Slova \u201eka\u017ed\u00fd\u201c a \u201ecokoli\u201c bych ale r\u00e1d velmi zd\u016fraznil. V sou\u010dasn\u00e9 \u010cR tomu tak toti\u017e st\u00e1le nen\u00ed.<\/p>\n\n\n\n<p><strong>M\u016f\u017eete uv\u00e9st p\u0159\u00edklad?<\/strong><\/p>\n\n\n\n<p>Nap\u0159\u00edklad nen\u00ed mo\u017en\u00e9 zpochyb\u0148ovat, \u017ee na\u0161e zdravotnictv\u00ed zachr\u00e1n\u00ed chirurgov\u00e9 z dovozu. Nem\u016f\u017eeme tak\u00e9 zpochyb\u0148ovat nap\u0159\u00edklad tvrzen\u00ed, \u017ee Rusko je n\u00e1\u0161 nep\u0159\u00edtel. Respektive, zpochyb\u0148ovat to ka\u017ed\u00fd m\u016f\u017ee, ale nem\u016f\u017ee si b\u00fdt jist, \u017ee pak neskon\u010d\u00ed v base.<\/p>\n\n\n\n<p><strong>S novou vl\u00e1dou se m\u00edra svobody slova nezm\u011bnila?<\/strong><\/p>\n\n\n\n<p>Ne. \u010ceskou justici ovl\u00e1daj\u00ed st\u00e1le stejn\u00e9 osoby \u010di entity a z \u010desk\u00e9ho trestn\u00edho z\u00e1kon\u00edku gumov\u00e9 paragrafy, kter\u00e9 umo\u017e\u0148uj\u00ed odsoudit prakticky ka\u017ed\u00e9ho, kdo nap\u0159\u00edklad zpochyb\u0148uje dv\u011b v\u00fd\u0161e zm\u00edn\u011bn\u00e1 dogmata, tak\u00e9 nezmizely. Napravit \u010deskou justici je ale pr\u00e1ce na n\u011bkolik volebn\u00edch obdob\u00ed. Zat\u00edm jsme ale je\u0161t\u011b ani neza\u010dali.<\/p>\n\n\n\n<p><strong>Pokud se bav\u00edme o protestech, rezonuje kauza Fakulty humanitn\u00edch studi\u00ed, kde m\u011bla studovat jedna z pachatelek \u017eh\u00e1\u0159sk\u00e9ho \u00fatoku v Pardubic\u00edch. Ministr zahrani\u010d\u00ed Petr Macinka pak upozornil, \u017ee na t\u00e9to fakult\u011b Univerzity Karlovy se u\u010d\u00ed p\u0159edm\u011bty, kde se studenti p\u0159\u00edmo u\u010d\u00ed, jak co nejefektivn\u011bji protestovat, nebo kde sehnat na takov\u00fd protest pen\u00edze. Jak moc velk\u00fd syst\u00e9mov\u00fd probl\u00e9m to je, kdy\u017e n\u00e1m tu vznik\u00e1 v podstat\u011b plnohodnotn\u00e1 profese ob\u010dansk\u00e9ho aktivisty?<\/strong><\/p>\n\n\n\n<p>Vzd\u011bl\u00e1vac\u00ed syst\u00e9m, kter\u00fd produkuje profesion\u00e1ln\u00ed demonstranty, je syst\u00e9m nemocn\u00fd stejn\u011b jako spole\u010dnost, kter\u00e1 takov\u00fd syst\u00e9m vytvo\u0159ila a dr\u017e\u00ed p\u0159i \u017eivot\u011b. D\u00e1l k tomu nen\u00ed co \u0159\u00edct.<\/p>\n\n\n\n<figure class=\"wp-block-image\"><a href=\"https:\/\/www.parlamentnilisty.cz\/profily\/profil.aspx?id=156762\"><img decoding=\"async\" src=\"https:\/\/www.parlamentnilisty.cz\/profily-sprava\/user-data\/93F5F99A\/image\/156762-0401F0A4-3B47-41C2-AB2A-327847194F54_profil_top.jpeg\" alt=\"\"\/><\/a><\/figure>\n\n\n\n<h2 class=\"wp-block-heading\"><a href=\"https:\/\/www.parlamentnilisty.cz\/profily\/profil.aspx?id=156762\">Mgr. Petr Macinka<\/a><\/h2>\n\n\n\n<ul class=\"wp-block-list\">\n<li>AUTO<\/li>\n\n\n\n<li><\/li>\n\n\n\n<li>m\u00edstop\u0159edseda vl\u00e1dy<\/li>\n<\/ul>\n\n\n\n<p><strong>Jak\u00e9 m\u00e1te p\u0159ibli\u017en\u011b p\u016fl roku od voleb ohlasy od voli\u010d\u016f vy?<\/strong><\/p>\n\n\n\n<p>Up\u0159\u00edmn\u011b \u0159e\u010deno; velmi \u010dasto rozpa\u010dit\u00e9. SPD pot\u0159ebuje nov\u00fd impuls, a to jak obsahov\u00fd, tak person\u00e1ln\u00ed. Pot\u0159ebujeme nov\u00e9 \u010dleny a pot\u0159ebujeme tak\u00e9 p\u0159izp\u016fsobit n\u00e1\u0161 politick\u00fd program sou\u010dasn\u00fdm probl\u00e9m\u016fm. To je ale v dob\u011b, kdy se sv\u011bt velmi rychle m\u011bn\u00ed, zcela p\u0159irozen\u00e9.<\/p>\n\n\n\n<p><strong>\u017d\u00e1dn\u00e1 politick\u00e1 strana ne\u017eije ve vzduchopr\u00e1zdnu. A je tak\u00e9 samoz\u0159ejm\u011b na\u010dase, abychom si zhodnotili \u010dinnost na\u0161ich ministr\u016f a p\u0159\u00edpadn\u011b v tomto ohledu vyvodili n\u011bjak\u00e9 z\u00e1v\u011bry.<br>Podle v\u00e1s ministerstva SPD pracuj\u00ed \u0161patn\u011b?<\/strong><\/p>\n\n\n\n<p><\/p>\n\n\n\n<p>\u0158ekl bych sp\u00ed\u0161, \u017ee ne v\u0161echna pracuj\u00ed dob\u0159e. Jedno dokonce tak m\u00e1lo dob\u0159e, \u017ee bychom podle m\u011b m\u011bli uva\u017eovat o zm\u011bn\u011b ministra.<\/p>\n\n\n\n<p><strong>Jak\u00e9 ministerstvo to je?<\/strong><\/p>\n\n\n\n<p>Nezlobte se, ale to si nap\u0159ed mus\u00edme vy\u0159\u00edkat v r\u00e1mci strany a pak v r\u00e1mci koalice. Mysl\u00edm ale, \u017ee si to ka\u017ed\u00fd, kdo jen trochu sleduje politiku, snadno domysl\u00ed.<\/p>\n\n\n\n<p><strong>T\u00e9matem, o kter\u00e9m se v posledn\u00ed dob\u011b tak\u00e9 hodn\u011b hovo\u0159\u00ed a kter\u00e9 poznamen\u00e1v\u00e1 vztahy mezi n\u00e1rody Evropy, jsou kv\u011btnov\u00e9 Sudeton\u011bmeck\u00e9 dny, konan\u00e9 v Brn\u011b. Jak by se k t\u00e9to ud\u00e1losti m\u011bla podle v\u00e1s postavit \u010cesk\u00e1 republika?<\/strong><\/p>\n\n\n\n<p>Jsem pro to, abychom se d\u00edvali p\u0159edev\u0161\u00edm do budoucnosti, proto\u017ee minulost u\u017e stejn\u011b nezm\u011bn\u00edme. To ale neznamen\u00e1, \u017ee bychom m\u011bli zapom\u00ednat a u\u017e v\u016fbec to neznamen\u00e1, \u017ee bychom m\u011bli strp\u011bt provokace \u010di zpochyb\u0148ov\u00e1n\u00ed na\u0161\u00ed st\u00e1tnosti v jej\u00ed sou\u010dasn\u00e9 podob\u011b.<\/p>\n\n\n\n<p>A kv\u011btnov\u00e9 Sudeton\u011bmeck\u00e9 dny v Brn\u011b pova\u017euji za \u00fapln\u011b stejnou provokaci jako slova Petra Pavla o likvidaci \u010cesk\u00e9 republiky a jej\u00ed n\u00e1sledn\u00e9 za\u010dlen\u011bn\u00ed do n\u011bjak\u00fdch evropsk\u00fdch spojen\u00fdch st\u00e1t\u016f. Up\u0159\u00edmn\u011b \u0159e\u010deno, nech\u00e1pu, pro\u010d kandidoval do \u010dela zem\u011b, kterou chce zru\u0161it. Jedin\u00e9 rozumn\u00e9 vysv\u011btlen\u00ed je, \u017ee to je prachoby\u010dejn\u00e1 vy\u017e\u00edrka.<\/p>\n","protected":false},"excerpt":{"rendered":"<p>28.04.2026 4:40 | Rozhovor autor:&nbsp;Jakub Vos\u00e1hlo Poslanec SPD Jaroslav Foldyna se v rozhovoru pro Parlamentn\u00edListy.cz neb\u00fdval\u00e9 tvrd\u011b op\u0159el do prezidenta Petra Pavla, kter\u00e9ho ozna\u010dil za \u201eprachoby\u010dejnou vy\u017e\u00edrku\u201c a vysv\u011btlil pro\u010d. Promluvil tak\u00e9 o vztaz\u00edch se Srbskem. Kritice se nevyhnula EU a Danu\u0161e Nerudov\u00e1 a vyj\u00e1d\u0159il se i k protest\u016fm a d\u011bn\u00ed kolem \u010cesk\u00e9 televize. V &hellip; <a href=\"https:\/\/www.podivinsky.cz\/?p=23871\" class=\"more-link\">Pokra\u010dov\u00e1n\u00ed textu <span class=\"screen-reader-text\">\u201ePrachoby\u010dejn\u00e1 vy\u017e\u00edrka.\u201c Foldyna tvrd\u011b ude\u0159il na Pavla. A tady je d\u016fvod<\/span> <span class=\"meta-nav\">&rarr;<\/span><\/a><\/p>\n","protected":false},"author":1,"featured_media":0,"comment_status":"closed","ping_status":"closed","sticky":false,"template":"","format":"standard","meta":{"footnotes":""},"categories":[9],"tags":[],"class_list":["post-23871","post","type-post","status-publish","format-standard","hentry","category-pc"],"_links":{"self":[{"href":"https:\/\/www.podivinsky.cz\/index.php?rest_route=\/wp\/v2\/posts\/23871","targetHints":{"allow":["GET"]}}],"collection":[{"href":"https:\/\/www.podivinsky.cz\/index.php?rest_route=\/wp\/v2\/posts"}],"about":[{"href":"https:\/\/www.podivinsky.cz\/index.php?rest_route=\/wp\/v2\/types\/post"}],"author":[{"embeddable":true,"href":"https:\/\/www.podivinsky.cz\/index.php?rest_route=\/wp\/v2\/users\/1"}],"replies":[{"embeddable":true,"href":"https:\/\/www.podivinsky.cz\/index.php?rest_route=%2Fwp%2Fv2%2Fcomments&post=23871"}],"version-history":[{"count":1,"href":"https:\/\/www.podivinsky.cz\/index.php?rest_route=\/wp\/v2\/posts\/23871\/revisions"}],"predecessor-version":[{"id":23872,"href":"https:\/\/www.podivinsky.cz\/index.php?rest_route=\/wp\/v2\/posts\/23871\/revisions\/23872"}],"wp:attachment":[{"href":"https:\/\/www.podivinsky.cz\/index.php?rest_route=%2Fwp%2Fv2%2Fmedia&parent=23871"}],"wp:term":[{"taxonomy":"category","embeddable":true,"href":"https:\/\/www.podivinsky.cz\/index.php?rest_route=%2Fwp%2Fv2%2Fcategories&post=23871"},{"taxonomy":"post_tag","embeddable":true,"href":"https:\/\/www.podivinsky.cz\/index.php?rest_route=%2Fwp%2Fv2%2Ftags&post=23871"}],"curies":[{"name":"wp","href":"https:\/\/api.w.org\/{rel}","templated":true}]}}