{"id":23877,"date":"2026-04-29T05:33:23","date_gmt":"2026-04-29T04:33:23","guid":{"rendered":"https:\/\/www.podivinsky.cz\/?p=23877"},"modified":"2026-04-29T05:33:30","modified_gmt":"2026-04-29T04:33:30","slug":"havel-s-nimi-spolupracoval-zeman-ci-klausuv-kancler-o-sudetskych-nemcich","status":"publish","type":"post","link":"https:\/\/www.podivinsky.cz\/?p=23877","title":{"rendered":"\u201eHavel s nimi spolupracoval.\u201c Zeman \u010di Klaus\u016fv kancl\u00e9\u0159 o sudetsk\u00fdch N\u011bmc\u00edch"},"content":{"rendered":"\n<p>29.04.2026 4:46 | Report\u00e1\u017e<\/p>\n\n\n\n<p><em>autor:&nbsp;<a href=\"https:\/\/www.parlamentnilisty.cz\/redakce\/autor\/Radim%20Panenka\"><strong>Radim Panenka<\/strong><\/a><\/em><\/p>\n\n\n\n<p><strong>\u010ce\u0161t\u00ed zr\u00e1dci a kolaboranti zvou do Brna potomky odsunut\u00fdch N\u011bmc\u016f, kte\u0159\u00ed vra\u017edili na\u0161e p\u0159edky. S t\u00edmto z\u00e1v\u011brem byla v \u00fater\u00fd ve\u010der zavr\u0161ena konference k chystan\u00e9mu sjezdu Sudeton\u011bmeck\u00e9ho landsman\u0161aftu v Brn\u011b. Promluvil prezident Milo\u0161 Zeman, \u0161\u00e9f Institutu V\u00e1clava Klause Ji\u0159\u00ed Weigl, sen\u00e1torka Hamplov\u00e1 \u010di poslanec Rajchl. Padlo hned n\u011bkolik d\u016fvod\u016f, pro\u010d sraz potomk\u016f odsunut\u00fdch N\u011bmc\u016f, kte\u0159\u00ed podporovali Hitlera, nem\u00e1 v na\u0161i zemi co d\u011blat.<\/strong><\/p>\n\n\n\n<figure class=\"wp-block-image\"><img decoding=\"async\" src=\"https:\/\/cms.parlamentnilisty.cz\/image.ashx?w=632&amp;h=307&amp;f=IMG_8273_639130054929668808.JPG&amp;id=201574\" alt=\"\u201eHavel s nimi spolupracoval.\u201c Zeman \u010di Klaus\u016fv kancl\u00e9\u0159 o sudetsk\u00fdch N\u011bmc\u00edch\"\/><figcaption class=\"wp-element-caption\"><small>Foto:&nbsp;<strong>Kancel\u00e1\u0159 Milo\u0161e Zemana<\/strong><br>Popisek:&nbsp;<strong>Konference o \u010desk\u00fdch n\u00e1rodn\u00edch z\u00e1jmech proti kon\u00e1n\u00ed sjezdu Sudeton\u011bmeck\u00e9ho landsman\u0161aftu v Brn\u011b<\/strong><\/small><\/figcaption><\/figure>\n\n\n\n<p><\/p>\n\n\n\n<p>Obrana \u010desk\u00fdch n\u00e1rodn\u00edch z\u00e1jm\u016f v reflexi aktu\u00e1ln\u00edch snah uspo\u0159\u00e1dat sjezd Sudeton\u011bmeck\u00e9ho landsman\u0161aftu v Brn\u011b. Pod t\u00edmto n\u00e1zvem se na pra\u017esk\u00e9 Novotn\u00e9ho l\u00e1vce se\u0161lo n\u011bkolik zn\u00e1m\u00fdch politick\u00fdch osobnost\u00ed k diskusi nad kritizovanou brn\u011bnskou akc\u00ed. Nejv\u011bt\u0161\u00ed s\u00e1l zdej\u0161\u00edch konferen\u010dn\u00edch prostor praskal ve \u0161vech. Des\u00edtky host\u016f v publiku musely st\u00e1t pod\u00e9l zd\u00ed s\u00e1lu.<\/p>\n\n\n\n<p><\/p>\n\n\n\n<p>Prvn\u00edm \u0159e\u010dn\u00edkem, kter\u00fd p\u0159i sv\u00e9m p\u0159\u00edchodu sklidil dlouh\u00fd potlesk vestoje, byl b\u00fdval\u00fd prezident republiky Milo\u0161 Zeman. Ten vyzval \u010desk\u00fd n\u00e1rod, aby se neusmi\u0159oval se zlem.<\/p>\n\n\n\n<figure class=\"wp-block-image\"><a href=\"https:\/\/www.parlamentnilisty.cz\/profily\/profil.aspx?id=1195\"><img decoding=\"async\" src=\"https:\/\/www.parlamentnilisty.cz\/profily-sprava\/user-data\/664A00A0\/image\/44742-Milos%20Zeman_oficialni_profil_top.jpg\" alt=\"\"\/><\/a><\/figure>\n\n\n\n<h2 class=\"wp-block-heading\"><a href=\"https:\/\/www.parlamentnilisty.cz\/profily\/profil.aspx?id=1195\">Ing. Milo\u0161 Zeman<\/a><\/h2>\n\n\n\n<ul class=\"wp-block-list\">\n<li>BPP<\/li>\n\n\n\n<li>Prvn\u00ed p\u0159\u00edmo zvolen\u00fd prezident \u010cR<\/li>\n\n\n\n<li><\/li>\n<\/ul>\n\n\n\n<p>\u201eV roce 1946 holandsk\u00fd historik publikoval \u010dl\u00e1nek, ve kter\u00e9m ozna\u010dil sudetsk\u00e9 N\u011bmce za p\u00e1tou kolonu Adolfa Hitlera a jeden ze zdroj\u016f rozbit\u00ed tehdej\u0161\u00edho \u010ceskoslovenska. Konec konc\u016f, Henlein byl skute\u010dn\u011b prodlou\u017eenou rukou Hitlera a sestavil Sudeton\u011bmeckou stranu, kterou v posledn\u00edch parlamentn\u00edch volb\u00e1ch podpo\u0159ilo 90 procent sudetsk\u00fdch N\u011bmc\u016f. Pot\u00e9 se moci v protektor\u00e1tu ujal sudetsk\u00fd N\u011bmec z Karlovarska Karl Hermann Frank, kter\u00fd byl faktick\u00fdm spr\u00e1vcem protektor\u00e1tu. Za jeho vl\u00e1dy bylo popraveno 160 tis\u00edc na\u0161ich ob\u010dan\u016f. Posledn\u00ed historick\u00fd fakt, kter\u00fd v\u0161ichni zn\u00e1te, je n\u00e1sleduj\u00edc\u00ed. \u010cl\u00e1nek 13 Postupimsk\u00e9 dohody mluv\u00ed o transferu nejenom N\u011bmc\u016f z \u010ceskoslovenska, ale tak\u00e9 z Polska i Ma\u010farska. Jaksi jsem si nev\u0161iml, \u017ee by v t\u011bchto zem\u00edch prob\u00edhal sudeton\u011bmeck\u00fd sjezd. Tolik k historii,\u201d uvedl Milo\u0161 Zeman.<\/p>\n\n\n\n<p>Zm\u00ednil d\u00e1le, \u017ee by se v n\u00e1sleduj\u00edc\u00ed \u010d\u00e1sti projevu mohl pustit do opr\u00e1vn\u011bn\u00e9 kritiky sudetsk\u00fdch N\u011bmc\u016f. \u201cChci ale mluvit o n\u011b\u010dem jin\u00e9m. O servilit\u011b \u010d\u00e1sti \u010desk\u00e9ho n\u00e1roda. O servilit\u011b, kter\u00e1 se d\u00e1 p\u0159ejmenovat na kolaboraci a t\u00edm chci b\u00fdt jako v\u017edy ve sv\u00e9m \u017eivot\u011b velice nepohodln\u00fd. Kritizovat sudetsk\u00e9 N\u011bmce um\u00ed ka\u017ed\u00fd. Ale zamysleme se nad t\u00edm, \u017ee v roce 1942 V\u00e1clavsk\u00e9 n\u00e1m\u011bst\u00ed zaplnilo 250 tis\u00edc \u010cech\u016f, zejm\u00e9na Pra\u017ean\u016f na manifestaci, kde p\u0159\u00edsahali v\u011brnost \u0159\u00ed\u0161i. Vezm\u011bte si rok 1949, kdy servilita v\u016f\u010di jin\u00e9mu re\u017eimu vedla k tomu, \u017ee doch\u00e1zely pr\u00e1deln\u00ed ko\u0161e napln\u011bn\u00e9 rezolucemi pracuj\u00edc\u00edch, kter\u00e9 vy\u017eadovaly popravu Milady Hor\u00e1kov\u00e9. A vezm\u011bme si, kdy\u017e u\u017e vynech\u00e1m servilitu v\u016f\u010di Moskv\u011b po roce 1968, servilitu ze sou\u010dasn\u00e9 doby. Existuje politick\u00e1 neziskovka, kter\u00e1 se jmenuje Meeting Brno. Jak m\u011b informovali organiz\u00e1to\u0159i protestn\u00ed demonstrace, kter\u00e1 se m\u00e1 proti sudeton\u011bmeck\u00e9mu sn\u011bmu konat, je to neziskovka dotovan\u00e1 brn\u011bnsk\u00fdm magistr\u00e1tem a pen\u00edze dost\u00e1v\u00e1 i z rozpo\u010dtu Jihomoravsk\u00e9ho kraje. Tato neziskovka pozvala pana Posselta jako p\u0159edsedu Sudeton\u011bmeck\u00e9ho landsman\u0161aftu, aby sv\u016fj dal\u0161\u00ed sn\u011bm uspo\u0159\u00e1dal pr\u00e1v\u011b v Brn\u011b. P\u0159ipad\u00e1 mi, \u017ee t\u00edm navazuj\u00ed na tradici l\u00eds\u00e1n\u00ed se k mocn\u00fdm a kolaborace. Je to t\u011b\u017ek\u00e9 obvin\u011bn\u00ed, ale je bohu\u017eel podlo\u017eeno historick\u00fdmi fakty,\u201d konstatovala b\u00fdval\u00e1 hlava st\u00e1tu.<\/p>\n\n\n\n<p>\u201eReinhard Heydrich \u0159ekl o \u010ce\u0161\u00edch dv\u011b zaj\u00edmav\u00e9 v\u011bty. Prvn\u00ed byla, \u017ee tato zem\u011b byla v\u017edy n\u011bmeck\u00e1 a \u010cech zde nem\u00e1 co pohled\u00e1vat. Druh\u00e1 v\u011bta je m\u00e9n\u011b zn\u00e1m\u00e1. \u010cechy ozna\u010dil za sm\u011bj\u00edc\u00ed se bestie. V z\u00e1v\u011bre\u010dn\u00e9 \u010d\u00e1sti sv\u00e9ho p\u0159\u00edsp\u011bvku bych v\u00e1s cht\u011bl sezn\u00e1mit s v\u00fdplodem vlastn\u00edho ducha, a to je alternativn\u00ed program Sudeton\u011bmeck\u00e9ho sn\u011bmu. N\u011bco jako apokryfn\u00ed sc\u00e9n\u00e1\u0159. M\u00e1 pouh\u00fdch 5 bod\u016f. Bod prvn\u00ed: ud\u011blen\u00ed \u0158\u00e1du b\u00edl\u00e9ho lva Berndu Posseltovi. Bod druh\u00fd: n\u00e1v\u0161t\u011bva v pankr\u00e1ck\u00e9 sekyr\u00e1rn\u011b. Bod t\u0159et\u00ed: prohl\u00eddka b\u00fdval\u00fdch kancel\u00e1\u0159\u00ed gestapa v Petschkov\u011b pal\u00e1ci, bod \u010dtvrt\u00fd: v\u00fdlet do Terez\u00edna a bod p\u00e1t\u00fd: uk\u00e1zka organiza\u010dn\u00edho um\u011bn\u00ed volksgenosse Karla Hermanna Franka p\u0159i ter\u00e9nn\u00edch \u00faprav\u00e1ch v obci, kter\u00e1 se jmenovala Lidice. Jsem sm\u011bj\u00edc\u00ed se bestie. A tato tragick\u00e1 fakta bych cht\u011bl tlumo\u010dit v duchu \u0160kvoreck\u00e9ho Ho\u0159k\u00e9ho sm\u00edchu. Skon\u010dil bych pozn\u00e1mkou: lid\u00e9 serviln\u00ed, lid\u00e9, kte\u0159\u00ed se r\u00e1di p\u0159il\u00edsaj\u00ed k jak\u00e9koli moci, jednou podep\u00ed\u0161\u00ed Antichartu, jednou zvac\u00ed dopis Berndu Posseltovi. Tito lid\u00e9 v\u00e1m budou \u0159\u00edkat, \u017ee jim jde o sm\u00ed\u0159en\u00ed. Anglick\u00fd p\u0159eklad slova usm\u00ed\u0159en\u00ed je appeasement. Z\u00e1jemci o historii zajist\u00e9 v\u011bd\u00ed, \u017ee usm\u00ed\u0159en\u00ed neboli appeasement vedl k Mnichovsk\u00e9 dohod\u011b. Proto bych skon\u010dil jednoduchou prosbou. Nesna\u017eme se usmi\u0159ovat se zlem,\u201d dodal prezident Milo\u0161 Zeman.<\/p>\n\n\n\n<h2 class=\"wp-block-heading\">Psali jsme:<\/h2>\n\n\n\n<ul class=\"wp-block-list\">\n<li><a href=\"https:\/\/www.parlamentnilisty.cz\/arena\/monitor\/Nechceme-prolamovat-dekrety-rika-Posselt-Jenze-ve-stanovach-je-neco-docela-jineho-790031\">Nechceme prolamovat dekrety, \u0159\u00edk\u00e1 Posselt. Jen\u017ee ve stanov\u00e1ch je n\u011bco docela jin\u00e9ho<\/a><\/li>\n\n\n\n<li><a href=\"https:\/\/www.parlamentnilisty.cz\/arena\/monitor\/Dechovka-a-papalasske-rauty-Vyslo-najevo-o-sjezdu-Sudetaku-v-Brne-789226\">Dechovka a papal\u00e1\u0161sk\u00e9 rauty. Vy\u0161lo najevo o sjezdu Sude\u0165\u00e1k\u016f v Brn\u011b<\/a><\/li>\n\n\n\n<li><a href=\"https:\/\/www.parlamentnilisty.cz\/arena\/rozhovory\/Kdo-tu-vita-Sudetaky-Drulak-zahrnul-i-BIS-786133\">Kdo tu v\u00edt\u00e1 Sude\u0165\u00e1ky. Drul\u00e1k zahrnul i BIS<\/a><\/li>\n<\/ul>\n\n\n\n<p>B\u00fdval\u00fd prezidentsk\u00fd kancl\u00e9\u0159 a nyn\u00ed \u0159editel Institutu V\u00e1clava Klause Ji\u0159\u00ed Weigl zd\u016fraznil, \u017ee chystan\u00e1 sudeton\u011bmeck\u00e1 akce v Brn\u011b v\u016fbec nen\u00ed o \u010desko-n\u011bmeck\u00e9m sm\u00ed\u0159en\u00ed. \u201eOrganiz\u00e1to\u0159i t\u00edm argumentuj\u00ed a sna\u017e\u00ed se tak legitimizovat bezprecedentn\u00ed \u010din. Je to fale\u0161n\u00e9. \u010ce\u0161i a N\u011bmci jsou d\u00e1vno sm\u00ed\u0159en\u00ed, \u017e\u00e1dn\u00e9 nep\u0159\u00e1telstv\u00ed neexistuje. Pouze jsou na obou stran\u00e1ch n\u011bkte\u0159\u00ed lid\u00e9, kte\u0159\u00ed nejsou sm\u00ed\u0159en\u00ed s v\u00fdsledky 2. sv\u011btov\u00e9 v\u00e1lky. Nen\u00ed to probl\u00e9m \u010desko-n\u011bmeck\u00fd, ale \u010desko-\u010desk\u00fd. Snaha sudeton\u011bmeckou ot\u00e1zku o\u017eivovat a vracet jako t\u00e9ma do \u010desk\u00e9 politiky je d\u00edlem t\u011bch, kte\u0159\u00ed se domn\u00edvaj\u00ed, \u017ee t\u00edm z\u00edskaj\u00ed podporu a pozornost z N\u011bmecka. Je d\u016fle\u017eit\u00e9 si to uv\u011bdomit. Signat\u00e1\u0159i petice na podporu t\u00e9 akce jsou lid\u00e9, jejich\u017e jm\u00e9na se kryj\u00ed se jm\u00e9ny, kter\u00e1 m\u016f\u017eete vid\u011bt na demonstraci spolku Milionu chvilek, dne\u0161n\u00ed opozice atd. Je to politick\u00fd projekt, kter\u00fd nem\u00e1 za c\u00edl zlep\u0161it vztahy s N\u011bmeckem, ale naopak je problematizovat,\u201d sd\u011blil Weigl.<\/p>\n\n\n\n<p>\u201eAkce se m\u00e1 z\u00fa\u010dastnit \u00fa\u010dastnit i bavorsk\u00fd S\u00f6der a spolkov\u00fd ministr vnitra Dobrindt, co\u017e je velk\u00e1 zkou\u0161ka pro \u010deskou vl\u00e1du, jak se k tomu postav\u00ed. Odehr\u00e1v\u00e1 se zde velmi z\u00e1va\u017en\u00fd pokus vr\u00e1tit historii zp\u00e1tky do hry. Je to o to nebezpe\u010dn\u011bj\u0161\u00ed, \u017ee sou\u010dasn\u011b m\u016f\u017eeme pozorovat, co se d\u011bje ve vztaz\u00edch ma\u010farsko-slovensk\u00fdch. Na Slovensku to byla hlavn\u00ed opozi\u010dn\u00ed strana Progresivn\u00ed Slovensko, kter\u00e1 tam do politick\u00e9 debaty&nbsp;vnesla t\u00e9ma Bene\u0161ov\u00fdch dekret\u016f jako z\u00e1le\u017eitosti, kter\u00e1 diskriminuje slovensk\u00e9 ob\u010dany ma\u010farsk\u00e9 n\u00e1rodnosti. Zintenzivnily se \u00fatoky \u010desk\u00fdch celebrit a intelektu\u00e1l\u016f na prezidenta Bene\u0161e a jsou vedeny \u00fatoky proti jeho d\u00edlu, odkazu a je po\u017eadov\u00e1no, aby k jeho so\u0161e na Loret\u00e1nsk\u00e9m n\u00e1m\u011bst\u00ed byla p\u0159ilo\u017eena vysv\u011btluj\u00edc\u00ed tabulka, \u017ee umo\u017enil n\u00e1stup komunismu a jin\u00e9 v\u011bci. To hl\u00e1saj\u00ed lid\u00e9 jako Pithart, Kalvoda a v\u016fbec jim nevad\u00ed, \u017ee n\u00e1stup komunismu umo\u017enil politick\u00e9 kari\u00e9ry jejich otc\u016fm, z \u010deho\u017e oni odvodili sv\u00e9 prominentn\u00ed postaven\u00ed v \u010desk\u00e9 spole\u010dnosti a\u0165 v opozici nebo na re\u017eimn\u00ed stran\u011b,\u201d z\u00fa\u010dtoval b\u00fdval\u00fd hradn\u00ed kancl\u00e9\u0159.<\/p>\n\n\n\n<p>P\u0159ipomn\u011bl, \u017ee V\u00e1clav Havel se sudetsk\u00fdmi N\u011bmci spolupracoval a \u0159ada jeho koleg\u016f ot\u00e1zku odsunu N\u011bmc\u016f v disentu nastolila u\u017e v 80. letech nebo d\u0159\u00edve. \u201eHavel t\u00e9ma p\u0159ijal za sv\u00e9 a cht\u011bl m\u00edt N\u011bmecko na sv\u00e9 stran\u011b. Jako dramatik se domn\u00edval, \u017ee slo\u017eit\u00e9 probl\u00e9my na sc\u00e9n\u011b je mo\u017en\u00e9 vy\u0159e\u0161it dramatick\u00fdm gestem a to byl ko\u0159en jeho omluvy sudetsk\u00fdm N\u011bmc\u016fm, kterou vyslovil bez p\u0159\u00edpravy po sv\u00e9m zvolen\u00ed prezidentem a vyvolal velk\u00e9 pobou\u0159en\u00ed \u010desk\u00e9 ve\u0159ejnosti. Havel dokonce \u0159\u00edkal, nab\u00eddl Helmutu Kohlovi, aby sudet\u0161t\u00ed N\u011bmci a jejich potomci dostali \u010deskoslovensk\u00e9 ob\u010danstv\u00ed a Kohl na to v\u016fbec nereagoval. Pak byla i snaha umo\u017enit jim \u00fa\u010dastnit se \u010desk\u00e9 privatizace,\u201d dodal Ji\u0159\u00ed Weigl.<\/p>\n\n\n\n<p>Jan \u0160olta, kter\u00fd konferenci spoluorganizoval, s\u00e1lu prozradil, \u017ee se pokusili zv\u00e1t i n\u011bkolik historik\u016f, kte\u0159\u00ed ale \u00fa\u010dast na akci tohoto typu odm\u00edtli. Podle \u0160olty se b\u00e1li. \u201eMaj\u00ed r\u016fzn\u00e9 granty, p\u0159ij\u00edmaj\u00ed dotace i z N\u011bmecka a boj\u00ed se, \u017ee by o to p\u0159i\u0161li, tak sem rad\u011bji odm\u00edtli j\u00edt,\u201d uvedl.<\/p>\n\n\n\n<p>Sen\u00e1torka Jana Zwyrtek Hamplov\u00e1 uvedla, \u017ee bychom se m\u011bli pt\u00e1t, pro\u010d se vlastn\u011b sjezd kon\u00e1 v \u010cesk\u00e9 republice, pro\u010d se kon\u00e1 pr\u00e1v\u011b v Brn\u011b a pro\u010d pr\u00e1v\u011b nyn\u00ed. \u201eO \u017e\u00e1dn\u00e9 sm\u00ed\u0159en\u00ed nejde, jak doktor Weigl \u0159ekl, k tomu u\u017e d\u00e1vno do\u0161lo. C\u00edlem nen\u00ed uzav\u0159en\u00ed, ale otev\u0159en\u00ed t\u00e9to ot\u00e1zky. Vn\u00e1\u0161\u00ed se neklid do \u010desko-n\u011bmeck\u00fdch vztah\u016f. Na akci v Brn\u011b se pod\u00edl\u00ed ofici\u00e1ln\u00ed kruhy. Jsou tam p\u0159\u00edmo i nep\u0159\u00edmo pen\u00edze z N\u011bmecka, z Jihomoravsk\u00e9ho kraje. C\u00edlem v\u0161eho je na\u0161i zemi oslabit, rozh\u00e1dat. Mysl\u00ed si n\u011bkdo, \u017ee N\u011bmecko n\u011bkdy bylo a n\u011bkdy bude n\u00e1\u0161 p\u0159\u00edtel?\u201d ptala se Hamplov\u00e1.<\/p>\n\n\n\n<figure class=\"wp-block-image\"><a href=\"https:\/\/www.parlamentnilisty.cz\/profily\/profil.aspx?id=12318\"><img decoding=\"async\" src=\"https:\/\/www.parlamentnilisty.cz\/profily-sprava\/user-data\/A4705922\/image\/60629-9_profil_top.jpg\" alt=\"\"\/><\/a><\/figure>\n\n\n\n<h2 class=\"wp-block-heading\"><a href=\"https:\/\/www.parlamentnilisty.cz\/profily\/profil.aspx?id=12318\">Mgr. Jana Zwyrtek Hamplov\u00e1<\/a><\/h2>\n\n\n\n<ul class=\"wp-block-list\">\n<li>NEZ<\/li>\n\n\n\n<li><\/li>\n\n\n\n<li>sen\u00e1torka<\/li>\n<\/ul>\n\n\n\n<p>Poslanec a \u0161\u00e9f strany PRO Jind\u0159ich Rajchl konstatoval, \u017ee \u017eijeme v dob\u011b v\u0161eobecn\u00e9ho revizionismu. \u201eP\u0159episuj\u00ed se d\u011bjiny. Za\u010d\u00edn\u00e1 to u komick\u00fdch pokus\u016f pan\u00ed Nerudov\u00e9, \u017ee n\u00e1s osvobodili Ameri\u010dan\u00e9 a Rusov\u00e9 n\u00e1s v roce 45 okupovali. Data 29. z\u00e1\u0159\u00ed a 15. b\u0159ezen se vyml\u010duj\u00ed, p\u0159esto\u017ee m\u011bla daleko hor\u0161\u00ed dopady ne\u017e srpen 1968. Je to snaha zapomenout na vinu n\u011bmeck\u00e9ho nacismu, kter\u00fd zp\u016fsobil druhou sv\u011btovou v\u00e1lku a zabil miliony lid\u00ed na evropsk\u00e9m kontinentu. Mus\u00edme tomuto revizionismu odolat. Revizionismus nen\u00ed n\u00e1hoda, ale c\u00edlen\u00fd proces, jeho\u017e d\u016fsledkem m\u00e1 b\u00fdt postupn\u00e9 omezov\u00e1n\u00ed svrchovanosti vedouc\u00ed ke ztr\u00e1t\u011b na\u0161\u00ed suverenity. Nen\u00ed n\u00e1hoda, \u017ee v\u0161echny v\u011bci p\u0159ich\u00e1zej\u00ed v jeden moment, kdy tu m\u00e1me zpochyb\u0148ov\u00e1n\u00ed Bene\u0161ov\u00fdch dekret\u016f, sjezd Sudeton\u011bmeck\u00e9ho landsman\u0161aftu v Brn\u011b a do toho prezidenta republiky, kter\u00fd hovo\u0159\u00ed o tom, \u017ee by m\u011bly vzniknout Spojen\u00e9 st\u00e1ty evropsk\u00e9. Dovolte mi nahlas \u0159\u00edct, \u017ee ka\u017ed\u00fd, kdo mluv\u00ed o teoretick\u00e9 mo\u017enosti vzniku Spojen\u00fdch st\u00e1t\u016f evropsk\u00fdch, fakticky hovo\u0159\u00ed o z\u00e1niku svrchovanosti \u010cesk\u00e9 republiky a takov\u00fd \u010dlov\u011bk je pro m\u011b kolaborant a zr\u00e1dce,\u201d \u0159ekl drsn\u011b na adresu Petra Pavla.<\/p>\n\n\n\n<figure class=\"wp-block-image\"><a href=\"https:\/\/www.parlamentnilisty.cz\/profily\/profil.aspx?id=132491\"><img decoding=\"async\" src=\"https:\/\/www.parlamentnilisty.cz\/profily-sprava\/user-data\/7483C849\/image\/152752-rajchl_profil_top.jpg\" alt=\"\"\/><\/a><\/figure>\n\n\n\n<h2 class=\"wp-block-heading\"><a href=\"https:\/\/www.parlamentnilisty.cz\/profily\/profil.aspx?id=132491\">JUDr. Jind\u0159ich Rajchl<\/a><\/h2>\n\n\n\n<ul class=\"wp-block-list\">\n<li>PRO<\/li>\n\n\n\n<li>P\u0159edseda strany Pr\u00e1vo Respekt Odbornost<\/li>\n\n\n\n<li>poslanec<\/li>\n<\/ul>\n\n\n\n<p>Rajchl vyzval, abychom nepou\u017e\u00edvali term\u00edn Sudety. \u201eOdm\u00edt\u00e1m jej pou\u017e\u00edvat. Je to poni\u017euj\u00edc\u00ed a degraduj\u00edc\u00ed v\u016f\u010di na\u0161\u00ed zemi. \u017d\u00e1dn\u00e9 Sudety neexistuj\u00ed. Je to nacistick\u00fd koncept, jeho\u017e \u00falohou byla snaha odtrhnout \u010d\u00e1st na\u0161\u00ed zem\u011b, odtrhnout ji z na\u0161eho l\u016fna a vytvo\u0159it p\u0159edpol\u00ed k obsazen\u00ed cel\u00e9 na\u0161\u00ed zem\u011b. Nepou\u017e\u00edvejme tento term\u00edn, Sudety neexistuj\u00ed. Je to \u010desk\u00e9 pohrani\u010d\u00ed pat\u0159\u00edc\u00ed na\u0161\u00ed zemi. Nem\u016f\u017eeme ani na okam\u017eik p\u0159ipustit jak\u00e9koli rozm\u011bl\u0148ov\u00e1n\u00ed tohoto faktu. Nesouhlas\u00edm i s term\u00ednem sm\u00ed\u0159en\u00ed. O \u017e\u00e1dn\u00e9 sm\u00ed\u0159en\u00ed nejde. Sm\u00ed\u0159it se m\u016f\u017eete s n\u011bk\u00fdm, kdo se v\u00e1m up\u0159\u00edmn\u011b chce p\u0159ij\u00edt omluvit za to, co v minulosti ud\u011blal. Ne s n\u011bk\u00fdm, kdo chce zru\u0161it Bene\u0161ovy dekrety a revizi majetkov\u011b-pr\u00e1vn\u00edho uspo\u0159\u00e1d\u00e1n\u00ed po druh\u00e9 sv\u011btov\u00e9 v\u00e1lce. To je jejich skute\u010dn\u00fd c\u00edl. Cht\u011bj\u00ed rozb\u00edt \u010ceskou republiku, zlikvidovat Bene\u0161ovy dekrety a spustit s\u00e9rii proces\u016f s n\u00e1vratem majetku. D\u016frazn\u011b p\u0159ed t\u00edm varuji,\u201d pokra\u010doval poslanec.<\/p>\n\n\n\n<p>\u201eNesouhlas\u00edm se samotn\u00fdm kon\u00e1n\u00edm sjezdu v Brn\u011b. Je to nejen nebezpe\u010dn\u00e9, ale je to obrovsk\u00e1 ur\u00e1\u017eka na\u0161ich p\u0159edk\u016f. Obrovsk\u00e1 ur\u00e1\u017eka. Pod\u00edvejme se do historie Sudeton\u011bmeck\u00e9ho landsman\u0161aftu, kter\u00fd navazuje na Sudeton\u011bmeckou stranu Konrada Henleina. Najdete tam mu\u017ee, kter\u00fd byl nejvy\u0161\u0161\u00edm p\u0159edstavitelem Hitlerjugend v protektor\u00e1tu a pravou rukou K. H. Franka. Tento mu\u017e byl p\u0159edsedou landsman\u0161aftu je\u0161t\u011b v roce 1993. Kdy\u017e se hl\u00e1sil do SS, na sv\u00e9 p\u0159ihl\u00e1\u0161ce uvedl jako sv\u016fj nejv\u00fdznamn\u011bj\u0161\u00ed po\u010din rozbit\u00ed \u010ceskoslovenska.<\/p>\n\n\n\n<p>\u201eSudeton\u011bmeck\u00fd landsman\u0161aft je slo\u017een z n\u011bkolika spolk\u016f. Jedn\u00edm z nich je Witikobund e.V. Najd\u011bte si jejich web. Je tam z\u00e1lo\u017eka s n\u00e1zvem \u201enavr\u00e1cen\u00ed ukraden\u00e9ho majetku\u201c. Hovo\u0159\u00ed o na\u0161em pohrani\u010d\u00ed jako o ukraden\u00e9m majetku a tvrd\u00ed tam, \u017ee \u00fazem\u00ed na\u0161\u00ed zem\u011b bylo v\u017edy sou\u010d\u00e1st\u00ed Germ\u00e1nie a m\u011blo by se do n\u00ed znovu vr\u00e1tit. Je to pon\u00ed\u017een\u00ed na\u0161eho n\u00e1roda, ur\u00e1\u017eka p\u0159edk\u016f a obrovsk\u00fd vyk\u0159i\u010dn\u00edk pro budoucnost, kter\u00fd m\u016f\u017ee znamenat rozklad na\u0161\u00ed suverenity. Budu proti tomu v\u017edy bojovat. Nejv\u00edc mi nevad\u00ed, \u017ee N\u011bmci maj\u00ed tyto snahy. Nejv\u00edc mi vad\u00ed zbab\u011blost n\u011bkter\u00fdch na\u0161ich politik\u016f, kte\u0159\u00ed nejsou schopni se proti tomu vymezit. A je\u0161t\u011b v\u00edc m\u011b pobu\u0159uje servilita dal\u0161\u00ed \u010d\u00e1sti na\u0161\u00ed spole\u010dnosti, kter\u00e1 tomu nad\u0161en\u011b tlesk\u00e1. Nesm\u00edme ml\u010det a va\u0161e \u00fa\u010dast zde je z\u00e1rukou toho, \u017ee my u\u017e ml\u010det nebudeme. Jsme hrd\u00e1 \u010cesk\u00e1 republika a nikdy nebudeme sou\u010d\u00e1st\u00ed n\u011bjak\u00e9 evropsk\u00e9 \u0159\u00ed\u0161e,\u201c dodal Jind\u0159ich Rajchl.<\/p>\n","protected":false},"excerpt":{"rendered":"<p>29.04.2026 4:46 | Report\u00e1\u017e autor:&nbsp;Radim Panenka \u010ce\u0161t\u00ed zr\u00e1dci a kolaboranti zvou do Brna potomky odsunut\u00fdch N\u011bmc\u016f, kte\u0159\u00ed vra\u017edili na\u0161e p\u0159edky. S t\u00edmto z\u00e1v\u011brem byla v \u00fater\u00fd ve\u010der zavr\u0161ena konference k chystan\u00e9mu sjezdu Sudeton\u011bmeck\u00e9ho landsman\u0161aftu v Brn\u011b. Promluvil prezident Milo\u0161 Zeman, \u0161\u00e9f Institutu V\u00e1clava Klause Ji\u0159\u00ed Weigl, sen\u00e1torka Hamplov\u00e1 \u010di poslanec Rajchl. Padlo hned n\u011bkolik d\u016fvod\u016f, &hellip; <a href=\"https:\/\/www.podivinsky.cz\/?p=23877\" class=\"more-link\">Pokra\u010dov\u00e1n\u00ed textu <span class=\"screen-reader-text\">\u201eHavel s nimi spolupracoval.\u201c Zeman \u010di Klaus\u016fv kancl\u00e9\u0159 o sudetsk\u00fdch N\u011bmc\u00edch<\/span> <span class=\"meta-nav\">&rarr;<\/span><\/a><\/p>\n","protected":false},"author":1,"featured_media":0,"comment_status":"closed","ping_status":"closed","sticky":false,"template":"","format":"standard","meta":{"footnotes":""},"categories":[9],"tags":[],"class_list":["post-23877","post","type-post","status-publish","format-standard","hentry","category-pc"],"_links":{"self":[{"href":"https:\/\/www.podivinsky.cz\/index.php?rest_route=\/wp\/v2\/posts\/23877","targetHints":{"allow":["GET"]}}],"collection":[{"href":"https:\/\/www.podivinsky.cz\/index.php?rest_route=\/wp\/v2\/posts"}],"about":[{"href":"https:\/\/www.podivinsky.cz\/index.php?rest_route=\/wp\/v2\/types\/post"}],"author":[{"embeddable":true,"href":"https:\/\/www.podivinsky.cz\/index.php?rest_route=\/wp\/v2\/users\/1"}],"replies":[{"embeddable":true,"href":"https:\/\/www.podivinsky.cz\/index.php?rest_route=%2Fwp%2Fv2%2Fcomments&post=23877"}],"version-history":[{"count":1,"href":"https:\/\/www.podivinsky.cz\/index.php?rest_route=\/wp\/v2\/posts\/23877\/revisions"}],"predecessor-version":[{"id":23878,"href":"https:\/\/www.podivinsky.cz\/index.php?rest_route=\/wp\/v2\/posts\/23877\/revisions\/23878"}],"wp:attachment":[{"href":"https:\/\/www.podivinsky.cz\/index.php?rest_route=%2Fwp%2Fv2%2Fmedia&parent=23877"}],"wp:term":[{"taxonomy":"category","embeddable":true,"href":"https:\/\/www.podivinsky.cz\/index.php?rest_route=%2Fwp%2Fv2%2Fcategories&post=23877"},{"taxonomy":"post_tag","embeddable":true,"href":"https:\/\/www.podivinsky.cz\/index.php?rest_route=%2Fwp%2Fv2%2Ftags&post=23877"}],"curies":[{"name":"wp","href":"https:\/\/api.w.org\/{rel}","templated":true}]}}