{"id":23879,"date":"2026-04-29T09:33:24","date_gmt":"2026-04-29T08:33:24","guid":{"rendered":"https:\/\/www.podivinsky.cz\/?p=23879"},"modified":"2026-04-29T09:33:31","modified_gmt":"2026-04-29T08:33:31","slug":"odstrel-ministryne-mrazove-zapojen-blesk-i-manzele-simackovi","status":"publish","type":"post","link":"https:\/\/www.podivinsky.cz\/?p=23879","title":{"rendered":"Odst\u0159el ministryn\u011b Mr\u00e1zov\u00e9. Zapojen Blesk i man\u017eel\u00e9 \u0160im\u00e1\u010dkovi"},"content":{"rendered":"\n<p>28.04.2026 22:20 | Monitoring<\/p>\n\n\n\n<p><em>autor:&nbsp;<a href=\"https:\/\/www.parlamentnilisty.cz\/redakce\/redakce\/\"><strong>Nat\u00e1lie Bro\u017eovsk\u00e1<\/strong><\/a><\/em><\/p>\n\n\n\n<p><strong>Na Ministerstvu pro m\u00edstn\u00ed rozvoj se \u0159e\u0161\u00ed nap\u011bt\u00ed kolem ru\u0161en\u00ed m\u00edst i budoucnosti Agentury pro soci\u00e1ln\u00ed za\u010dle\u0148ov\u00e1n\u00ed. Do debaty se vlo\u017eila b\u00fdval\u00e1 zmocn\u011bnkyn\u011b pro lidsk\u00e1 pr\u00e1va Kl\u00e1ra \u0160im\u00e1\u010dkov\u00e1 Lauren\u010d\u00edkov\u00e1, kter\u00e1 mo\u017en\u00e9 zru\u0161en\u00ed agentury ozna\u010dila za \u201emimo\u0159\u00e1dn\u011b nebezpe\u010dn\u00e9\u201c. Agenturu p\u0159itom do b\u0159ezna vedl jej\u00ed man\u017eel Martin \u0160im\u00e1\u010dek, kter\u00fd se do jej\u00edho \u010dela vr\u00e1til za vl\u00e1dy Petra Fialy. Parlamentn\u00ed listy u\u017e d\u0159\u00edve upozornily na \u0161ir\u0161\u00ed vazby man\u017eel\u016f \u0160im\u00e1\u010dkov\u00fdch kolem st\u00e1tu, neziskov\u00e9ho sektoru a ve\u0159ejn\u00fdch pen\u011bz.<\/strong><\/p>\n\n\n\n<figure class=\"wp-block-image\"><img decoding=\"async\" src=\"https:\/\/cms.parlamentnilisty.cz\/image.ashx?w=632&amp;h=307&amp;f=HNS_5302_639014803874053319.JPG&amp;id=199061\" alt=\"Odst\u0159el ministryn\u011b Mr\u00e1zov\u00e9. Zapojen Blesk i man\u017eel\u00e9 \u0160im\u00e1\u010dkovi\"\/><figcaption class=\"wp-element-caption\"><small>Foto:&nbsp;<strong>Hans \u0160tembera<\/strong><br>Popisek:&nbsp;<strong>Zuzana Mr\u00e1zov\u00e1, ministryn\u011b pro m\u00edstn\u00ed rozvoj<\/strong><\/small><\/figcaption><\/figure>\n\n\n\n<p>DLE MNE JESTLI M\u00c1 T\u00c1HNOUT MR\u00c1ZOV\u00c1 PRY\u010c- TAK ZA TO, \u017dE CHCE ZAPLEVELIT REPUBLIKU 200M VYSOK\u00ddMI SRA\u010cKOMETY A ZAB\u00cdJE\u010cI PT\u00c1K\u016e, HNUSNOKRAJIN\u00cdKY- V\u011aTRN\u00cdKY TAM, KDE NEMAJ\u00cd CO D\u011aLAT, ANI\u017d BY RESPEKTOVALA M\u00cdSTN\u00cd ZASTUPITELSTVA A NEBRALA Z\u0158ETEL NA OPRADOV\u00c9 BROWNFIELDY!<\/p>\n\n\n\n<p>Nap\u011bt\u00ed na Ministerstvu pro m\u00edstn\u00ed rozvoj pod veden\u00edm Zuzany Mr\u00e1zov\u00e9 z ANO se dostalo do ve\u0159ejn\u00e9ho prostoru p\u0159es&nbsp;<a href=\"https:\/\/www.blesk.cz\/clanek\/zpravy-politika\/837760\/ministryne-od-tyce-v-problemech-pod-mrazovou-to-na-mmr-vre-ze-ji-hanba-nefackuje-oboril-se-bartos.html\" rel=\"noreferrer noopener\" target=\"_blank\">\u010dl\u00e1nek Blesku<\/a>, kter\u00fd s odkazem na z\u00e1kulisn\u00ed informace popsal neklid na resortu.<\/p>\n\n\n\n<p>Zam\u011bstnanci maj\u00ed podle \u010dl\u00e1nku t\u00e1pat v tom, jak d\u00e1l pracovat, \u010d\u00e1st m\u00edst se ru\u0161\u00ed a nejv\u011bt\u0161\u00ed obavy se t\u00fdkaj\u00ed budoucnosti Agentury pro soci\u00e1ln\u00ed za\u010dle\u0148ov\u00e1n\u00ed. Pr\u00e1v\u011b ta dlouhodob\u011b pom\u00e1h\u00e1 obc\u00edm a region\u016fm, kde se \u0159e\u0161\u00ed soci\u00e1ln\u00ed vylou\u010den\u00ed, bydlen\u00ed, vzd\u011bl\u00e1v\u00e1n\u00ed a dal\u0161\u00ed citliv\u00e9 probl\u00e9my.<\/p>\n\n\n\n<p><strong>Barto\u0161 mluv\u00ed o pekle na ministerstvu<\/strong><\/p>\n\n\n\n<p>Den\u00edk do t\u00e9matu zapojil tak\u00e9 Ivana Barto\u0161e z&nbsp;Pir\u00e1t\u016f jako b\u00fdval\u00e9ho ministra pro m\u00edstn\u00ed rozvoj. Ten se do sv\u00e9 n\u00e1stupkyn\u011b pustil&nbsp;ost\u0159e, zm\u00ednil t\u0159eba odvol\u00e1n\u00ed Leo Steinera, kter\u00e9ho si na \u00fa\u0159ad p\u0159ivedl.&nbsp;\u201eDle m\u00fdch informac\u00ed zam\u011bstnanci MMR, kte\u0159\u00ed vn\u00edmaj\u00ed svoji pr\u00e1ci jako sv\u00e9 posl\u00e1n\u00ed, za\u017e\u00edvaj\u00ed doslova peklo, anebo jsou rovnou vyhozeni,\u201c \u0159ekl Blesku Barto\u0161.&nbsp;<\/p>\n\n\n\n<h2 class=\"wp-block-heading\">Psali jsme:<\/h2>\n\n\n\n<ul class=\"wp-block-list\">\n<li><a href=\"https:\/\/www.parlamentnilisty.cz\/arena\/monitor\/Hrib-vyzval-Babise-Odvolejte-tu-ministryni-a-jmenujte-konecne-nekoho-kompetentniho-790584\">H\u0159ib vyzval Babi\u0161e: Odvolejte tu ministryni a jmenujte kone\u010dn\u011b n\u011bkoho kompetentn\u00edho<\/a><\/li>\n<\/ul>\n\n\n\n<p>Vedle kritiky d\u011bn\u00ed na resortu ale \u010dl\u00e1nek Blesku zaujal i zp\u016fsobem, jak\u00fdm mluvil o samotn\u00e9 ministryni. Zuzanu Mr\u00e1zovou v titulku ozna\u010dil jako \u201eministryni od ty\u010de\u201c. Sexistickou nar\u00e1\u017ekou tak p\u0159ipomn\u011bl jej\u00ed kon\u00ed\u010dek pole dance, co\u017e je ve skute\u010dnosti sportovn\u00ed tanec u ty\u010de.<\/p>\n\n\n\n<p>\u010cl\u00e1nek zmi\u0148uje tak\u00e9 p\u0159\u00edb\u011bh Agentury pro soci\u00e1ln\u00ed za\u010dle\u0148ov\u00e1n\u00ed. V regionech i mezi neziskov\u00fdmi organizacemi pr\u00fd z krok\u016f ministerstva bij\u00ed na poplach. Na obranu agentury vznikla&nbsp;<a href=\"https:\/\/www.petice.com\/vyzva_k_zachovani_funkni_systematicke_a_profesionalni_podpory_agentury_pro_socialni_zaleovani_obcim_a_partnerm_v_oblasti_socialniho_zaleovani\" rel=\"noreferrer noopener\" target=\"_blank\">petice<\/a>, pod kterou se podepsaly des\u00edtky z\u00e1stupc\u016f m\u011bst i odborn\u00edk\u016f. Zalo\u0159ila ji n\u00e1m\u011bstkyn\u011b prim\u00e1tora D\u011b\u010d\u00edna Anna Lehk\u00e1, a postavila se za ni i&nbsp;b\u00fdval\u00e1 zmocn\u011bnkyn\u011b pro lidsk\u00e1 pr\u00e1va Kl\u00e1ra \u0160im\u00e1\u010dkov\u00e1 Lauren\u010d\u00edkov\u00e1. Ta mo\u017en\u00e9 zru\u0161en\u00ed agentury ozna\u010dila za mimo\u0159\u00e1dn\u011b v\u00e1\u017en\u00fd krok. \u201eZru\u0161en\u00ed agentury pova\u017euji za mimo\u0159\u00e1dn\u011b nebezpe\u010dn\u00e9,\u201c uvedla.<\/p>\n\n\n\n<p><strong>Petice m\u00ed\u0159\u00ed na Mr\u00e1zovou i Babi\u0161e<\/strong><\/p>\n\n\n\n<p>Petice n\u00e1zev \u201eV\u00fdzva k zachov\u00e1n\u00ed funk\u010dn\u00ed, systematick\u00e9 a profesion\u00e1ln\u00ed podpory Agentury pro soci\u00e1ln\u00ed za\u010dle\u0148ov\u00e1n\u00ed obc\u00edm a partner\u016fm v oblasti soci\u00e1ln\u00edho za\u010dle\u0148ov\u00e1n\u00ed\u201c a obrac\u00ed se p\u0159\u00edmo na ministryni Zuzanu Mr\u00e1zovou i premi\u00e9ra Andreje Babi\u0161e z hnut\u00ed ANO.<\/p>\n\n\n\n<p>Auto\u0159i petice v \u00favodu \u017e\u00e1daj\u00ed, aby st\u00e1t zachoval podporu agentury pro obce a dal\u0161\u00ed partnery v oblasti soci\u00e1ln\u00edho za\u010dle\u0148ov\u00e1n\u00ed: \u201eMy, n\u00ed\u017ee podepsan\u00ed, se na V\u00e1s obrac\u00edme s \u017e\u00e1dost\u00ed o zaji\u0161t\u011bn\u00ed funk\u010dn\u00ed, systematick\u00e9 a profesion\u00e1ln\u00ed podpory Agentury pro soci\u00e1ln\u00ed za\u010dle\u0148ov\u00e1n\u00ed obc\u00edm a partner\u016fm v oblasti soci\u00e1ln\u00edho za\u010dle\u0148ov\u00e1n\u00ed v souvislosti s p\u0159ipravovan\u00fdmi zm\u011bnami na Ministerstvu pro m\u00edstn\u00ed rozvoj \u010cR, kter\u00e9 se maj\u00ed z\u00e1sadn\u00edm zp\u016fsobem dotknout jej\u00edho fungov\u00e1n\u00ed,\u201c stoj\u00ed ve v\u00fdzv\u011b.<\/p>\n\n\n\n<p>Signat\u00e1\u0159i upozor\u0148uj\u00ed, \u017ee podle dostupn\u00fdch informac\u00ed se m\u00e1 agentury dotknout rozs\u00e1hl\u00e1 restrukturalizace. Vad\u00ed jim p\u0159edev\u0161\u00edm to, \u017ee podle nich nejsou jasn\u00e9 d\u016fvody ani dopady p\u0159ipravovan\u00fdch zm\u011bn.<\/p>\n\n\n\n<p>V petici se d\u00e1le p\u00ed\u0161e, \u017ee obce a partne\u0159i nebyli s chystan\u00fdmi kroky p\u0159edem sezn\u00e1meni: \u201eZ dostupn\u00fdch informac\u00ed vypl\u00fdv\u00e1, \u017ee Ministerstvo pro m\u00edstn\u00ed rozvoj \u010cR po\u010d\u00edt\u00e1 s rozs\u00e1hlou restrukturalizac\u00ed a v\u00fdrazn\u00fdmi zm\u011bnami ve vedouc\u00edch pozic\u00edch v Agentu\u0159e. D\u016fvody t\u011bchto krok\u016f n\u00e1m nejsou zn\u00e1my, stejn\u011b jako jejich dopady na spolupr\u00e1ci v \u00fazem\u00ed. Tyto zm\u011bny nebyly p\u0159edem projedn\u00e1ny s obcemi ani s dal\u0161\u00edmi dlouhodob\u00fdmi partnery, kte\u0159\u00ed slu\u017eby Agentury ka\u017edodenn\u011b vyu\u017e\u00edvaj\u00ed,\u201c uv\u00e1d\u011bj\u00ed auto\u0159i petice.<\/p>\n\n\n\n<p>V\u00fdzva z\u00e1rove\u0148 p\u0159ipom\u00edn\u00e1, \u017ee Agentura pro soci\u00e1ln\u00ed za\u010dle\u0148ov\u00e1n\u00ed nen\u00ed podle signat\u00e1\u0159\u016f jen administrativn\u00ed slo\u017ekou, ale d\u016fle\u017eit\u00fdm n\u00e1strojem st\u00e1tu p\u0159\u00edmo v ter\u00e9nu. Jej\u00ed v\u00fdznam podle nich spo\u010d\u00edv\u00e1 v dlouhodob\u00e9 pr\u00e1ci s obcemi, odborn\u00e9m z\u00e1zem\u00ed a schopnosti propojovat r\u016fzn\u00e9 instituce.<\/p>\n\n\n\n<p>Krom\u011b toho auto\u0159i petice popisuj\u00ed, v \u010dem podle nich spo\u010d\u00edv\u00e1 hlavn\u00ed p\u0159\u00ednos agentury: \u201eAgenturu pro soci\u00e1ln\u00ed za\u010dle\u0148ov\u00e1n\u00ed vn\u00edm\u00e1me jako d\u016fle\u017eit\u00fd n\u00e1stroj st\u00e1tu pro \u0159e\u0161en\u00ed soci\u00e1ln\u00edho vylou\u010den\u00ed p\u0159\u00edmo v \u00fazem\u00ed. Jej\u00ed p\u0159\u00ednos spo\u010d\u00edv\u00e1 v dlouhodob\u00e9 a systematick\u00e9 podpo\u0159e, kter\u00e1 zahrnuje analytickou pr\u00e1ci, strategick\u00e9 pl\u00e1nov\u00e1n\u00ed, projektov\u00e9 poradenstv\u00ed, facilitaci jedn\u00e1n\u00ed, vzd\u011bl\u00e1v\u00e1n\u00ed i pomoc p\u0159i \u0159e\u0161en\u00ed krizov\u00fdch situac\u00ed,\u201c stoj\u00ed v textu.<\/p>\n\n\n\n<p>Za kl\u00ed\u010dovou ozna\u010duj\u00ed pravidelnou p\u0159\u00edtomnost pracovn\u00edk\u016f agentury v regionech a jejich schopnost propojovat samospr\u00e1vy, \u0161koly, soci\u00e1ln\u00ed slu\u017eby, policii, neziskov\u00e9 organizace i st\u00e1tn\u00ed spr\u00e1vu.<\/p>\n\n\n\n<p>Zd\u016fraz\u0148uj\u00ed, \u017ee pracovn\u00edci agentury pom\u00e1haj\u00ed jednotliv\u00e1 opat\u0159en\u00ed propojovat do funk\u010dn\u00edho celku: \u201eKl\u00ed\u010dov\u00e1 je p\u0159edev\u0161\u00edm pravideln\u00e1 p\u0159\u00edtomnost pracovn\u00edk\u016f Agentury v obc\u00edch a jejich schopnost propojovat samospr\u00e1vy, \u0161koly, soci\u00e1ln\u00ed slu\u017eby, policii, neziskov\u00e9 organizace i st\u00e1tn\u00ed spr\u00e1vu tak, aby jednotliv\u00e1 opat\u0159en\u00ed d\u00e1vala smysl jako celek,\u201c uv\u00e1d\u00ed v\u00fdzva.<\/p>\n\n\n\n<p>Mnoho obc\u00ed nem\u00e1 podle signat\u00e1\u0159\u016f dostatek lid\u00ed ani odborn\u00fdch kapacit, aby slo\u017eit\u00e9 probl\u00e9my spojen\u00e9 se soci\u00e1ln\u00edm vylou\u010den\u00edm \u0159e\u0161ilo samo. Podle nich jde o t\u00e9mata, kter\u00e1 p\u0159esahuj\u00ed mo\u017enosti samospr\u00e1v a zasahuj\u00ed do bydlen\u00ed, zam\u011bstnanosti, vzd\u011bl\u00e1v\u00e1n\u00ed, bezpe\u010dnosti, soci\u00e1ln\u00edch slu\u017eeb i legislativy.<\/p>\n\n\n\n<p>Bez odborn\u00e9 podpory by se podle nich obce v t\u011bchto agend\u00e1ch orientovaly jen obt\u00ed\u017en\u011b: \u201eBez odborn\u00e9 podpory a koordinace ze strany Agentury pro soci\u00e1ln\u00ed za\u010dle\u0148ov\u00e1n\u00ed je pro mnoho z n\u00e1s velmi obt\u00ed\u017en\u00e9 se v t\u011bchto agend\u00e1ch orientovat, p\u0159ipravovat kvalitn\u00ed projekty, jednat s jednotliv\u00fdmi resorty nebo dlouhodob\u011b udr\u017eet nastaven\u00e1 opat\u0159en\u00ed,\u201c p\u00ed\u0161\u00ed.<\/p>\n\n\n\n<p>Pr\u00e1v\u011b proto podle nich m\u016f\u017ee m\u00edt oslaben\u00ed agentury konkr\u00e9tn\u00ed dopady p\u0159\u00edmo v \u00fazem\u00ed. Ne\u0161lo by podle petice jen o zm\u011bnu organiza\u010dn\u00ed struktury, ale o riziko rozpadu koordinace, kter\u00e1 v obc\u00edch dlouhodob\u011b funguje. \u201eOslaben\u00ed nebo z\u00e1sadn\u00ed zm\u011bna fungov\u00e1n\u00ed Agentury by znamenala riziko rozpadu t\u00e9to koordinace, n\u00e1vrat k izolovan\u00fdm a m\u00e9n\u011b \u00fa\u010dinn\u00fdm \u0159e\u0161en\u00edm a zhor\u0161en\u00ed situace v obc\u00edch, kter\u00e9 se dlouhodob\u011b pot\u00fdkaj\u00ed se soci\u00e1ln\u00edm vylou\u010den\u00edm,\u201c uv\u00e1d\u00ed.<\/p>\n\n\n\n<p>\u017d\u00e1daj\u00ed proto, aby ministerstvo zachovalo \u010dinnost Agentury pro soci\u00e1ln\u00ed za\u010dle\u0148ov\u00e1n\u00ed nejm\u00e9n\u011b v dosavadn\u00edm rozsahu, kvalit\u011b a zp\u016fsobu. Z\u00e1rove\u0148 po\u017eaduj\u00ed, aby p\u0159\u00edpadn\u00e9 zm\u011bny byly projedn\u00e1ny se v\u0161emi akt\u00e9ry a aby co nejm\u00e9n\u011b zas\u00e1hly do funguj\u00edc\u00edch mechanism\u016f v obc\u00edch. \u201eProto \u017e\u00e1d\u00e1me, aby Ministerstvo pro m\u00edstn\u00ed rozvoj i nad\u00e1le zaji\u0161\u0165ovalo \u010dinnost Agentury pro soci\u00e1ln\u00ed za\u010dle\u0148ov\u00e1n\u00ed minim\u00e1ln\u011b ve stejn\u00e9m rozsahu, kvalit\u011b a zp\u016fsobu jako dosud,\u201c uv\u00e1d\u011bj\u00ed signat\u00e1\u0159i.<\/p>\n\n\n\n<p>Ve v\u00fdzv\u011b \u017e\u00e1daj\u00ed tak\u00e9 jasn\u00e9 vysv\u011btlen\u00ed p\u0159ipravovan\u00fdch zm\u011bn: \u201eSou\u010dasn\u011b v\u00e1s \u017e\u00e1d\u00e1me o vysv\u011btlen\u00ed p\u0159ipravovan\u00fdch zm\u011bn a konkr\u00e9tn\u00edch a jasn\u00fdch z\u00e1ruk, \u017ee kontinuitu spolupr\u00e1ce neohroz\u00ed. Na\u0161\u00edm c\u00edlem nen\u00ed zasahovat do vnit\u0159n\u00edho \u0159\u00edzen\u00ed ministerstva, ale upozornit na mo\u017en\u00e9 dopady t\u011bchto krok\u016f v \u00fazem\u00ed, za kter\u00e9 neseme jako samospr\u00e1va ka\u017edodenn\u00ed odpov\u011bdnost,\u201c uzav\u00edr\u00e1 petice, pod n\u00ed\u017e je jako autorka uvedena Anna Lehk\u00e1, n\u00e1m\u011bstkyn\u011b prim\u00e1tora Statut\u00e1rn\u00edho m\u011bsta D\u011b\u010d\u00edn.&nbsp;<\/p>\n\n\n\n<p>Pr\u00e1v\u011b man\u017eel b\u00fdval\u00e9 zmocn\u011bnkyn\u011b pro lidsk\u00e1 pr\u00e1va Kl\u00e1ry \u0160im\u00e1\u010dkov\u00e9 Lauren\u010d\u00edkov\u00e9, Martin \u0160im\u00e1\u010dek, je p\u0159itom \u0159editelem Agentury pro soci\u00e1ln\u00ed za\u010dle\u0148ov\u00e1n\u00ed. Do jej\u00edho \u010dela se vr\u00e1til v b\u0159eznu 2023 po v\u00fdb\u011brov\u00e9m \u0159\u00edzen\u00ed a do funkce byl jmenov\u00e1n tehdej\u0161\u00ed vl\u00e1dou Petr Fialy (ODS).<\/p>\n\n\n\n<p>P\u0159edt\u00edm \u0160im\u00e1\u010dek agenturu vedl v letech 2009 a\u017e 2015. Tehdy ho odvolal n\u011bkdej\u0161\u00ed ministr pro lidsk\u00e1 pr\u00e1va Ji\u0159\u00ed Dienstbier z \u010cSSD, kter\u00fd krok zd\u016fvod\u0148oval chybami v zak\u00e1zk\u00e1ch. \u0160im\u00e1\u010dek to odm\u00edtal a na jeho stranu se postavili i pracovn\u00edci agentury. Proti odvol\u00e1n\u00ed sv\u00e9ho \u0161\u00e9fa protestovali, v\u011bt\u0161ina zam\u011bstnanc\u016f vstoupila do st\u00e1vky a \u010d\u00e1st podala v\u00fdpov\u011b\u010f. Spor o podobu agentury a jej\u00ed dal\u0161\u00ed fungov\u00e1n\u00ed pak trval n\u011bkolik t\u00fddn\u016f.<\/p>\n\n\n\n<p><strong>Stovky milion\u016f ve smlouv\u00e1ch se st\u00e1tem<\/strong><\/p>\n\n\n\n<p>Parlamentn\u00ed listy u\u017e v roce 2023&nbsp;<a href=\"https:\/\/www.parlamentnilisty.cz\/arena\/monitor\/Smlouvy-se-statem-a-dotace-Stovky-milionu-Neziskova-zmocnenkyne-Simackova-a-jeji-manzel-Zacalo-to-se-Sabatovou-741497\" target=\"_blank\" rel=\"noreferrer noopener\">upozornily<\/a>&nbsp;na \u0161ir\u0161\u00ed souvislosti kolem man\u017eel\u016f Kl\u00e1ry \u0160im\u00e1\u010dkov\u00e9 Lauren\u010d\u00edkov\u00e9 a Martina \u0160im\u00e1\u010dka. Oba se dlouhodob\u011b pohybuj\u00ed v prost\u0159ed\u00ed st\u00e1tu, ministerstev, poradn\u00edch pozic a neziskov\u00e9ho sektoru.&nbsp;<\/p>\n\n\n\n<p>U\u017e tehdy jsme p\u0159ipomn\u011bli, \u017ee \u0160im\u00e1\u010dkov\u00e1 Lauren\u010d\u00edkov\u00e1 p\u016fsobila na ministerstvu \u0161kolstv\u00ed v dob\u011b, kdy resort vedl Ond\u0159ej Li\u0161ka ze Strany zelen\u00fdch. Pozd\u011bji byla spojov\u00e1na s t\u00e9matem inkluze, pracovala v neziskov\u00e9m sektoru a stala se tak\u00e9 vl\u00e1dn\u00ed zmocn\u011bnkyn\u00ed pro lidsk\u00e1 pr\u00e1va.&nbsp;Martin \u0160im\u00e1\u010dek zase pro\u0161el \u010clov\u011bkem v t\u00edsni a Agentura pro soci\u00e1ln\u00ed za\u010dle\u0148ov\u00e1n\u00ed se v jeho kari\u00e9\u0159e objevuje opakovan\u011b.<\/p>\n\n\n\n<p>Pozornost vzbudila i finan\u010dn\u00ed str\u00e1nka organizac\u00ed, ve kter\u00fdch se man\u017eel\u00e9 objevovali. Podle tehdej\u0161\u00edch zji\u0161t\u011bn\u00ed se \u0160im\u00e1\u010dkov\u00e1 Lauren\u010d\u00edkov\u00e1 anga\u017eovala v dev\u00edti neziskov\u00fdch organizac\u00edch a dvou soukrom\u00fdch firm\u00e1ch, kter\u00e9 m\u011bly od roku 2016 se st\u00e1tem celkem 149 smluv v celkov\u00e9 v\u00fd\u0161i 429 milion\u016f korun.<\/p>\n\n\n\n<p>Zmi\u0148ov\u00e1na byla nap\u0159\u00edklad obecn\u011b prosp\u011b\u0161n\u00e1 spole\u010dnost Asistence, kde m\u011bla \u0160im\u00e1\u010dkov\u00e1 Lauren\u010d\u00edkov\u00e1 p\u016fsobit jako p\u0159edsedkyn\u011b spr\u00e1vn\u00ed rady od \u010dervence 2014 do kv\u011btna 2022. Spole\u010dnost podle tehdej\u0161\u00edch \u00fadaj\u016f uzav\u0159ela od roku 2016 se st\u00e1tem 64 smluv za 229 milion\u016f korun a za stejn\u00e9 obdob\u00ed \u010derpala 106 dotac\u00ed p\u0159esahuj\u00edc\u00edch 69 milion\u016f korun.<\/p>\n\n\n\n<p>Dal\u0161\u00ed linkou byla \u010cesk\u00e1 odborn\u00e1 spole\u010dnost pro inkluzivn\u00ed vzd\u011bl\u00e1v\u00e1n\u00ed, kterou \u0160im\u00e1\u010dkov\u00e1 Lauren\u010d\u00edkov\u00e1 spoluzakl\u00e1dala a kter\u00e1 se pozd\u011bji p\u0159ejmenovala na Society for All. V \u010dl\u00e1nku zazn\u011blo, \u017ee tato organizace m\u011bla v roce 2021 rozpo\u010det t\u00e9m\u011b\u0159 11 milion\u016f korun, z \u010deho\u017e t\u00e9m\u011b\u0159 osm milion\u016f m\u011bly tvo\u0159it mzdov\u00e9 n\u00e1klady.<\/p>\n","protected":false},"excerpt":{"rendered":"<p>28.04.2026 22:20 | Monitoring autor:&nbsp;Nat\u00e1lie Bro\u017eovsk\u00e1 Na Ministerstvu pro m\u00edstn\u00ed rozvoj se \u0159e\u0161\u00ed nap\u011bt\u00ed kolem ru\u0161en\u00ed m\u00edst i budoucnosti Agentury pro soci\u00e1ln\u00ed za\u010dle\u0148ov\u00e1n\u00ed. Do debaty se vlo\u017eila b\u00fdval\u00e1 zmocn\u011bnkyn\u011b pro lidsk\u00e1 pr\u00e1va Kl\u00e1ra \u0160im\u00e1\u010dkov\u00e1 Lauren\u010d\u00edkov\u00e1, kter\u00e1 mo\u017en\u00e9 zru\u0161en\u00ed agentury ozna\u010dila za \u201emimo\u0159\u00e1dn\u011b nebezpe\u010dn\u00e9\u201c. Agenturu p\u0159itom do b\u0159ezna vedl jej\u00ed man\u017eel Martin \u0160im\u00e1\u010dek, kter\u00fd se do &hellip; <a href=\"https:\/\/www.podivinsky.cz\/?p=23879\" class=\"more-link\">Pokra\u010dov\u00e1n\u00ed textu <span class=\"screen-reader-text\">Odst\u0159el ministryn\u011b Mr\u00e1zov\u00e9. Zapojen Blesk i man\u017eel\u00e9 \u0160im\u00e1\u010dkovi<\/span> <span class=\"meta-nav\">&rarr;<\/span><\/a><\/p>\n","protected":false},"author":1,"featured_media":0,"comment_status":"closed","ping_status":"closed","sticky":false,"template":"","format":"standard","meta":{"footnotes":""},"categories":[8],"tags":[],"class_list":["post-23879","post","type-post","status-publish","format-standard","hentry","category-koment"],"_links":{"self":[{"href":"https:\/\/www.podivinsky.cz\/index.php?rest_route=\/wp\/v2\/posts\/23879","targetHints":{"allow":["GET"]}}],"collection":[{"href":"https:\/\/www.podivinsky.cz\/index.php?rest_route=\/wp\/v2\/posts"}],"about":[{"href":"https:\/\/www.podivinsky.cz\/index.php?rest_route=\/wp\/v2\/types\/post"}],"author":[{"embeddable":true,"href":"https:\/\/www.podivinsky.cz\/index.php?rest_route=\/wp\/v2\/users\/1"}],"replies":[{"embeddable":true,"href":"https:\/\/www.podivinsky.cz\/index.php?rest_route=%2Fwp%2Fv2%2Fcomments&post=23879"}],"version-history":[{"count":1,"href":"https:\/\/www.podivinsky.cz\/index.php?rest_route=\/wp\/v2\/posts\/23879\/revisions"}],"predecessor-version":[{"id":23880,"href":"https:\/\/www.podivinsky.cz\/index.php?rest_route=\/wp\/v2\/posts\/23879\/revisions\/23880"}],"wp:attachment":[{"href":"https:\/\/www.podivinsky.cz\/index.php?rest_route=%2Fwp%2Fv2%2Fmedia&parent=23879"}],"wp:term":[{"taxonomy":"category","embeddable":true,"href":"https:\/\/www.podivinsky.cz\/index.php?rest_route=%2Fwp%2Fv2%2Fcategories&post=23879"},{"taxonomy":"post_tag","embeddable":true,"href":"https:\/\/www.podivinsky.cz\/index.php?rest_route=%2Fwp%2Fv2%2Ftags&post=23879"}],"curies":[{"name":"wp","href":"https:\/\/api.w.org\/{rel}","templated":true}]}}