{"id":23881,"date":"2026-04-29T09:35:20","date_gmt":"2026-04-29T08:35:20","guid":{"rendered":"https:\/\/www.podivinsky.cz\/?p=23881"},"modified":"2026-04-29T09:35:27","modified_gmt":"2026-04-29T08:35:27","slug":"delejte-neco-muslimove-sikanuji-nemecke-deti-vnucuji-jim-islam","status":"publish","type":"post","link":"https:\/\/www.podivinsky.cz\/?p=23881","title":{"rendered":"\u201eD\u011blejte n\u011bco.\u201c Muslimov\u00e9 \u0161ikanuj\u00ed n\u011bmeck\u00e9 d\u011bti. Vnucuj\u00ed jim isl\u00e1m"},"content":{"rendered":"\n<p>29.04.2026 10:02 | Zpr\u00e1vy<\/p>\n\n\n\n<p><em>autor:&nbsp;<a href=\"https:\/\/www.parlamentnilisty.cz\/redakce\/autor\/Milo%C5%A1%20Pol%C3%A1k\"><strong>Milo\u0161 Pol\u00e1k<\/strong><\/a><\/em><\/p>\n\n\n\n<p><strong>Jestli te\u010f n\u011bco neud\u011bl\u00e1me, za p\u00e1r let m\u016f\u017eeme ho\u0159ce litovat!, mluv\u010d\u00ed protestantsk\u00e9 berl\u00ednsk\u00e9 organizace pro ml\u00e1de\u017e a d\u011bti \u201eArche\u201c Wolfgang B\u00fcscher varuje N\u011bmce p\u0159ed st\u00e1le v\u011bt\u0161\u00edm tlakem isl\u00e1mu na n\u011bmeck\u00fdch \u0161kol\u00e1ch.<\/strong><\/p>\n\n\n\n<figure class=\"wp-block-image\"><img decoding=\"async\" src=\"https:\/\/cms.parlamentnilisty.cz\/image.ashx?w=632&amp;h=307&amp;f=IMG_0038_636658055840573739.jpg&amp;id=133702\" alt=\"\u201eD\u011blejte n\u011bco.\u201c Muslimov\u00e9 \u0161ikanuj\u00ed n\u011bmeck\u00e9 d\u011bti. Vnucuj\u00ed jim isl\u00e1m\"\/><figcaption class=\"wp-element-caption\"><small>Foto:&nbsp;<strong>Hans \u0160tembera<\/strong><br>Popisek:&nbsp;<strong>Vlajka N\u011bmeck\u00e9 spolkov\u00e9 republiky<\/strong><\/small><\/figcaption><\/figure>\n\n\n\n<p>SKL\u00cdZ\u00cdTE CO JSTE ZASELI A JE\u0160T\u011a CHCETE LANDSMAN\u0160AFT V BRN\u011a HAJZLOv\u00c9!<\/p>\n\n\n\n<p>Studenti v berl\u00ednsk\u00fdch \u0161kol\u00e1ch jsou pr\u00fd pod velk\u00fdm tlakem. Jejich muslim\u0161t\u00ed spolu\u017e\u00e1ci na n\u011b maj\u00ed tla\u010dit, aby nelenili a nejl\u00e9pe okam\u017eit\u011b p\u0159ijali isl\u00e1mskou v\u00edru. Wolfgang B\u00fcscher, mluv\u010d\u00ed protestantsk\u00e9 berl\u00ednsk\u00e9 organizace Archa, varuje, \u017ee jde o \u0161ikanu, kter\u00e9 je t\u0159eba \u010delit.<\/p>\n\n\n\n<p>\u201eTlak, kter\u00fd politick\u00fd isl\u00e1m vyv\u00edj\u00ed na spolu\u017e\u00e1ky prost\u0159ednictv\u00edm muslimsk\u00fdch d\u011bt\u00ed v na\u0161ich \u0161kol\u00e1ch, neust\u00e1le roste. Pokud politici nezas\u00e1hnou nyn\u00ed, mohli bychom toho za p\u00e1r let ho\u0159ce litovat,\u201c \u0159ekl online serveru FOCUS B\u00fcscher, mluv\u010d\u00ed protestantsk\u00e9 berl\u00ednsk\u00e9 organizace pro ml\u00e1de\u017e a d\u011bti \u201eArche\u201c.<\/p>\n\n\n\n<p>Informace o tom pr\u00fd B\u00fcscher \u010derp\u00e1 z rozhovor\u016f s pedagogy. Zd\u016fraznil, \u017ee v \u017e\u00e1dn\u00e9m p\u0159\u00edpad\u011b nejde o nijak nov\u00fd jev. \u201eMal\u00ed islamist\u00e9\u201c, jak je ozna\u010dil B\u00fcscher, pr\u00fd \u0159\u00e1d\u00ed na n\u011bkter\u00fdch n\u011bmeck\u00fdch \u0161kol\u00e1ch ji\u017e del\u0161\u00ed \u010das. Jen politici dosud nena\u0161li cestu, jak mal\u00fdm radik\u00e1l\u016fm \u010delit. Muslim\u0161t\u00ed \u017e\u00e1ci se podle mluv\u010d\u00edho k\u0159es\u0165ansk\u00e9 organizace \u010dasto radikalizuj\u00ed doma. Vedou je k tomu pr\u00fd siln\u011b v\u011b\u0159\u00edc\u00ed rodi\u010de.<\/p>\n\n\n\n<p>Vyj\u00e1d\u0159en\u00ed Wolfganga B\u00fcschera zaznamenala&nbsp;<strong><a href=\"https:\/\/www.welt.de\/politik\/deutschland\/video69f044dca68d5b2daea7a9ab\/wolfgang-buescher-arche-chef-warnt-dass-junge-muslime-unglaeubige-schueler-konvertieren-wollen.html\" rel=\"noreferrer noopener\" target=\"_blank\">v report\u00e1\u017ei i Die Welt<\/a><\/strong>, kter\u00fd konstatoval, \u017ee na \u0161kol\u00e1ch s v\u00fdrazn\u00fdm po\u010dtem migrant\u016f doch\u00e1z\u00ed v N\u011bmecku ke sv\u00e9ho druhu duchovn\u00ed \u0161ikan\u011b.<\/p>\n\n\n\n<p>Server nej\u010dten\u011bj\u0161\u00edho n\u011bmeck\u00e9ho&nbsp;<strong><a href=\"https:\/\/www.bild.de\/politik\/inland\/arche-sprecher-schlaegt-alarm-schueler-werden-gedraengt-zum-islam-zu-konvertieren-69ef60957573b6e50794ad80\" rel=\"noreferrer noopener\" target=\"_blank\">den\u00edku Bild<\/a><\/strong>&nbsp;p\u0159ipomn\u011bl, \u017ee Arche je k\u0159es\u0165ansk\u00e1 organizace na ochranu d\u011bt\u00ed a ml\u00e1de\u017ee, kter\u00e1 mimo jin\u00e9 podporuje znev\u00fdhodn\u011bn\u00e9 d\u011bti v Berl\u00edn\u011b bezplatn\u00fdm stravov\u00e1n\u00edm, vzd\u011bl\u00e1vac\u00edmi programy a soci\u00e1ln\u00ed pomoc\u00ed.<\/p>\n\n\n\n<p>Wolfgang B\u00fcscher pracuje pro k\u0159es\u0165anskou organizaci pro d\u011bti a ml\u00e1de\u017e \u201eArche\u201c ji\u017e 20 let a s touto zku\u0161enost\u00ed \u0159\u00edk\u00e1, \u017ee je t\u0159eba zam\u011b\u0159it se p\u0159edev\u0161\u00edm na soci\u00e1ln\u011b slab\u00e9 regiony, kde je podle jeho n\u00e1zoru probl\u00e9m s mal\u00fdmi radik\u00e1ln\u00edmi islamisty nejv\u011bt\u0161\u00ed. \u201ePr\u00e1v\u011b tam je probl\u00e9m nejpal\u010div\u011bj\u0161\u00ed, proto\u017ee pod\u00edl student\u016f s migra\u010dn\u00edm p\u016fvodem dosahuje a\u017e 90 procent,\u201c napsal k tomu&nbsp;<strong><a href=\"https:\/\/www.focus.de\/panorama\/berlin-arche-sprecher-warnt-vor-mini-islamisten-die-unglaeubige-schueler-mobben_31788b3b-0004-4160-917f-0da8fd4285df.html\" rel=\"noreferrer noopener\" target=\"_blank\">server magaz\u00ednu Focus<\/a><\/strong>.<\/p>\n\n\n\n<p>\u201eNa\u0161i zam\u011bstnanci v za\u0159\u00edzen\u00edch Arche mi st\u00e1le \u010dast\u011bji hl\u00e1s\u00ed, \u017ee studenti, kte\u0159\u00ed nedodr\u017euj\u00ed p\u0159\u00edsn\u00e9 z\u00e1sady politick\u00e9ho isl\u00e1mu, jsou ostrakizov\u00e1ni, obt\u011b\u017eov\u00e1ni, zastra\u0161ov\u00e1ni a v n\u011bkter\u00fdch p\u0159\u00edpadech jsou dokonce tla\u010deni ke konvertov\u00e1n\u00ed k isl\u00e1mu, pokud pat\u0159\u00ed k jin\u00e9 v\u00ed\u0159e.\u201c<\/p>\n\n\n\n<h2 class=\"wp-block-heading\">Anketa<\/h2>\n\n\n\n<p>Souhlas\u00edte s tvrzen\u00edm, \u017ee Petr Pavel m\u00e1 v\u00edt\u011bzstv\u00ed ve volb\u00e1ch 2028 jist\u00e9?<\/p>\n\n\n\n<p><a href=\"https:\/\/www.parlamentnilisty.cz\/arena\/monitor\/-Delejte-neco-Muslimove-sikanuji-nemecke-deti-Vnucuji-jim-islam-790618#\">Souhlas\u00edm<\/a><\/p>\n\n\n\n<p>2%<\/p>\n\n\n\n<p><a href=\"https:\/\/www.parlamentnilisty.cz\/arena\/monitor\/-Delejte-neco-Muslimove-sikanuji-nemecke-deti-Vnucuji-jim-islam-790618#\">Nesouhlas\u00edm<\/a><\/p>\n\n\n\n<p>96%<\/p>\n\n\n\n<p><a href=\"https:\/\/www.parlamentnilisty.cz\/arena\/monitor\/-Delejte-neco-Muslimove-sikanuji-nemecke-deti-Vnucuji-jim-islam-790618#\">Nev\u00edm \/ Je mi to jedno<\/a><\/p>\n\n\n\n<p>2%<\/p>\n\n\n\n<p>hlasovalo:&nbsp;<strong>21062 lid\u00ed<\/strong><\/p>\n\n\n\n<p>V N\u011bmecku ji\u017e des\u00edtky let \u017eij\u00ed ture\u010dt\u00ed migranti a jejich potomci. A tato komunita podle B\u00fcschera nen\u00ed ta, kter\u00e1 by v N\u011bmecku d\u011blala probl\u00e9my. \u00da\u0159ady by si podle n\u011bj m\u011bly posv\u00edtit p\u0159edev\u0161\u00edm na rodiny syrsk\u00fdch p\u0159ist\u011bhovalc\u016f, ale i p\u0159ist\u011bhovalc\u016f z palestinsk\u00e9ho P\u00e1sma Gazy, z Ir\u00e1ku.<\/p>\n\n\n\n<p>Ob\u011b\u0165mi v\u0161ak nejsou jen studenti k\u0159es\u0165ansk\u00e9 nebo \u017eidovsk\u00e9 v\u00edry, ale i muslimov\u00e9, kte\u0159\u00ed podle n\u00e1zoru n\u00e1bo\u017eensky radikalizovan\u00fdch d\u011bt\u00ed a teenager\u016f nedodr\u017euj\u00ed p\u0159\u00edsn\u00e1 pravidla politick\u00e9ho isl\u00e1mu. \u201eA v jejich o\u010d\u00edch je ka\u017ed\u00fd, kdo tuto v\u011btev isl\u00e1mu nen\u00e1sleduje, nev\u011b\u0159\u00edc\u00ed.\u201c<\/p>\n\n\n\n<p>B\u00fcscher se ob\u00e1v\u00e1, \u017ee st\u00e1vaj\u00edc\u00ed politici nenajdou odvahu tento probl\u00e9m \u0159e\u0161it. Ob\u00e1v\u00e1 se, \u017ee se nic nezm\u011bn\u00ed. A to je podle jeho n\u00e1zoru jednozna\u010dn\u011b probl\u00e9m. \u201eExtremismus politick\u00e9ho isl\u00e1mu by se mohl b\u011bhem n\u011bkolika le<\/p>\n","protected":false},"excerpt":{"rendered":"<p>29.04.2026 10:02 | Zpr\u00e1vy autor:&nbsp;Milo\u0161 Pol\u00e1k Jestli te\u010f n\u011bco neud\u011bl\u00e1me, za p\u00e1r let m\u016f\u017eeme ho\u0159ce litovat!, mluv\u010d\u00ed protestantsk\u00e9 berl\u00ednsk\u00e9 organizace pro ml\u00e1de\u017e a d\u011bti \u201eArche\u201c Wolfgang B\u00fcscher varuje N\u011bmce p\u0159ed st\u00e1le v\u011bt\u0161\u00edm tlakem isl\u00e1mu na n\u011bmeck\u00fdch \u0161kol\u00e1ch. SKL\u00cdZ\u00cdTE CO JSTE ZASELI A JE\u0160T\u011a CHCETE LANDSMAN\u0160AFT V BRN\u011a HAJZLOv\u00c9! Studenti v berl\u00ednsk\u00fdch \u0161kol\u00e1ch jsou pr\u00fd pod &hellip; <a href=\"https:\/\/www.podivinsky.cz\/?p=23881\" class=\"more-link\">Pokra\u010dov\u00e1n\u00ed textu <span class=\"screen-reader-text\">\u201eD\u011blejte n\u011bco.\u201c Muslimov\u00e9 \u0161ikanuj\u00ed n\u011bmeck\u00e9 d\u011bti. Vnucuj\u00ed jim isl\u00e1m<\/span> <span class=\"meta-nav\">&rarr;<\/span><\/a><\/p>\n","protected":false},"author":1,"featured_media":0,"comment_status":"closed","ping_status":"closed","sticky":false,"template":"","format":"standard","meta":{"footnotes":""},"categories":[9],"tags":[],"class_list":["post-23881","post","type-post","status-publish","format-standard","hentry","category-pc"],"_links":{"self":[{"href":"https:\/\/www.podivinsky.cz\/index.php?rest_route=\/wp\/v2\/posts\/23881","targetHints":{"allow":["GET"]}}],"collection":[{"href":"https:\/\/www.podivinsky.cz\/index.php?rest_route=\/wp\/v2\/posts"}],"about":[{"href":"https:\/\/www.podivinsky.cz\/index.php?rest_route=\/wp\/v2\/types\/post"}],"author":[{"embeddable":true,"href":"https:\/\/www.podivinsky.cz\/index.php?rest_route=\/wp\/v2\/users\/1"}],"replies":[{"embeddable":true,"href":"https:\/\/www.podivinsky.cz\/index.php?rest_route=%2Fwp%2Fv2%2Fcomments&post=23881"}],"version-history":[{"count":1,"href":"https:\/\/www.podivinsky.cz\/index.php?rest_route=\/wp\/v2\/posts\/23881\/revisions"}],"predecessor-version":[{"id":23882,"href":"https:\/\/www.podivinsky.cz\/index.php?rest_route=\/wp\/v2\/posts\/23881\/revisions\/23882"}],"wp:attachment":[{"href":"https:\/\/www.podivinsky.cz\/index.php?rest_route=%2Fwp%2Fv2%2Fmedia&parent=23881"}],"wp:term":[{"taxonomy":"category","embeddable":true,"href":"https:\/\/www.podivinsky.cz\/index.php?rest_route=%2Fwp%2Fv2%2Fcategories&post=23881"},{"taxonomy":"post_tag","embeddable":true,"href":"https:\/\/www.podivinsky.cz\/index.php?rest_route=%2Fwp%2Fv2%2Ftags&post=23881"}],"curies":[{"name":"wp","href":"https:\/\/api.w.org\/{rel}","templated":true}]}}