{"id":23883,"date":"2026-04-29T10:52:44","date_gmt":"2026-04-29T09:52:44","guid":{"rendered":"https:\/\/www.podivinsky.cz\/?p=23883"},"modified":"2026-04-29T10:52:52","modified_gmt":"2026-04-29T09:52:52","slug":"vidlak-babis-se-snazi-ale-tohle-muze-nastat-na-podzim","status":"publish","type":"post","link":"https:\/\/www.podivinsky.cz\/?p=23883","title":{"rendered":"Vidl\u00e1k: Babi\u0161 se sna\u017e\u00ed. Ale tohle m\u016f\u017ee nastat na podzim"},"content":{"rendered":"\n<p>29.04.2026 11:05 | Rozhovor<\/p>\n\n\n\n<p><em>autor:&nbsp;<a href=\"https:\/\/www.parlamentnilisty.cz\/redakce\/redakce\/\"><strong>Jaroslav Polansk\u00fd<\/strong><\/a><\/em><\/p>\n\n\n\n<p><strong>VIDL\u00c1K\u016eV T\u00ddDEN Jestli znovu za\u010dnou l\u00edtat rakety, budou na podzim v\u0161ichni nostalgicky vzpom\u00ednat na dne\u0161n\u00ed ceny, \u0159\u00edk\u00e1 ohledn\u011b cen ropy a v\u00fdrobk\u016f z n\u00ed moravsk\u00fd zem\u011bd\u011blec a bloger Daniel Sterzik, zvan\u00fd Vidl\u00e1k. Pro Parlamentn\u00edListy.cz kvituje, \u017ee se Andrej Babi\u0161 sna\u017e\u00ed zajistit dod\u00e1vky ropy, situaci ov\u0161em popisuje jako klid p\u0159ed bou\u0159\u00ed.<\/strong><\/p>\n\n\n\n<figure class=\"wp-block-image\"><img decoding=\"async\" src=\"https:\/\/cms.parlamentnilisty.cz\/image.ashx?w=632&amp;h=307&amp;f=babis-alijev_639130503867042665.jpg&amp;id=201578\" alt=\"Vidl\u00e1k: Babi\u0161 se sna\u017e\u00ed. Ale tohle m\u016f\u017ee nastat na podzim\"\/><figcaption class=\"wp-element-caption\"><small>Foto:&nbsp;<strong>FCB<\/strong><br>Popisek:&nbsp;<strong>Premi\u00e9r Andrej Babi\u0161 a Ilham Alijev, prezident \u00c1zerbajd\u017e\u00e1nu<\/strong><\/small><\/figcaption><\/figure>\n\n\n\n<p><\/p>\n\n\n\n<p><strong>Dnes se poj\u010fme pro za\u010d\u00e1tek bavit \u010dist\u011b prakticky, proto\u017ee krize v Hormuzsk\u00e9m pr\u016flivu zat\u00edm nekon\u010d\u00ed. Nechme politiku stranou, poj\u010fme skute\u010dn\u011b prakticky. Co se ve va\u0161em okol\u00ed zat\u00edm projevuje, pokud jde o ceny paliv, zejm\u00e9na u podnikatel\u016f?<\/strong><\/p>\n\n\n\n<p>Popsal bych to jako napjat\u00e9 o\u010dek\u00e1v\u00e1n\u00ed. Projevuje se to p\u0159edev\u0161\u00edm t\u00edm, \u017ee v\u00e1m nikdo ned\u00e1 nab\u00eddku na sv\u00e9 produkty \u010di slu\u017eby s n\u011bjakou del\u0161\u00ed platnost\u00ed. \u010ctrn\u00e1ct dn\u00ed ti garantuju cenu, ale pak nev\u00edm. To je te\u010f nej\u010dast\u011bj\u0161\u00ed v\u011bta, kterou v byznysu usly\u0161\u00edte.&nbsp;<\/p>\n\n\n\n<p>Stejn\u011b tak, v\u017edycky, kdy\u017e se ekonomick\u00e1 obloha na obzoru zatahuje temn\u00fdmi mraky, za\u010dnou v\u0161ichni urychlovat svoje investice, aby pen\u00edze utratili, dokud je\u0161t\u011b maj\u00ed n\u011bjakou hodnotu. Te\u010f je p\u0159esn\u011b takov\u00e1 chv\u00edle. Mysl\u00edm, \u017ee \u0159emesln\u00edci i obchodn\u00edci te\u010f za\u017e\u00edvaj\u00ed zv\u00fd\u0161en\u00fd z\u00e1jem. V\u017edycky pak ale pen\u00edze dojdou a o to v\u011bt\u0161\u00ed b\u00fdv\u00e1 propad tr\u017eeb.&nbsp;<\/p>\n\n\n\n<p><strong>Mo\u017en\u00e1 bychom m\u011bli probrat i to, co v\u0161echno se z ropy vyr\u00e1b\u00ed. Jak\u00e1 je podrobn\u00e1 situace, pokud jde o tyto v\u00fdrobky?<\/strong><\/p>\n\n\n\n<p>Z ropy se d\u011bl\u00e1 \u00daPLN\u011a V\u0160ECHNO!&nbsp; A co se ned\u011bl\u00e1 z ropy, to se d\u011bl\u00e1 ze zemn\u00edho plynu. \u017dijeme ve vrcholu doby ropn\u00e9. Cel\u00fd sv\u011bt jede na ropu a zemn\u00ed plyn. Ropa je z\u00e1kladn\u00ed surovina prakticky pro v\u0161echny plasty, od igelitek a\u017e po Lego (akrylonitrilbutadienstyren). Na kilo libovoln\u00e9ho v\u00fdrobku pot\u0159ebujete n\u00e1sobek kilogram\u016f ropy.&nbsp; Dokonce i na kilo prasete pot\u0159ebujete krom\u011b \u010dty\u0159 kilogram\u016f \u017er\u00e1dla i p\u00e1r litr\u016f nafty. Kilo chleba je tak\u00e9 vyfutrovan\u00e9 (krom\u011b vysok\u00e9 mar\u017ee hytlermarket\u016f) n\u011bjak\u00fdm t\u00edm benz\u00ednem. Dokonce ani Va\u0161e vym\u011b\u0161ov\u00e1n\u00ed se dneska neobejde bez plastov\u00e9ho prk\u00fdnka a plastov\u00fdch kanaliza\u010dn\u00edch a vodovodn\u00edch trubek. Jen na Ukrajin\u011b to nahrazuj\u00ed zlatem. To se pr\u00fd v posledn\u00ed dob\u011b osv\u011bd\u010dilo.&nbsp;&nbsp;<\/p>\n\n\n\n<p><\/p>\n\n\n\n<p><strong>Pokud jde o zem\u011bd\u011blstv\u00ed \u2013 v jak\u00e9m horizontu bychom asi mohli m\u00edt probl\u00e9my?<\/strong><\/p>\n\n\n\n<p>Letos maj\u00ed zem\u011bd\u011blci je\u0161t\u011b v\u011bt\u0161\u00ed probl\u00e9m se suchem. M\u00e1me v\u00fdjime\u010dn\u011b such\u00fd b\u0159ezen a duben. Na\u0161t\u011bst\u00ed nem\u00e1me nadpr\u016fm\u011brn\u00e9 teploty. Pokud bude sucho trvat a budou podpr\u016fm\u011brn\u00e9 v\u00fdnosy, budou m\u00edt zem\u011bd\u011blci o to v\u011bt\u0161\u00ed probl\u00e9my, koupit na podzim pot\u0159ebn\u00e1 hnojiva pro dal\u0161\u00ed sez\u00f3nu.&nbsp; Cena tuny nejb\u011b\u017en\u011bj\u0161\u00edho &#8222;ledku&#8220; neboli dusi\u010dnanu amonn\u00e9ho stoupla ze sedmi na deset tis\u00edc korun u\u017e te\u010f.&nbsp; Pokud v\u00edm, nikdo te\u010f nenakupuje, v\u0161ichni v\u011b\u0159\u00ed, \u017ee se to tam v Persk\u00e9m z\u00e1livu urovn\u00e1 a ceny klesnou. Zat\u00edm je to asi spr\u00e1vn\u00e1 taktika. St\u0159\u00edlet se p\u0159estalo, hore\u010dn\u011b se opravuje a \u010dek\u00e1n\u00ed trhy je\u0161t\u011b chv\u00edli vydr\u017e\u00ed.&nbsp; Ale jestli znovu za\u010dnou l\u00edtat rakety, budou na podzim v\u0161ichni nostalgicky vzpom\u00ednat na dne\u0161n\u00ed ceny.&nbsp;<\/p>\n\n\n\n<p><strong>U\u017e jsme to \u0159e\u0161ili, nicm\u00e9n\u011b poj\u010fme tu my\u0161lenku aktualizovat. Pokud by nastalo zdra\u017eov\u00e1n\u00ed potravin v obchodech, co by m\u011bl Babi\u0161 ud\u011blat, aby obst\u00e1l?<\/strong><\/p>\n\n\n\n<p>Sehnat levn\u00fd plyn a levnou ropu, pokud to jde. T\u0159eba od bratia Slov\u00e1k\u016f, t\u011bm u\u017e te\u010f zase Dru\u017eba funguje, kdy\u017e Zelensk\u00e9mu zaplatili devades\u00e1t miliard v\u00fdpaln\u00e9ho&#8230;&nbsp;<\/p>\n\n\n\n<p>Mimochodem, na tom&nbsp; nejl\u00e9pe vid\u00edte, jak\u00fd \u017eaba\u0159 byl tureck\u00fd Erdogan. Tomu platila EU &#8222;jen&#8220; 5 miliard euro za uta\u017een\u00fd kohoutek s migranty. Zelensk\u00fd za uta\u017een\u00fd kohoutek s ropou dostal dvacetkr\u00e1t tolik.&nbsp;<\/p>\n\n\n\n<p>Dokonce m\u00e1m pocit, \u017ee Babi\u0161 u\u017e to d\u011bl\u00e1. Takhle toti\u017e \u010dtu jeho n\u00e1v\u0161t\u011bvu v Azerbajd\u017e\u00e1nu. Za\u0159izuje tam ruskou ropu, ale faktura p\u0159ijde od Alijeva. Bruselsk\u00fd vlk se na\u017eere rusofobie a koza \u010desk\u00e9ho pr\u016fmyslu z\u016fstane cel\u00e1, aby ji n\u011bme\u010dt\u00ed majitel\u00e9 mohli d\u00e1l dojit a\u017e dosucha.&nbsp;<\/p>\n\n\n\n<p><strong>Kdy\u017e u\u017e jsme nakousli zem\u011bd\u011blstv\u00ed, zahl\u00e9dl jsem dnes titulek, \u017ee \u010cesko bojuje za dotace pro Agrofert, zat\u00edmco EU chce omezovat dotace velk\u00fdm zem\u011bd\u011blsk\u00fdm firm\u00e1m. M\u00e1 to \u010dten\u00e1\u0159 ch\u00e1pat tak, \u017ee je okr\u00e1d\u00e1n Babi\u0161em?<\/strong><\/p>\n\n\n\n<p>Agrofert v\u00e1m za ty dotace d\u00e1 Vod\u0148ansk\u00e9 ku\u0159e za sedmdes\u00e1t korun i s mar\u017e\u00ed n\u011bmeck\u00e9ho marketu. Mal\u00ed producenti v\u00e1m za ty dotace daj\u00ed ku\u0159e za dv\u011b stovky.&nbsp;<\/p>\n\n\n\n<p>A co se t\u00fd\u010de dotac\u00ed na rostlinnou v\u00fdrobu, ta je dneska tak nastaven\u00e1, \u017ee je \u00fapln\u011b jedno, jestli pole o\u0159e traktorista, kter\u00fd je z\u00e1rove\u0148 soukrom\u00fdm zem\u011bd\u011blcem a nebo traktorista, kter\u00fd je zam\u011bstnancem koncernu \u010cechy &#8211; Morava &#8211; Slezsko. Cel\u00fd ten k\u0159ik kolem dotac\u00ed je po\u0159\u00e1d stejn\u00fd. M\u00e1me u n\u00e1s po\u010detnou skupinu t\u011bch, kte\u0159\u00ed neskl\u00edzej\u00ed ani tak obil\u00ed, jako dotace. A proto\u017ee se v\u0161echno zdra\u017euje, pot\u0159ebuj\u00ed dostat v\u00edc. A aby mohli dostat v\u00edc, mus\u00ed se n\u011bkomu ubrat. T\u0159eba Babi\u0161ovi.&nbsp;<\/p>\n\n\n\n<p><strong>Cht\u011bl jsem probrat komunitn\u00ed centrum, kter\u00e9 chyst\u00e1te na ji\u017en\u00ed Morav\u011b, pov\u011bstnou \u201es\u00fdpku\u201c. Ale \u010detl jsem, \u017ee \u010dlen ODS z Brna ji chce zap\u00e1lit. To je snad n\u011bjak\u00fd hoax?<\/strong><\/p>\n\n\n\n<p>Ale kdepak hoax. Kdy\u017e jsem ohla\u0161oval tento projekt na s\u00edti X, napsal mi pod to pan \u0160imon\u00edk doslova: &#8222;Bo\u017e\u00ednku, to bude dob\u0159e ho\u0159et.&#8220; Je to v\u00fdhru\u017eka? P\u0159\u00e1n\u00ed v\u0161eho \u0161patn\u00e9ho? Blb\u00fd vtip od blb\u00e9ho Modropt\u00e1ka? Nev\u00edm&#8230; ani policie by nev\u011bd\u011bla. Ani soud by nev\u011bd\u011bl.&nbsp;&nbsp;<\/p>\n\n\n\n<h2 class=\"wp-block-heading\">Fotogalerie: &#8211; Okolo Terstu<\/h2>\n\n\n\n<figure class=\"wp-block-image\"><a href=\"https:\/\/www.parlamentnilisty.cz\/galerie\/foto\/Okolo-Terstu-14113#1\"><img decoding=\"async\" src=\"https:\/\/cms.parlamentnilisty.cz\/image.ashx?w=164&amp;h=120&amp;f=1_639128044310518360.JPG&amp;id=201503\" alt=\"Z\u00e1mek Miramare\"\/><\/a><\/figure>\n\n\n\n<figure class=\"wp-block-image\"><a href=\"https:\/\/www.parlamentnilisty.cz\/galerie\/foto\/Okolo-Terstu-14113#2\"><img decoding=\"async\" src=\"https:\/\/cms.parlamentnilisty.cz\/image.ashx?w=164&amp;h=120&amp;f=2_639128045483097861.JPG&amp;id=201504\" alt=\"Hlavy Habsburk\u016f\"\/><\/a><\/figure>\n\n\n\n<figure class=\"wp-block-image\"><a href=\"https:\/\/www.parlamentnilisty.cz\/galerie\/foto\/Okolo-Terstu-14113#3\"><img decoding=\"async\" src=\"https:\/\/cms.parlamentnilisty.cz\/image.ashx?w=164&amp;h=120&amp;f=3_639128046173025114.JPG&amp;id=201505\" alt=\"Med\u00faza v mo\u0159i\"\/><\/a><\/figure>\n\n\n\n<figure class=\"wp-block-image\"><a href=\"https:\/\/www.parlamentnilisty.cz\/galerie\/foto\/Okolo-Terstu-14113#4\"><img decoding=\"async\" src=\"https:\/\/cms.parlamentnilisty.cz\/image.ashx?w=164&amp;h=120&amp;f=4_639128046602716119.JPG&amp;id=201506\" alt=\"Vstup do jeskyn\u011b Grotta Gigante\"\/><\/a><\/figure>\n\n\n\n<figure class=\"wp-block-image\"><a href=\"https:\/\/www.parlamentnilisty.cz\/galerie\/foto\/Okolo-Terstu-14113#5\"><img decoding=\"async\" src=\"https:\/\/cms.parlamentnilisty.cz\/image.ashx?w=164&amp;h=120&amp;f=5_639128047674411275.JPG&amp;id=201507\" alt=\"V jeskyni Grotta Gigante\"\/><\/a><\/figure>\n\n\n\n<figure class=\"wp-block-image\"><a href=\"https:\/\/www.parlamentnilisty.cz\/galerie\/foto\/Okolo-Terstu-14113#6\"><img decoding=\"async\" src=\"https:\/\/cms.parlamentnilisty.cz\/image.ashx?w=164&amp;h=120&amp;f=6_639128048220801596.JPG&amp;id=201508\" alt=\"V jeskyni Grotta Gigante\"\/><\/a><\/figure>\n\n\n\n<p>V\u00edte, jak\u00fd je rozd\u00edl mezi Hus\u00e1kem a \u0160imon\u00edkem? Hus\u00e1k v\u00e1s nechal na pokoji, pokud jste nechali na pokoji jeho. \u0160imon\u00edk naopak je p\u0159ipraven \u0161kodit i t\u011bm, kte\u0159\u00ed si ho nev\u0161\u00edmaj\u00ed.&nbsp;<\/p>\n\n\n\n<p><strong>\u0158ekn\u011bte, Dane, zcela up\u0159\u00edmn\u011b: chcete hostit \u010deskou alternativu v komunitn\u00edm centru na Morav\u011b. To v\u00e1m asi nikdo neuv\u011b\u0159\u00ed, \u017ee jste \u00fapln\u011b rezignoval na dal\u0161\u00ed politick\u00e9 p\u016fsoben\u00ed?<\/strong><\/p>\n\n\n\n<p>V roce 2021 jsem po volb\u00e1ch, kter\u00e9 vyhr\u00e1l Fiala, \u0159ekl, \u017ee mus\u00edme m\u00edt vlastn\u00ed m\u00e9dia.&nbsp; A jedno takov\u00e9 jsem zalo\u017eil. Vidl\u00e1kovy kydy maj\u00ed celorepublikov\u00fd, ba i p\u0159eshrani\u010dn\u00ed dosah. \u010cten\u00e1\u0159i mi pomohli.&nbsp; Pak, kdy\u017e jsem m\u011bl dosah, jsem \u0159ekl, \u017ee mus\u00edme m\u00edt vlastn\u00ed politiku. Takovou, aby opravdu reflektovala z\u00e1jmy doln\u00edch deseti milion\u016f ob\u010dan\u016f. A tak jsem jedno takov\u00e9 hnut\u00ed zalo\u017eil.&nbsp;\u010cten\u00e1\u0159i mi pomohli.&nbsp;Hnut\u00ed Sta\u010dilo! existuje, m\u00e1 na \u010dty\u0159i roky zaji\u0161t\u011bn\u00e9 financov\u00e1n\u00ed&nbsp; a j\u00e1 m\u00e1m r\u00e1d, kdy\u017e n\u00e1s soupe\u0159i podce\u0148uj\u00ed. S o to v\u011bt\u0161\u00edm oh\u0148ostrojem pak m\u016f\u017eeme p\u0159ij\u00edt.&nbsp;<\/p>\n\n\n\n<p>A te\u010f, po volb\u00e1ch, \u0159\u00edk\u00e1m, \u017ee pot\u0159ebujeme &#8222;obsadit&#8220; ve\u0159ejn\u00fd prostor, podobn\u011b jako kdysi obrozenci postavili N\u00e1rodn\u00ed divadlo. Kolegov\u00e9 ve Sta\u010dilo! mi vy\u0161li vst\u0159\u00edc, vzali na sebe moji pr\u00e1ci, abych m\u011bl voln\u00e9 ruce na tento projekt a \u010dten\u00e1\u0159i mi op\u011bt pomohli.&nbsp; Kone\u010dn\u011b m\u00e1me t\u0159i nohy. M\u00e1me m\u00e9dia, m\u00e1me politiku a te\u010f budujeme ve\u0159ejn\u00fd prostor. Jedno druh\u00e9 dopl\u0148uje.&nbsp;<\/p>\n\n\n\n<p>A co si budeme pov\u00eddat&#8230; v t\u00e9to zemi, co si neud\u011bl\u00e1te s\u00e1m, to nem\u00e1te (sm\u00edch)&nbsp;<\/p>\n\n\n\n<p><strong>Prezident Petr Pavel si p\u0159eje, aby vznikly Spojen\u00e9 st\u00e1ty evropsk\u00e9. Vznikla kolem toho v\u0159ava. V\u017edy\u0165 prezident takov\u00e9 postoje prosazuje st\u00e1le, v\u010detn\u011b zaveden\u00ed jednomysln\u00e9ho hlasov\u00e1n\u00ed v EU. Co koho p\u0159ekvapuje?<\/strong><\/p>\n\n\n\n<p>M\u011b to nep\u0159ekvapilo v\u016fbec. Jen jsem nepochopil, pro\u010d z\u00e1rove\u0148 Petr Pavel tak horuje za zbrojn\u00ed v\u00fddaje. Nem\u011bl by p\u0159esn\u011b tohle \u0159e\u0161it ten jeho evropsk\u00fd superst\u00e1t?&nbsp; Proto to p\u0159ece vznik\u00e1, ne? Evropsk\u00e1 jednota byla zapo\u0159eb\u00ed z jedin\u00e9ho d\u016fvodu. Aby se dalo \u0161turmovat na Rusa. Nikdo nikdy jin\u00fd d\u016fvod ke sjednocen\u00ed nedal.&nbsp; Na obchodov\u00e1n\u00ed, sjednocov\u00e1n\u00ed norem a bezv\u00edzov\u00fd styk evropsk\u00fd superst\u00e1t nepot\u0159ebujete. Ten pot\u0159ebujete jen proto, abyste m\u011bl jednotnou arm\u00e1du a jednotn\u00fd gener\u00e1ln\u00ed \u0161t\u00e1b, kter\u00fd pak kostmi chud\u00e1k\u016f pohnoj\u00ed stepi od U\u017ehorodu a\u017e po Moskvu.&nbsp;&nbsp;<\/p>\n\n\n\n<h2 class=\"wp-block-heading\">Anketa<\/h2>\n\n\n\n<p>Chcete, aby vypukla st\u00e1vka v \u010cT?<\/p>\n\n\n\n<p><a href=\"https:\/\/www.parlamentnilisty.cz\/zpravy\/ekonomika\/Vidlak-Babis-se-snazi-Ale-tohle-muze-nastat-na-podzim-790619#\">Ano, chci. Proto\u017ee to nikoho nebude zaj\u00edmat a st\u00e1vka sel\u017ee<\/a><\/p>\n\n\n\n<p>89%<\/p>\n\n\n\n<p><a href=\"https:\/\/www.parlamentnilisty.cz\/zpravy\/ekonomika\/Vidlak-Babis-se-snazi-Ale-tohle-muze-nastat-na-podzim-790619#\">Ano, chci. Poplatky pro \u010cT je t\u0159eba br\u00e1nit<\/a><\/p>\n\n\n\n<p>3%<\/p>\n\n\n\n<p><a href=\"https:\/\/www.parlamentnilisty.cz\/zpravy\/ekonomika\/Vidlak-Babis-se-snazi-Ale-tohle-muze-nastat-na-podzim-790619#\">Ne, nechci<\/a><\/p>\n\n\n\n<p>4%<\/p>\n\n\n\n<p><a href=\"https:\/\/www.parlamentnilisty.cz\/zpravy\/ekonomika\/Vidlak-Babis-se-snazi-Ale-tohle-muze-nastat-na-podzim-790619#\">Nev\u00edm \/ Je mi to jedno<\/a><\/p>\n\n\n\n<p>4%<\/p>\n\n\n\n<p>hlasovalo:&nbsp;<strong>10311 lid\u00ed<\/strong><\/p>\n\n\n\n<p>My zat\u00edm m\u016f\u017eeme p\u0159em\u00fd\u0161let, jestli si svou inspiraci Petr Pavel na\u0161el v Dolfim, Napoleonovi, Vil\u00e9movi II. Karlovi XII., teutonsk\u00fdch k\u0159i\u017e\u00e1c\u00edch a nebo v \u010cingisch\u00e1novi.&nbsp; To jen, abychom v\u011bd\u011bli, jak ten jeho blbej n\u00e1pad asi dopadne a jak\u00e9 to pro n\u00e1s bude m\u00edt d\u016fsledky. Je toti\u017e rozd\u00edl, jestli tady doma budeme makat na \u0159\u00ed\u0161sk\u00fd v\u00e1le\u010dn\u00e1\u00fd pr\u016fmysl a nebo jestli p\u016fjdeme&nbsp; v prvn\u00ed linii.&nbsp;<\/p>\n\n\n\n<p><strong>M\u00e1m takovou ideu. M\u016f\u017ee to b\u00fdt tak, \u017ee vst\u0159\u00edcnost k sudetsk\u00fdm N\u011bmc\u016fm, kterou projevuj\u00ed nap\u0159\u00edklad Br\u0148an\u00e9, je p\u0159\u00edmo propojena s p\u0159edstavou, \u017ee by u n\u00e1s m\u011bl vl\u00e1dnout n\u011bkdo jin\u00fd, aby ti \u201ehloup\u00ed \u010ce\u0161i\u201c nekazili n\u011bmeck\u00e9 \u010di jin\u00e9 p\u0159edstavy o budoucnosti? Nemohu si pomoct.<\/strong><\/p>\n\n\n\n<p>Mysl\u00edm, \u017ee je to zbyte\u010dn\u011b komplikovan\u00e1 \u00favaha. Kdy\u017e se dostanete na lokajsk\u00e9 m\u00edsto, je to vlastn\u011b velmi dobr\u00e9 bydlo. Ned\u011bl\u00e1te skoro nic, jen zrcadl\u00edte majest\u00e1t sv\u00e9ho p\u00e1na, plat je dobr\u00fd, livrej bly\u0161tiv\u00e1, odm\u011bny za poklonkov\u00e1n\u00ed pravideln\u00e9. Je to lep\u0161\u00ed, ne\u017e vyrazit do nejist\u00e9 budoucnosti. Je proto lep\u0161\u00ed na plebs nad\u00e1vat, ne\u017e ho v\u00e9st. Je lep\u0161\u00ed se odrodit, ne\u017e se postavit na vlastn\u00ed nohy. U n\u00e1s stejn\u011b v\u0161echny cesty vedou k B\u00edl\u00e9 ho\u0159e.&nbsp;<\/p>\n\n\n\n<p>Za pozv\u00e1n\u00ed sudeton\u011bmeck\u00e9ho landsman\u0161aftu je prost\u011b odm\u011bna, nikoliv trest. Tohle by se v Srbsku nemohlo st\u00e1t, tam by Uhdeho za ten zvac\u00ed dopis n\u011bkdo v noci majznul.&nbsp;<\/p>\n","protected":false},"excerpt":{"rendered":"<p>29.04.2026 11:05 | Rozhovor autor:&nbsp;Jaroslav Polansk\u00fd VIDL\u00c1K\u016eV T\u00ddDEN Jestli znovu za\u010dnou l\u00edtat rakety, budou na podzim v\u0161ichni nostalgicky vzpom\u00ednat na dne\u0161n\u00ed ceny, \u0159\u00edk\u00e1 ohledn\u011b cen ropy a v\u00fdrobk\u016f z n\u00ed moravsk\u00fd zem\u011bd\u011blec a bloger Daniel Sterzik, zvan\u00fd Vidl\u00e1k. Pro Parlamentn\u00edListy.cz kvituje, \u017ee se Andrej Babi\u0161 sna\u017e\u00ed zajistit dod\u00e1vky ropy, situaci ov\u0161em popisuje jako klid p\u0159ed &hellip; <a href=\"https:\/\/www.podivinsky.cz\/?p=23883\" class=\"more-link\">Pokra\u010dov\u00e1n\u00ed textu <span class=\"screen-reader-text\">Vidl\u00e1k: Babi\u0161 se sna\u017e\u00ed. Ale tohle m\u016f\u017ee nastat na podzim<\/span> <span class=\"meta-nav\">&rarr;<\/span><\/a><\/p>\n","protected":false},"author":1,"featured_media":0,"comment_status":"closed","ping_status":"closed","sticky":false,"template":"","format":"standard","meta":{"footnotes":""},"categories":[9],"tags":[],"class_list":["post-23883","post","type-post","status-publish","format-standard","hentry","category-pc"],"_links":{"self":[{"href":"https:\/\/www.podivinsky.cz\/index.php?rest_route=\/wp\/v2\/posts\/23883","targetHints":{"allow":["GET"]}}],"collection":[{"href":"https:\/\/www.podivinsky.cz\/index.php?rest_route=\/wp\/v2\/posts"}],"about":[{"href":"https:\/\/www.podivinsky.cz\/index.php?rest_route=\/wp\/v2\/types\/post"}],"author":[{"embeddable":true,"href":"https:\/\/www.podivinsky.cz\/index.php?rest_route=\/wp\/v2\/users\/1"}],"replies":[{"embeddable":true,"href":"https:\/\/www.podivinsky.cz\/index.php?rest_route=%2Fwp%2Fv2%2Fcomments&post=23883"}],"version-history":[{"count":1,"href":"https:\/\/www.podivinsky.cz\/index.php?rest_route=\/wp\/v2\/posts\/23883\/revisions"}],"predecessor-version":[{"id":23884,"href":"https:\/\/www.podivinsky.cz\/index.php?rest_route=\/wp\/v2\/posts\/23883\/revisions\/23884"}],"wp:attachment":[{"href":"https:\/\/www.podivinsky.cz\/index.php?rest_route=%2Fwp%2Fv2%2Fmedia&parent=23883"}],"wp:term":[{"taxonomy":"category","embeddable":true,"href":"https:\/\/www.podivinsky.cz\/index.php?rest_route=%2Fwp%2Fv2%2Fcategories&post=23883"},{"taxonomy":"post_tag","embeddable":true,"href":"https:\/\/www.podivinsky.cz\/index.php?rest_route=%2Fwp%2Fv2%2Ftags&post=23883"}],"curies":[{"name":"wp","href":"https:\/\/api.w.org\/{rel}","templated":true}]}}