{"id":23885,"date":"2026-04-29T18:18:10","date_gmt":"2026-04-29T17:18:10","guid":{"rendered":"https:\/\/www.podivinsky.cz\/?p=23885"},"modified":"2026-04-29T18:18:16","modified_gmt":"2026-04-29T17:18:16","slug":"sjezd-landsmansaftu-s-posseltem-se-zacal-bratrickovat-predseda-parlamentni-strany","status":"publish","type":"post","link":"https:\/\/www.podivinsky.cz\/?p=23885","title":{"rendered":"Sjezd landsman\u0161aftu: S Posseltem se za\u010dal brat\u0159\u00ed\u010dkovat p\u0159edseda parlamentn\u00ed strany"},"content":{"rendered":"\n<p>29.04.2026 16:30 | Monitoring<\/p>\n\n\n\n<p><em>autor:&nbsp;<a href=\"https:\/\/www.parlamentnilisty.cz\/redakce\/redakce\/\"><strong>Na\u010fa Borsk\u00e1<\/strong><\/a><\/em><\/p>\n\n\n\n<p><strong>Pl\u00e1novan\u00e9 setk\u00e1n\u00ed z\u00e1stupc\u016f Sudeton\u011bmeck\u00e9ho krajansk\u00e9ho sdru\u017een\u00ed v Brn\u011b st\u00e1le polarizuje spole\u010dnost. Zat\u00edmco p\u0159edseda TOP 09 Mat\u011bj Ond\u0159ej Havel se setkal s Berndem Posseltem, v Brn\u011b se proti chystan\u00e9 akci op\u011bt protestovalo. \u010ce\u0161i tak\u00e9 podepisuj\u00ed otev\u0159en\u00fd dopis, v n\u011bm\u017e \u010dleny a sympatizanty sdru\u017een\u00ed vyz\u00fdvaj\u00ed, aby nejezdili, proto\u017ee nejsou v\u00edt\u00e1ni.<\/strong><\/p>\n\n\n\n<figure class=\"wp-block-image\"><img decoding=\"async\" src=\"https:\/\/cms.parlamentnilisty.cz\/image.ashx?w=632&amp;h=307&amp;f=683651106_1425366936272406_2830387625659840480_n_639130595872181916.jpg&amp;id=201580\" alt=\"Sjezd landsman\u0161aftu: S Posseltem se za\u010dal brat\u0159\u00ed\u010dkovat p\u0159edseda parlamentn\u00ed strany\"\/><figcaption class=\"wp-element-caption\"><small>Foto:&nbsp;<strong>Mat\u011bj Ond\u0159ej Havel, FB<\/strong><br>Popisek:&nbsp;<strong>Mat\u011bj Ond\u0159ej Havel (vpravo) a Bernd Posselt<\/strong><\/small><\/figcaption><\/figure>\n\n\n\n<p>TLUST\u00c9 PRASE S IDIOTEM<\/p>\n\n\n\n<p>P\u0159edseda TOP 09 Mat\u011bj Ond\u0159ej Havel na sv\u00e9m facebookov\u00e9m \u00fa\u010dtu informoval, \u017ee hovo\u0159il s Berndem Posseltem, mluv\u010d\u00edm Sudeton\u011bmeck\u00e9ho krajansk\u00e9ho sdru\u017een\u00ed.<\/p>\n\n\n\n<p><\/p>\n\n\n\n<p>\u201eKdo i po des\u00edtk\u00e1ch let p\u0159i\u017eivuje star\u00e9 k\u0159ivdy a rozdm\u00fdch\u00e1v\u00e1 \u00fa\u010delov\u011b nen\u00e1vist v\u016f\u010di sudetsk\u00fdm N\u011bmc\u016fm, uv\u00edzl v minulosti. Sd\u00edl\u00edm postoj, jak\u00fd dlouhodob\u011b zast\u00e1val t\u0159eba Karel Schwarzenberg: Sm\u00ed\u0159en\u00ed nen\u00ed slabost. Je to projev sebev\u011bdom\u00ed. A sebev\u011bdom\u00fd n\u00e1rod se neboj\u00ed pravdy ani dialogu,\u201c napsal poslanec.<\/p>\n\n\n\n<figure class=\"wp-block-image\"><a href=\"https:\/\/www.parlamentnilisty.cz\/profily\/profil.aspx?id=139667\"><img decoding=\"async\" src=\"https:\/\/www.parlamentnilisty.cz\/profily-sprava\/user-data\/E02FFF58\/image\/169993-hav_profil_top.jpg\" alt=\"\"\/><\/a><\/figure>\n\n\n\n<h2 class=\"wp-block-heading\"><a href=\"https:\/\/www.parlamentnilisty.cz\/profily\/profil.aspx?id=139667\">Mgr. Mat\u011bj Ond\u0159ej Havel, Ph.D.<\/a><\/h2>\n\n\n\n<ul class=\"wp-block-list\">\n<li>TOP 09<\/li>\n\n\n\n<li><\/li>\n\n\n\n<li>poslanec<\/li>\n<\/ul>\n\n\n\n<p>Na\u0161e d\u011bjiny podle n\u011bj nejsou \u010dernob\u00edl\u00e9. Byly v nich k\u0159ivdy na v\u0161ech stran\u00e1ch. Kolektivn\u00ed vina je princip pro hlup\u00e1ky nebo demagogy a nepat\u0159\u00ed do 21. stolet\u00ed.<\/p>\n\n\n\n<p>\u201eMn\u011b je bli\u017e\u0161\u00ed odpov\u011bdnost jednotlivce, schopnost pojmenovat minulost bez hysterie, a hlavn\u011b v\u016fle j\u00edt d\u00e1l. Nekone\u010dn\u00e9 stra\u0161en\u00ed sudetsk\u00fdmi N\u011bmci u\u017e d\u00e1vno nen\u00ed obranou n\u00e1rodn\u00edch z\u00e1jm\u016f. P\u0159i\u017eivovat star\u00e9 k\u0159ivdy a v\u00e9st kulturn\u00ed v\u00e1lky je jen kou\u0159ov\u00e1 clona, aby se ne\u0159e\u0161ily sou\u010dasn\u00e9 probl\u00e9my. J\u00e1 chci \u010cesko sebev\u011bdom\u00e9 a evropsk\u00e9, kter\u00e9 se neboj\u00ed dialogu, spolupr\u00e1ce ani vlastn\u00ed historie. V tom jsme si op\u011bt porozum\u011bli. Jsem r\u00e1d, \u017ee m\u016f\u017eeme letos p\u0159iv\u00edtat b\u00fdval\u00e9 krajany na sjezdu sudetsk\u00fdch N\u011bmc\u016f v Brn\u011b. \u017divot je setk\u00e1v\u00e1n\u00ed, je jejich leto\u0161n\u00ed heslo. Budoucnost je sm\u00ed\u0159en\u00ed a spolupr\u00e1ce,\u201c uvedl politik.<\/p>\n\n\n\n<h4 class=\"wp-block-heading\">Radim Fiala: Sjezd sude\u0165\u00e1k\u016f v \u010cesk\u00e9 republice je ur\u00e1\u017ekou ob\u011bt\u00ed n\u011bmeck\u00e9 okupace<\/h4>\n\n\n\n<p>Odli\u0161n\u00fd postoj vyj\u00e1d\u0159il poslanec Radim Fiala (SPD), jen\u017e zd\u016fraznil, \u017ee Sudeton\u011bmeck\u00fd landsman\u0161aft m\u00e1 nacistick\u00e9 ko\u0159eny. \u201eSjezd sude\u0165\u00e1k\u016f v \u010cesk\u00e9 republice je ur\u00e1\u017ekou v\u0161ech ob\u011bt\u00ed hr\u016fzn\u00e9 n\u011bmeck\u00e9 okupace \u010desk\u00fdch zem\u00ed,\u201c napsal na sv\u00e9m facebookov\u00e9m \u00fa\u010dtu.<\/p>\n\n\n\n<p><\/p>\n\n\n\n<p>Hnut\u00ed SPD uspo\u0159\u00e1dalo v \u00fater\u00fd na Moravsk\u00e9m n\u00e1m\u011bst\u00ed v Brn\u011b protestn\u00ed shrom\u00e1\u017ed\u011bn\u00ed proti pl\u00e1novan\u00e9mu kv\u011btnov\u00e9mu sjezdu Sudeton\u011bmeck\u00e9ho landsmannschaftu v \u010cesk\u00e9 republice.<\/p>\n\n\n\n<p><\/p>\n\n\n\n<p>\u201eKon\u00e1n\u00ed sjezdu revan\u0161istick\u00e9 n\u011bmeck\u00e9 organizace, kter\u00e1 usiluje o revizi v\u00fdsledk\u016f druh\u00e9 sv\u011btov\u00e9 v\u00e1lky, v \u010cesk\u00e9 republice je hrubou ur\u00e1\u017ekou v\u0161ech ob\u011bt\u00ed hr\u016fzn\u00e9 n\u011bmeck\u00e9 okupace \u010desk\u00fdch zem\u00ed a v\u0161ech state\u010dn\u00fdch bojovn\u00edk\u016f proti n\u00ed. Hnut\u00ed SPD je jedin\u00fdm parlamentn\u00edm politick\u00fdm subjektem, kter\u00fd proti t\u011bmto aktivit\u00e1m dlouhodob\u011b aktivn\u011b protestuje a kter\u00fd se sna\u017e\u00ed t\u00e9to hanebn\u00e9 akci zabr\u00e1nit,\u201c sd\u011blil Fiala.<\/p>\n\n\n\n<figure class=\"wp-block-image\"><a href=\"https:\/\/www.parlamentnilisty.cz\/profily\/profil.aspx?id=138\"><img decoding=\"async\" src=\"https:\/\/www.parlamentnilisty.cz\/profily-sprava\/user-data\/A7D9467B\/image\/85686-10420115_947936448558496_1670584940686128965_n_profil_top.jpg\" alt=\"\"\/><\/a><\/figure>\n\n\n\n<h2 class=\"wp-block-heading\"><a href=\"https:\/\/www.parlamentnilisty.cz\/profily\/profil.aspx?id=138\">Ing. Radim Fiala<\/a><\/h2>\n\n\n\n<ul class=\"wp-block-list\">\n<li>SPD<\/li>\n\n\n\n<li><\/li>\n\n\n\n<li>poslanec<\/li>\n<\/ul>\n\n\n\n<p>Uvedl, \u017ee ji\u017e d\u0159\u00edve se tohoto srazu \u00fa\u010dastnili p\u0159ed\u00e1ci KDU-\u010cSL Pavel B\u011blobr\u00e1dek a Daniel Herman, kter\u00fd o \u201esude\u0165\u00e1c\u00edch\u201c hovo\u0159il jako o \u201emil\u00fdch krajanech\u201c, \u010di poslanec TOP 09 Daniel Korte. \u201eP\u0159edseda ODS Petr Fiala zase spolupracoval s p\u0159ed\u00e1kem Sudeton\u011bmeck\u00e9ho landsman\u0161aftu a Panevropsk\u00e9 unie Berndem Posseltem. Sudeton\u011bmeck\u00fd landsman\u0161aft je organizac\u00ed, kterou zalo\u017eili nacist\u00e9, fa\u0161ist\u00e9 a n\u011bme\u010dt\u00ed \u0161ovinist\u00e9. V roce 1949 byl vyhl\u00e1\u0161en jeden ze z\u00e1kladn\u00edch a dodnes platn\u00fdch dokument\u016f SdL, tzv. Eichst\u00e4ttsk\u00e1 adventn\u00ed deklarace, kde se mj. objevuj\u00ed tyto po\u017eadavky: \u201aNa\u0161\u00edm nezadateln\u00fdm po\u017eadavkem je n\u00e1vrat vlasti v jazykov\u00fdch hranic\u00edch z roku 1937. Jde o nastolen\u00ed udr\u017eiteln\u00e9ho pom\u011bru mezi N\u011bmeckem a jeho z\u00e1padoslovansk\u00fdmi sousedy. P\u0159edpokladem pro to by tak\u00e9 byla p\u0159ipravenost \u010cech\u016f a Pol\u00e1k\u016f vr\u00e1tit vyhnan\u00fdm N\u011bmc\u016fm jejich vlast. V\u0161echny tyto \u00fakoly mohou b\u00fdt \u0159e\u0161eny pouze v r\u00e1mci federalistick\u00e9ho uspo\u0159\u00e1d\u00e1n\u00ed Evropy.\u2018 Tuto deklaraci podepsali: W. Becher (n\u011bkdej\u0161\u00ed p\u0159\u00edvr\u017eenec Kameradschaftsbundu, \u010dlen NSDAP), Walter Brand (\u010dlen henleinovsk\u00e9ho hnut\u00ed), F. Brehm (SS-Sturmbannf\u00fchrer, Sturmbannf\u00fchrer, nositel zlat\u00e9ho stranick\u00e9ho odznaku NSDAP), W. (SS-Hauptsturmf\u00fchrer, (SS Hauptsturmf\u00fchrer, funkcion\u00e1\u0159 NSDAP), H. H\u00f6nig (\u010dlen NSDAP, nacistick\u00fd novin\u00e1\u0159), H. G\u00f6tz (b\u00fdval\u00fd spolupracovn\u00edk nacistick\u00e9 tajn\u00e9 slu\u017eby, \u010dlen NSDAP), E. Lemberg (nacista a v r. 1938 \u010dlen Sudeton\u011bmeck\u00e9ho freikorpsu), W. Turnwald (\u010dlen NSDAP, spolupracovn\u00edk SD), E. Franzel (p\u016fvodn\u011b soc. demokrat, za okupace policejn\u00ed d\u016fstojn\u00edk jednotky pod\u00edlej\u00edc\u00ed se na poprav\u00e1ch \u010desk\u00fdch vlastenc\u016f v Kobylis\u00edch), W. Zawadil (vysok\u00fd funkcion\u00e1\u0159 NSDAP a spolupracovn\u00edk nacistick\u00e9 tajn\u00e9 slu\u017eby), R. Schreiber (b\u00fdval\u00fd nacista), G. Preissler (b\u00fdval\u00fd nacista), H. Sch\u00fctz (\u010dlen SdP), W. Jaksch (soci\u00e1ln\u00ed demokrat), R. Reitzner (soci\u00e1ln\u00ed demokrat), P. Sladek (duchovn\u00ed),\u201c vyj\u00e1d\u0159il se poslanec SPD.<\/p>\n\n\n\n<figure class=\"wp-block-image\"><a href=\"https:\/\/www.parlamentnilisty.cz\/profily\/profil.aspx?id=3051\"><img decoding=\"async\" src=\"https:\/\/www.parlamentnilisty.cz\/profily-sprava\/user-data\/B99FB2A4\/image\/111064-39_mikulasska_opera_30_11_2015_profil_top.jpg\" alt=\"\"\/><\/a><\/figure>\n\n\n\n<h2 class=\"wp-block-heading\"><a href=\"https:\/\/www.parlamentnilisty.cz\/profily\/profil.aspx?id=3051\">MVDr. Pavel B\u011blobr\u00e1dek, Ph.D., MPA<\/a><\/h2>\n\n\n\n<ul class=\"wp-block-list\">\n<li>KDU-\u010cSL<\/li>\n\n\n\n<li>origin\u00e1ln\u00ed osobnost, kone\u010dn\u011b,jako ka\u017ed\u00fd \u010dlov\u011bk<\/li>\n\n\n\n<li>krajsk\u00fd zastupitel<\/li>\n<\/ul>\n\n\n\n<p>Zve\u0159ejnil tak\u00e9 vzkaz: \u201eSou\u010d\u00e1st\u00ed \u201amil\u00fdch krajan\u016f\u2018, pane Hermane, B\u011blobr\u00e1dku a Barto\u0161ku, je i organizace WITIKOBUND. Je person\u00e1ln\u011b jasn\u011b propojena se sudetsk\u00fdm landsman\u0161aftem. Cituji ze zpr\u00e1vy \u010desk\u00e9ho ministerstva vnitra z roku 2004: \u201aPozornost si rovn\u011b\u017e zaslou\u017e\u00ed organizace sudeton\u011bmeck\u00fdch nacist\u016f WITIKOBUND, kter\u00fd v prost\u0159ed\u00ed landsman\u0161aftu \u0161\u00ed\u0159\u00ed proti\u010desk\u00e9 n\u00e1zory. Programem organizace je od\u010din\u011bn\u00ed \u00fadajn\u00fdch v\u00e1le\u010dn\u00fdch zlo\u010din\u016f sp\u00e1chan\u00fdch spojenci na n\u011bmeck\u00e9m n\u00e1rod\u011b a d\u00e1le odstran\u011bn\u00ed l\u017e\u00ed o n\u011bmeck\u00fdch zlo\u010dinech v\u010detn\u011b takzvan\u00e9 holocaustov\u00e9 kultury, jako\u017eto projevu nen\u011bmeck\u00e9ho my\u0161len\u00ed.\u2018 Celost\u00e1tn\u011b se Sudeton\u011bmeck\u00fd landsman\u0161aft ustavil 25. ledna 1950 na setk\u00e1n\u00ed v Detmoldu, kde bylo p\u0159ijato druh\u00e9 z\u00e1kladn\u00ed prohl\u00e1\u0161en\u00ed SdL, kter\u00e9 op\u011bt po\u017eadovalo pr\u00e1vn\u00ed n\u00e1rok na vlast a znovuz\u00edsk\u00e1n\u00ed vlasti. Mezi sedmn\u00e1cti signat\u00e1\u0159i se to b\u00fdval\u00fdmi funkcion\u00e1\u0159i NSDAP op\u011bt jenom hem\u017eilo: R. Lodgman, B. Tins, R. Staffen, R. Wollner, E. Leibl, H. Schmidt, K. Schneider, S. Benatzky, A. Diewock a dal\u0161\u00ed.\u201c<\/p>\n\n\n\n<h4 class=\"wp-block-heading\">Otev\u0159en\u00fd dopis: Nejezd\u011bte do Brna. Nejste v\u00edt\u00e1ni<\/h4>\n\n\n\n<p>V moravsk\u00e9 metropoli vznikl \u201eOtev\u0159en\u00fd dopis ob\u010dan\u016f \u010cesk\u00e9 republiky po\u0159adatel\u016fm a \u00fa\u010dastn\u00edk\u016fm sudeton\u011bmeck\u00fdch dn\u016f v Brn\u011b\u201c. \u201ePros\u00edm o podpisy pod Otev\u0159en\u00fd dopis ob\u010dan\u016f \u010cesk\u00e9 republiky po\u0159adatel\u016fm a \u00fa\u010dastn\u00edk\u016fm sudeton\u011bmeck\u00fdch dn\u016f v Brn\u011b. D\u011bkuji panu emeritn\u00edmu hejtmanovi JUDr. Michalu Ha\u0161kovi, autorovi textu, za svolen\u00ed se zve\u0159ejn\u011bn\u00edm,\u201c napsal na s\u00edti Facebook zastupitel Jihomoravsk\u00e9ho kraje Martin \u0158\u00edha (KS\u010cM), z\u00e1stupce iniciativy Obrana n\u00e1roda 2.<\/p>\n\n\n\n<p><\/p>\n\n\n\n<p>\u201eNejezd\u011bte do Brna. Nejste v\u00edt\u00e1ni. My, n\u00ed\u017ee podepsan\u00ed ob\u010dan\u00e9 \u010cesk\u00e9 republiky, se obrac\u00edme na p\u0159edstavitele, \u010dleny a sympatizanty Sudeton\u011bmeck\u00e9ho landsman\u0161aftu: D\u016frazn\u011b v\u00e1s vyz\u00fdv\u00e1me, abyste upustili od z\u00e1m\u011bru po\u0159\u00e1dat sudeton\u011bmeck\u00e9 dny na \u00fazem\u00ed \u010cesk\u00e9 republiky, konkr\u00e9tn\u011b v Brn\u011b. Takov\u00e1 akce zde nem\u00e1 legitimitu ani opodstatn\u011bn\u00ed. Pova\u017eujeme ji za v\u011bdomou provokaci a politick\u00fd n\u00e1tlak, kter\u00fd zpochyb\u0148uje historickou zku\u0161enost na\u0161\u00ed zem\u011b. Nejde o gesto sm\u00ed\u0159en\u00ed, ale o pokus prosadit v\u00fdklad d\u011bjin, jen\u017e relativizuje odpov\u011bdnost za rozbit\u00ed \u010ceskoslovenska, okupaci a n\u00e1sledn\u00e9 zlo\u010diny nacistick\u00e9ho re\u017eimu. Odm\u00edt\u00e1me manipulativn\u00ed zneu\u017e\u00edv\u00e1n\u00ed pojmu \u201asm\u00ed\u0159en\u00ed\u2018. Vztahy mezi \u010ceskou republikou a Spolkovou republikou N\u011bmecko jsou dlouhodob\u011b stabiln\u00ed a funk\u010dn\u00ed. Neexistuje \u017e\u00e1dn\u00fd legitimn\u00ed d\u016fvod otev\u00edrat historick\u00e9 ot\u00e1zky zp\u016fsobem, kter\u00fd vede k jejich reinterpretaci ve prosp\u011bch t\u011bch, kdo st\u00e1li na stran\u011b agresora. Trv\u00e1me na historick\u00fdch faktech,\u201c stoj\u00ed v otev\u0159en\u00e9m&nbsp;<a href=\"https:\/\/oteveny_dopis_oban_eske_republiky_poadatelm_a_uastnikm_sudetonmeckych_dn_v_brn\/\" rel=\"noreferrer noopener\" target=\"_blank\">dopise<\/a>, k jeho\u017e sd\u00edlen\u00ed a podpisu vyz\u00fdv\u00e1 tak\u00e9 europoslankyn\u011b Kate\u0159ina Kone\u010dn\u00e1.<\/p>\n\n\n\n<p><\/p>\n\n\n\n<p>D\u00e1le se uv\u00e1d\u00ed, \u017ee sudeton\u011bmeck\u00e9 politick\u00e9 reprezentace sehr\u00e1ly aktivn\u00ed roli p\u0159i destrukci \u010ceskoslovensk\u00e9 republiky. Konrad Henlein a jeho hnut\u00ed z\u00edskali masovou podporu n\u011bmeck\u00e9ho obyvatelstva. V\u011bdom\u011b napom\u00e1hali nacistick\u00e9 expanzi a dopustili se vlastizrady. Ozbrojen\u00e9 struktury Sudeton\u011bmeck\u00e9ho Freikorpsu rozpoutaly n\u00e1sil\u00ed proti \u010deskoslovensk\u00e9mu st\u00e1tu je\u0161t\u011b p\u0159ed uzav\u0159en\u00edm Mnichovsk\u00e9 dohody. Po vynucen\u00e9m odstoupen\u00ed pohrani\u010d\u00ed byly tis\u00edce \u010desk\u00fdch rodin vyhn\u00e1ny z \u00fazem\u00ed, kde \u017eily po generace.<\/p>\n\n\n\n<h2 class=\"wp-block-heading\">Fotogalerie: &#8211; Proti Sude\u0165\u00e1k\u016fm v Brn\u011b<\/h2>\n\n\n\n<figure class=\"wp-block-image\"><a href=\"https:\/\/www.parlamentnilisty.cz\/galerie\/foto\/Proti-Sudetakum-v-Brne-14088#1\"><img decoding=\"async\" src=\"https:\/\/cms.parlamentnilisty.cz\/image.ashx?w=164&amp;h=120&amp;f=HNS_4601_639091836685577514.JPG&amp;id=200678\" alt=\"Demonstrace proti sjezdu sudetsk\u00e9ho landsman\u0161aftu,...\"\/><\/a><\/figure>\n\n\n\n<figure class=\"wp-block-image\"><a href=\"https:\/\/www.parlamentnilisty.cz\/galerie\/foto\/Proti-Sudetakum-v-Brne-14088#2\"><img decoding=\"async\" src=\"https:\/\/cms.parlamentnilisty.cz\/image.ashx?w=164&amp;h=120&amp;f=HNS_4603_639091837424938470.JPG&amp;id=200679\" alt=\"Demonstrace proti sjezdu sudetsk\u00e9ho landsman\u0161aftu,...\"\/><\/a><\/figure>\n\n\n\n<figure class=\"wp-block-image\"><a href=\"https:\/\/www.parlamentnilisty.cz\/galerie\/foto\/Proti-Sudetakum-v-Brne-14088#3\"><img decoding=\"async\" src=\"https:\/\/cms.parlamentnilisty.cz\/image.ashx?w=164&amp;h=120&amp;f=HNS_4606_639091837626925780.JPG&amp;id=200680\" alt=\"Demonstrace proti sjezdu sudetsk\u00e9ho landsman\u0161aftu,...\"\/><\/a><\/figure>\n\n\n\n<figure class=\"wp-block-image\"><a href=\"https:\/\/www.parlamentnilisty.cz\/galerie\/foto\/Proti-Sudetakum-v-Brne-14088#4\"><img decoding=\"async\" src=\"https:\/\/cms.parlamentnilisty.cz\/image.ashx?w=164&amp;h=120&amp;f=HNS_4614_639091837996304907.JPG&amp;id=200681\" alt=\"Demonstrace proti sjezdu sudetsk\u00e9ho landsman\u0161aftu,...\"\/><\/a><\/figure>\n\n\n\n<figure class=\"wp-block-image\"><a href=\"https:\/\/www.parlamentnilisty.cz\/galerie\/foto\/Proti-Sudetakum-v-Brne-14088#5\"><img decoding=\"async\" src=\"https:\/\/cms.parlamentnilisty.cz\/image.ashx?w=164&amp;h=120&amp;f=HNS_4630_639091838298064537.JPG&amp;id=200682\" alt=\"Demonstrace proti sjezdu sudetsk\u00e9ho landsman\u0161aftu,...\"\/><\/a><\/figure>\n\n\n\n<figure class=\"wp-block-image\"><a href=\"https:\/\/www.parlamentnilisty.cz\/galerie\/foto\/Proti-Sudetakum-v-Brne-14088#6\"><img decoding=\"async\" src=\"https:\/\/cms.parlamentnilisty.cz\/image.ashx?w=164&amp;h=120&amp;f=HNS_4644_639091838694523800.JPG&amp;id=200683\" alt=\"Demonstrace proti sjezdu sudetsk\u00e9ho landsman\u0161aftu,...\"\/><\/a><\/figure>\n\n\n\n<p>S okupac\u00ed p\u0159i\u0161el systematick\u00fd teror Protektor\u00e1tu \u010cechy a Morava, na jeho\u017e spr\u00e1v\u011b se pod\u00edleli b\u00fdval\u00ed \u010deskosloven\u0161t\u00ed ob\u010dan\u00e9 n\u011bmeck\u00e9 n\u00e1rodnosti v \u010dele s K. H. Frankem. Symboly tohoto teroru z\u016fst\u00e1vaj\u00ed zejm\u00e9na Lidice a Le\u017e\u00e1ky, stejn\u011b jako desetitis\u00edce popraven\u00fdch mu\u017e\u016f, \u017een a n\u011bkdy i d\u011bt\u00ed. Ti z\u016fstali v\u011brni Masarykov\u00fdm ide\u00e1l\u016fm, na kter\u00fdch vznikla v roce 1918 \u010ceskoslovensk\u00e1 republika. Proto se stali ve vlastn\u00ed zemi okupovan\u00e9 nacistick\u00fdm N\u011bmeckem ne\u017e\u00e1douc\u00edmi a byli vra\u017ed\u011bni, mu\u010deni a pron\u00e1sledov\u00e1ni.&nbsp;<\/p>\n\n\n\n<p><\/p>\n\n\n\n<p>\u201eTyto skute\u010dnosti nelze relativizovat ani vyva\u017eovat selektivn\u011b vybran\u00fdmi individu\u00e1ln\u00edmi p\u0159\u00edb\u011bhy. Odm\u00edt\u00e1me jak\u00e9koli pokusy zpochyb\u0148ovat pov\u00e1le\u010dn\u00e9 pr\u00e1vn\u00ed uspo\u0159\u00e1d\u00e1n\u00ed, v\u010detn\u011b obsahu Bene\u0161ov\u00fdch dekret\u016f a dal\u0161\u00edch \u010deskoslovensk\u00fdch z\u00e1kon\u016f. Tyto akty byly p\u0159\u00edm\u00fdm d\u016fsledkem v\u00e1lky, okupace a zlo\u010din\u016f nacistick\u00e9ho re\u017eimu. Jsou sou\u010d\u00e1st\u00ed mezin\u00e1rodn\u011b uznan\u00e9ho v\u00fdsledku druh\u00e9 sv\u011btov\u00e9 v\u00e1lky a nepodl\u00e9haj\u00ed revizi. Nahl\u00ed\u017eet na n\u011b dne\u0161n\u00edma o\u010dima a m\u011b\u0159it je sou\u010dasn\u00fdmi standardy mezin\u00e1rodn\u00edho pr\u00e1va je pokryteck\u00e9, pr\u00e1zdn\u00e9 a fale\u0161n\u00e9. Stejn\u011b d\u016frazn\u011b odm\u00edt\u00e1me jak\u00e9koli politick\u00e9, pr\u00e1vn\u00ed \u010di majetkov\u00e9 n\u00e1roky, kter\u00e9 by z t\u011bchto aktivit mohly b\u00fdt odvozov\u00e1ny,\u201c p\u00ed\u0161e se v dokumentu.<\/p>\n\n\n\n<p>Uv\u00e1d\u00ed se, \u017ee \u010ceskoslovensko nebylo agresorem. \u010cesk\u00fd n\u00e1rod nenese odpov\u011bdnost za rozpout\u00e1n\u00ed druh\u00e9 sv\u011btov\u00e9 v\u00e1lky. Ta u n\u00e1s za\u010dala u\u017e v z\u00e1\u0159\u00ed 1938 pr\u00e1v\u011b ze strany sudetsk\u00fdch N\u011bmc\u016f nevyhl\u00e1\u0161enou v\u00e1lkou proti vlastn\u00ed zemi a \u010desk\u00fdm spoluob\u010dan\u016fm.<\/p>\n\n\n\n<p>\u201eByl to Freikorps a SdP, kdo vra\u017edil \u010desk\u00e9 \u010detn\u00edky, voj\u00e1ky, p\u0159\u00edslu\u0161n\u00edky finan\u010dn\u00ed str\u00e1\u017ee a terorizoval \u010desk\u00e9 obyvatelstvo v dob\u011b zv\u00fd\u0161en\u00e9ho ohro\u017een\u00ed st\u00e1tu v t\u00fddnech a dnech p\u0159ed Mnichovem. Nep\u0159ipust\u00edme proto v\u00fdklady, kter\u00e9 stav\u00ed pachatele a ob\u011bti na jednu rovinu. Brno nen\u00ed neutr\u00e1ln\u00ed prostor. Je to m\u011bsto poznamenan\u00e9 d\u016fsledky Mnichovsk\u00e9 dohody, okupace a nacistick\u00e9ho n\u00e1sil\u00ed. Po\u0159\u00e1d\u00e1n\u00ed t\u00e9to akce pr\u00e1v\u011b zde pova\u017eujeme za nep\u0159ijateln\u00e9. Vyz\u00fdv\u00e1me v\u00e1s, abyste tento z\u00e1m\u011br opustili, abyste nep\u0159ekrucovali historii a nezneu\u017e\u00edvali pojem sm\u00ed\u0159en\u00ed. Historii ponechejme u\u017e jednou prov\u017edy historik\u016fm!\u201c uv\u00e1d\u00ed se v dopise.<\/p>\n\n\n\n<p>Sudeton\u011bmeck\u00fd krajansk\u00fd spolek (Sudetendeutsche Landsmannschaft) pl\u00e1nuje poprv\u00e9 v historii uspo\u0159\u00e1dat sv\u016fj tradi\u010dn\u00ed sjezd v \u010cesk\u00e9 republice \u2013 konkr\u00e9tn\u011b v Brn\u011b ve dnech 22.\u201325. kv\u011btna. Akce m\u00e1 prob\u011bhnout v r\u00e1mci festivalu Meeting Brno, jej\u00ed motto zn\u00ed \u201eAlles Leben ist Begegnung \u2013 \u017divot je setk\u00e1v\u00e1n\u00edm\u201c. Organiz\u00e1to\u0159i zd\u016fraz\u0148uj\u00ed dialog, sm\u00ed\u0159en\u00ed a pietn\u00ed akty, v\u010detn\u011b p\u0159ipom\u00ednky ob\u011bt\u00ed nacismu i pov\u00e1le\u010dn\u00e9ho odsunu. Na akci je ohl\u00e1\u0161ena \u00fa\u010dast n\u011bmeck\u00e9ho ministra vnitra Alexandra Dobrindta a dal\u0161\u00edch host\u016f.<\/p>\n\n\n\n<h2 class=\"wp-block-heading\">Fotogalerie: &#8211; V\u00fdro\u010d\u00ed okupace<\/h2>\n\n\n\n<figure class=\"wp-block-image\"><a href=\"https:\/\/www.parlamentnilisty.cz\/galerie\/foto\/Vyroci-okupace-13727#1\"><img decoding=\"async\" src=\"https:\/\/cms.parlamentnilisty.cz\/image.ashx?w=164&amp;h=120&amp;f=1_638461029834105840.jpg&amp;id=187508\" alt=\"Pietn\u00ed akt k 85. v\u00fdro\u010d\u00ed okupace \u010ceskoslovenska nac...\"\/><\/a><\/figure>\n\n\n\n<figure class=\"wp-block-image\"><a href=\"https:\/\/www.parlamentnilisty.cz\/galerie\/foto\/Vyroci-okupace-13727#2\"><img decoding=\"async\" src=\"https:\/\/cms.parlamentnilisty.cz\/image.ashx?w=164&amp;h=120&amp;f=3_638461031764232980.jpg&amp;id=187509\" alt=\"Pietn\u00ed akt k 85. v\u00fdro\u010d\u00ed okupace \u010ceskoslovenska nac...\"\/><\/a><\/figure>\n\n\n\n<figure class=\"wp-block-image\"><a href=\"https:\/\/www.parlamentnilisty.cz\/galerie\/foto\/Vyroci-okupace-13727#3\"><img decoding=\"async\" src=\"https:\/\/cms.parlamentnilisty.cz\/image.ashx?w=164&amp;h=120&amp;f=CA8A0014_638461032068146442.jpg&amp;id=187510\" alt=\"Pietn\u00ed akt k 85. v\u00fdro\u010d\u00ed okupace \u010ceskoslovenska nac...\"\/><\/a><\/figure>\n\n\n\n<figure class=\"wp-block-image\"><a href=\"https:\/\/www.parlamentnilisty.cz\/galerie\/foto\/Vyroci-okupace-13727#4\"><img decoding=\"async\" src=\"https:\/\/cms.parlamentnilisty.cz\/image.ashx?w=164&amp;h=120&amp;f=CA8A0023_638461032273779031.jpg&amp;id=187511\" alt=\"P\u0159edseda sen\u00e1tu Milo\u0161 Vystr\u010dil\"\/><\/a><\/figure>\n\n\n\n<figure class=\"wp-block-image\"><a href=\"https:\/\/www.parlamentnilisty.cz\/galerie\/foto\/Vyroci-okupace-13727#5\"><img decoding=\"async\" src=\"https:\/\/cms.parlamentnilisty.cz\/image.ashx?w=164&amp;h=120&amp;f=CA8A0038_638461032699889835.jpg&amp;id=187512\" alt=\"P\u0159edseda sen\u00e1tu Milo\u0161 Vystr\u010dil\"\/><\/a><\/figure>\n\n\n\n<figure class=\"wp-block-image\"><a href=\"https:\/\/www.parlamentnilisty.cz\/galerie\/foto\/Vyroci-okupace-13727#6\"><img decoding=\"async\" src=\"https:\/\/cms.parlamentnilisty.cz\/image.ashx?w=164&amp;h=120&amp;f=CA8A0068_638461032990901274.jpg&amp;id=187513\" alt=\"Pietn\u00ed akt k 85. v\u00fdro\u010d\u00ed okupace \u010ceskoslovenska nac...\"\/><\/a><\/figure>\n\n\n\n<p>T\u00e9ma vyvol\u00e1v\u00e1 v \u010cesku siln\u00e9 emoce a politick\u00e9 spory. V posledn\u00edch t\u00fddnech se o n\u011bm intenzivn\u011b diskutovalo na brn\u011bnsk\u00e9m zastupitelstvu, kde opozice, v n\u00ed\u017e je i SPD, navrhovala vyj\u00e1d\u0159it&nbsp;<a href=\"https:\/\/stisk.online\/a\/pVTpv\/brnensti-zastupitele-podporili-sudetonemecky-sjezd-celili-hlasitemu-protestu-casti-verejnosti\">nesouhlas<\/a>&nbsp;s kon\u00e1n\u00edm sjezdu a kritizovala dotace pro festival Meeting Brno. M\u011bsto Brno a Jihomoravsk\u00fd kraj opakovan\u011b zd\u016fraz\u0148uj\u00ed, \u017ee akci neorganizuj\u00ed ani p\u0159\u00edmo nefinancuj\u00ed, i kdy\u017e festival jako takov\u00fd podporuj\u00ed.<\/p>\n","protected":false},"excerpt":{"rendered":"<p>29.04.2026 16:30 | Monitoring autor:&nbsp;Na\u010fa Borsk\u00e1 Pl\u00e1novan\u00e9 setk\u00e1n\u00ed z\u00e1stupc\u016f Sudeton\u011bmeck\u00e9ho krajansk\u00e9ho sdru\u017een\u00ed v Brn\u011b st\u00e1le polarizuje spole\u010dnost. Zat\u00edmco p\u0159edseda TOP 09 Mat\u011bj Ond\u0159ej Havel se setkal s Berndem Posseltem, v Brn\u011b se proti chystan\u00e9 akci op\u011bt protestovalo. \u010ce\u0161i tak\u00e9 podepisuj\u00ed otev\u0159en\u00fd dopis, v n\u011bm\u017e \u010dleny a sympatizanty sdru\u017een\u00ed vyz\u00fdvaj\u00ed, aby nejezdili, proto\u017ee nejsou v\u00edt\u00e1ni. TLUST\u00c9 &hellip; <a href=\"https:\/\/www.podivinsky.cz\/?p=23885\" class=\"more-link\">Pokra\u010dov\u00e1n\u00ed textu <span class=\"screen-reader-text\">Sjezd landsman\u0161aftu: S Posseltem se za\u010dal brat\u0159\u00ed\u010dkovat p\u0159edseda parlamentn\u00ed strany<\/span> <span class=\"meta-nav\">&rarr;<\/span><\/a><\/p>\n","protected":false},"author":1,"featured_media":0,"comment_status":"closed","ping_status":"closed","sticky":false,"template":"","format":"standard","meta":{"footnotes":""},"categories":[9],"tags":[],"class_list":["post-23885","post","type-post","status-publish","format-standard","hentry","category-pc"],"_links":{"self":[{"href":"https:\/\/www.podivinsky.cz\/index.php?rest_route=\/wp\/v2\/posts\/23885","targetHints":{"allow":["GET"]}}],"collection":[{"href":"https:\/\/www.podivinsky.cz\/index.php?rest_route=\/wp\/v2\/posts"}],"about":[{"href":"https:\/\/www.podivinsky.cz\/index.php?rest_route=\/wp\/v2\/types\/post"}],"author":[{"embeddable":true,"href":"https:\/\/www.podivinsky.cz\/index.php?rest_route=\/wp\/v2\/users\/1"}],"replies":[{"embeddable":true,"href":"https:\/\/www.podivinsky.cz\/index.php?rest_route=%2Fwp%2Fv2%2Fcomments&post=23885"}],"version-history":[{"count":1,"href":"https:\/\/www.podivinsky.cz\/index.php?rest_route=\/wp\/v2\/posts\/23885\/revisions"}],"predecessor-version":[{"id":23886,"href":"https:\/\/www.podivinsky.cz\/index.php?rest_route=\/wp\/v2\/posts\/23885\/revisions\/23886"}],"wp:attachment":[{"href":"https:\/\/www.podivinsky.cz\/index.php?rest_route=%2Fwp%2Fv2%2Fmedia&parent=23885"}],"wp:term":[{"taxonomy":"category","embeddable":true,"href":"https:\/\/www.podivinsky.cz\/index.php?rest_route=%2Fwp%2Fv2%2Fcategories&post=23885"},{"taxonomy":"post_tag","embeddable":true,"href":"https:\/\/www.podivinsky.cz\/index.php?rest_route=%2Fwp%2Fv2%2Ftags&post=23885"}],"curies":[{"name":"wp","href":"https:\/\/api.w.org\/{rel}","templated":true}]}}