{"id":23889,"date":"2026-04-30T09:51:28","date_gmt":"2026-04-30T08:51:28","guid":{"rendered":"https:\/\/www.podivinsky.cz\/?p=23889"},"modified":"2026-04-30T09:51:35","modified_gmt":"2026-04-30T08:51:35","slug":"filip-turek-7-000-kc-za-schuzku-mam-na-to-detektivy","status":"publish","type":"post","link":"https:\/\/www.podivinsky.cz\/?p=23889","title":{"rendered":"Filip Turek: 7 000 K\u010d za sch\u016fzku. M\u00e1m na to detektivy"},"content":{"rendered":"\n<p>30.04.2026 8:44 | Rozhovor<\/p>\n\n\n\n<p><em>autor:&nbsp;<a href=\"https:\/\/www.parlamentnilisty.cz\/redakce\/redakce\/\"><strong>Radek Kotas<\/strong><\/a><\/em><\/p>\n\n\n\n<p><strong>A\u017e 7 000 K\u010d za jednu sch\u016fzku m\u011bly podle vl\u00e1dn\u00edho zmocn\u011bnce Filipa Turka (za Motoristy) dost\u00e1vat zaplaceno osoby na ministerstvu \u017eivotn\u00edho prost\u0159ed\u00ed, p\u0159esto\u017ee se sna\u017eily jednat proti zad\u00e1n\u00ed resortu. V rozhovoru pro Parlamentn\u00edListy.cz Turek ozn\u00e1mil, \u017ee kv\u016fli d\u011bn\u00ed ji\u017e na ministerstvu p\u016fsob\u00ed ,,detektivov\u00e9&#8220;. V\u011bc se m\u00e1 t\u00fdkat i vyhozen\u00e9ho \u201eodborn\u00edka z Oxfordu\u201c, kter\u00fd \u017ealoval st\u00e1t kv\u016fli klimatu.<\/strong><\/p>\n\n\n\n<figure class=\"wp-block-image\"><img decoding=\"async\" src=\"https:\/\/cms.parlamentnilisty.cz\/image.ashx?w=632&amp;h=307&amp;f=turu_639131097573064669.JPG&amp;id=201616\" alt=\"Filip Turek: 7 000 K\u010d za sch\u016fzku. M\u00e1m na to detektivy\"\/><figcaption class=\"wp-element-caption\"><small>Foto:&nbsp;<strong>Redakce PL<\/strong><br>Popisek:&nbsp;<strong>Filip Turek<\/strong><\/small><\/figcaption><\/figure>\n\n\n\n<p><\/p>\n\n\n\n<p>Vl\u00e1dn\u00ed zmocn\u011bnec pro klimatickou politiku a Green Deal Filip Turek snahu naj\u00edt \u00faspory a narovnat pom\u011bry na resortu \u017eivotn\u00edho prost\u0159ed\u00ed p\u0159ibl\u00ed\u017eil v rozhovoru pro Parlamentn\u00edListy.cz. Zd\u016fraznil p\u0159itom snahu osekat rozlohu akcelera\u010dn\u00edch z\u00f3n, kter\u00e9 byly za p\u0159edchoz\u00ed vl\u00e1dy pl\u00e1nov\u00e1ny pro urychlenou v\u00fdstavbu v\u011btrn\u00fdch a sol\u00e1rn\u00edch elektr\u00e1ren za pomoci dotac\u00ed od EU. Zmen\u0161it se m\u011bla z 2 685 na 474 kilometr\u016f \u010dtvere\u010dn\u00edch a Turek m\u00edn\u00ed, \u017ee pr\u00e1v\u011b kv\u016fli tomuto kroku je na n\u011bj v posledn\u00ed dob\u011b m\u00ed\u0159ena ostr\u00e1 kritika i slovn\u00ed \u00fatoky, jeliko\u017e&nbsp;\u201es\u00e1hnul&nbsp;v r\u00e1mci Green Dealu do obrovsk\u00fdch pen\u011bz\u201c.<\/p>\n\n\n\n<figure class=\"wp-block-embed is-type-rich is-provider-obslu-n-rutina-k-du-pro-vlo-en wp-block-embed-obslu-n-rutina-k-du-pro-vlo-en\"><div class=\"wp-block-embed__wrapper\">\nhttps:\/\/youtube.com\/watch?v=d98Sr8d834A%3Fsi%3DZ60OsQVL_K8uLO6z\n<\/div><\/figure>\n\n\n\n<p><\/p>\n\n\n\n<p>Mo\u017enost v\u00fdstavby v\u011btrn\u00fdch elektr\u00e1ren na zna\u010dn\u00e9 \u010d\u00e1sti \u010ceska m\u011bla b\u00fdt b\u011bhem vl\u00e1dnut\u00ed Fialova kabinetu p\u0159ipravov\u00e1na \u201epotichu\u201c. \u201eNa\u0161t\u011bst\u00ed j\u00e1 jsem to p\u0159i n\u00e1stupu na toto ministerstvo jako neministr \u201avyhrabal ze sklepa\u2018 a zamezil jsem tomu masov\u00e9mu stav\u011bn\u00ed v\u011btrn\u00fdch elektr\u00e1ren v \u010cesk\u00e9 republice,\u201c vyj\u00e1d\u0159il se Turek s t\u00edm, \u017ee p\u0159edchoz\u00ed n\u00e1vrh mohl zp\u016fsobit, \u017ee by byly v\u011btrn\u00e9 elektr\u00e1rny rozesety po cel\u00e9 zemi.<\/p>\n\n\n\n<p>Snahu osekat v\u011btrn\u00e9 elektr\u00e1rny kritizoval pr\u00e1vn\u00edk a aktivista Martin Abel, kter\u00fd p\u016fsobil ve V\u00fdzkumn\u00e9m \u00fastavu pro krajinu, kde se pod\u00edlel na v\u00fdb\u011bru akcelera\u010dn\u00edch z\u00f3n pro v\u011btrn\u00edky a sol\u00e1ry. \u00dastav spadaj\u00edc\u00ed pod ministerstvo \u017eivotn\u00edho prost\u0159ed\u00ed s Abelem ned\u00e1vno rozv\u00e1zal smlouvu, na\u010de\u017e n\u011bkter\u00e1 m\u00e9dia informovala, \u017ee se tak m\u011blo st\u00e1t kv\u016fli jeho ve\u0159ejn\u00e9 rozep\u0159i s Turkem na za\u010d\u00e1tku dubna, a Abela p\u0159itom ozna\u010dovala za \u201eodborn\u00edka z Oxfordu\u201c. Pozd\u011bji se uk\u00e1zalo, \u017ee krom\u011b kritiky nov\u00e9 koncepce resortu sm\u011brem k mo\u017enosti urychlen\u00e9ho umis\u0165ov\u00e1n\u00ed v\u011btrn\u00fdch a sol\u00e1rn\u00edch elektr\u00e1ren m\u011bl Abel d\u0159\u00edve spolupracovat s klimatick\u00fdmi aktivisty kup\u0159\u00edkladu na \u017ealob\u011b proti \u010desk\u00e9mu st\u00e1tu a&nbsp;<a href=\"https:\/\/www.parlamentnilisty.cz\/arena\/monitor\/Masivni-sit-neziskovek-za-urednikem-z-ministerstva-Odhaleno-po-Macinkove-akci-790197\" target=\"_blank\" rel=\"noreferrer noopener\">hovo\u0159\u00ed se tak o jeho mo\u017en\u00e9m st\u0159etu z\u00e1jm\u016f<\/a>.<\/p>\n\n\n\n<p>\u201eNejsem zast\u00e1ncem soudn\u00edho \u0159e\u0161en\u00ed spor\u016f. Pokud ale \u010desk\u00e1 vl\u00e1da nep\u0159ikl\u00e1d\u00e1 zm\u011bn\u011b klimatu v\u00e1\u017enost, kterou si zaslou\u017e\u00ed, odkl\u00e1d\u00e1 nezbytn\u00e9 z\u00e1kony, ne\u0159\u00edd\u00ed se vlastn\u00edmi strategick\u00fdmi dokumenty, zdr\u00e1h\u00e1 se v\u00fdznamn\u011b investovat do \u010dist\u00fdch technologi\u00ed a klade klacky pod nohy jedin\u00e9 nadn\u00e1rodn\u00ed organizaci, kter\u00e1 usiluje o skute\u010dn\u00e9 \u0159e\u0161en\u00ed klimatick\u00e9 krize, Evropsk\u00e9 unii, m\u016f\u017ee b\u00fdt rozsudek soudu jedin\u00fdm zp\u016fsobem, jak p\u0159im\u011bt na\u0161i vl\u00e1du razantn\u011b a v\u010das zakro\u010dit,\u201c&nbsp;<a href=\"https:\/\/www.klimazaloba.cz\/martin-abel\/\" rel=\"noreferrer noopener\" target=\"_blank\">popsal<\/a>&nbsp;sv\u016fj pohled Abel neziskov\u00e9 organizaci Klimatick\u00e1 \u017ealoba \u010cR, v jej\u00edm\u017e veden\u00ed p\u016fsobil do roku 2023.<\/p>\n\n\n\n<figure class=\"wp-block-image\"><a href=\"https:\/\/www.parlamentnilisty.cz\/profily\/profil.aspx?id=156530\"><img decoding=\"async\" src=\"https:\/\/www.parlamentnilisty.cz\/profily-sprava\/user-data\/7CC1BEF7\/image\/156530-turek_profil_top.jpg\" alt=\"\"\/><\/a><\/figure>\n\n\n\n<h2 class=\"wp-block-heading\"><a href=\"https:\/\/www.parlamentnilisty.cz\/profily\/profil.aspx?id=156530\">Mgr. Filip Turek<\/a><\/h2>\n\n\n\n<ul class=\"wp-block-list\">\n<li>AUTO<\/li>\n\n\n\n<li><\/li>\n\n\n\n<li>poslanec<\/li>\n<\/ul>\n\n\n\n<p>Na aktu\u00e1ln\u00ed&nbsp;<a href=\"https:\/\/denikn.cz\/2045505\/turek-vse-znici-buldozerem-motoriste-si-vyrizuji-ideologicke-konflikty-propoustenim-rika-vyhozeny-analytik\/\" rel=\"noreferrer noopener\" target=\"_blank\">rozhovor<\/a>&nbsp;Abela v Den\u00edku N, v n\u011bm\u017e tvrd\u00ed, \u017ee Turek \u201ev\u0161e zni\u010d\u00ed buldozerem\u201c, vl\u00e1dn\u00ed zmocn\u011bnec v rozhovoru pro Parlamentn\u00edListy.cz reagoval s uji\u0161t\u011bn\u00edm, \u017ee buldozer by vyu\u017eit\u00ed na\u0161el. \u201eMohu potvrdit, \u017ee buldozerem ty pen\u011bzovody k n\u011bmu a k jemu podobn\u00fdm p\u0159ejet m\u016f\u017eeme. To si mysl\u00edm, \u017ee je hezk\u00e1 p\u0159edstava,\u201c podotkl.<br><br>P\u0159ipojil, \u017ee Abel nen\u00ed jedin\u00fd, kter\u00e9ho se \u0161krty dotkly. \u201eJeho kolega tady dokonce dostal smlouvu od \u0159editele jednoho z odbor\u016f, kter\u00fd u\u017e tady tak\u00e9 na\u0161t\u011bst\u00ed nen\u00ed, na \u010derp\u00e1n\u00ed asi milionu korun 11. prosince a 15. prosince nastupoval v t\u00e9 dob\u011b do funkce&nbsp;ministra&nbsp;\u017eivotn\u00edho prost\u0159ed\u00ed Petr Macinka. V\u00edte, \u017ee kon\u010d\u00edte a za 3 dny p\u0159ich\u00e1z\u00ed nov\u00fd ministr, kter\u00fd to nebude cht\u00edt, a vy n\u011bkomu podep\u00ed\u0161ete smlouvu na milion?\u201c p\u0159ilo\u017eil Turek p\u0159\u00edklad, jak to na resortu fungovalo.<\/p>\n\n\n\n<p>\u201eTak\u017ee kresl\u00edme mapy, pavouky, pen\u011bzovody, v\u0161ech&nbsp;13&nbsp;\u0159editelstv\u00ed pod\u0159\u00edzen\u00fdch organizac\u00ed muselo poslat na veden\u00ed v\u0161echny p\u0159\u00edslu\u0161n\u00e9 smlouvy a my tu m\u00e1me bezpe\u010dnostn\u00ed experty, \u0159ekn\u011bme detektivy, kte\u0159\u00ed jednotliv\u00e9 smlouvy zkoumaj\u00ed a potom ty pen\u011bzovody samoz\u0159ejm\u011b od\u0159ez\u00e1v\u00e1me,\u201c popsal, \u017ee aktu\u00e1ln\u011b m\u00e1 na ministerstvu prob\u00edhat zna\u010dn\u00fd p\u0159ezkum v\u0161ech uzav\u0159en\u00fdch kontrakt\u016f.<\/p>\n\n\n\n<p>Pr\u00e1v\u011b dan\u00e9 napojen\u00ed na pen\u011bzovody m\u00e1 dle Turka b\u00fdt to, co zmi\u0148oval na oslav\u011b internetov\u00e9 televize XTV, na n\u00ed\u017e pou\u017eil p\u0159irovn\u00e1n\u00ed k \u201eparazit\u016fm\u201c. \u201ePokud n\u011bkdo m\u00e1 hodinovou sch\u016fzku, kter\u00e1 vych\u00e1z\u00ed na 7 000 K\u010d, kter\u00e9 potom fakturuje za to, \u017ee d\u011bl\u00e1 opak zad\u00e1n\u00ed, a my \u0159ekneme, \u017ee budeme akcelera\u010dn\u00ed z\u00f3ny zmen\u0161ovat a budeme hledat krajinu, kam to nepat\u0159\u00ed, a chr\u00e1nit \u017eivo\u010dichy\u2026, tak \u2013 j\u00e1 nechci to slovo opakovat \u2013 ale nev\u00edm, jak jinak bych nazval n\u011bkoho, kdo pracuje proti tomuto zad\u00e1n\u00ed. Proti p\u0159\u00edrod\u011b \u2013 na ministerstvu \u017eivotn\u00edho prost\u0159ed\u00ed. A kdo pracuje dokonce v \u00fapln\u00e9m rozporu se zad\u00e1n\u00edm, na n\u011bm\u017e m\u00e1 d\u011blat,\u201c popsal Turek s t\u00edm, \u017ee ministerstvo zjistilo, \u017ee se jeho jm\u00e9nem m\u011bli tito lid\u00e9 sna\u017eit zajistit prav\u00fd opak, tedy co nej\u0161ir\u0161\u00ed v\u00fdstavbu v\u011btrn\u00fdch elektr\u00e1ren v krajin\u011b.<\/p>\n\n\n\n<ul class=\"wp-block-list\">\n<li><a href=\"https:\/\/www.youtube.com\/@ParlamentkyTV\" target=\"_blank\" rel=\"noreferrer noopener\"><strong>ODEB\u00cdREJTE N\u00c1\u0160 KAN\u00c1L NA YOUTUBE!<\/strong><\/a><\/li>\n<\/ul>\n\n\n\n<p>Ukon\u010den\u00ed kari\u00e9ry Abela pro tento segment st\u00e1tu zajist\u00e9 nen\u00ed v rozporu s p\u0159\u00e1n\u00edm obyvatel \u010cesk\u00e9 republiky, jeliko\u017e jeho pracovn\u00edm sch\u00e9matem m\u011blo b\u00fdt: \u201ePracujete pro st\u00e1t a za ty pen\u00edze, kter\u00e9 fakturujete, d\u00e1v\u00e1te na st\u00e1t \u017ealobu. A je\u0161t\u011b dokonce m\u00e1te v Anglii vystudovan\u00fd obor, kter\u00fd v\u00e1s hezky progresivisticky u\u010d\u00ed zm\u011bnit politiku skrze \u017ealoby na st\u00e1t.\u201c<br><br>Turek doplnil, \u017ee od v\u011bt\u0161iny \u00fa\u0159edn\u00edk\u016f za\u010d\u00edn\u00e1 i p\u0159es negativn\u00ed kampa\u0148 \u010d\u00e1sti m\u00e9di\u00ed c\u00edtit podporu. \u201eP\u0159\u00edmo tady na ministerstvu \u017eivotn\u00edho prost\u0159ed\u00ed je v\u011bt\u0161ina odborn\u00edk\u016f velmi \u0161\u0165astn\u00e1, \u017ee jsme zabojovali proti brut\u00e1ln\u00edmu rozsahu v\u00fdstavby v\u011btrn\u00fdch elektr\u00e1ren\u2026 Ze za\u010d\u00e1tku se n\u011bkte\u0159\u00ed lid\u00e9 fyzicky klepali, kdy\u017e se se mnou m\u011bli setkat, ale pak zjistili, \u017ee jsem \u00fapln\u011b v pohod\u011b a \u017ee jim chci pomoct&#8230; Po\u0159\u00e1d je tady p\u00e1r procent lid\u00ed, kte\u0159\u00ed jsou aktivist\u00e9 zaplacen\u00ed tou lobby, ale slu\u0161n\u00ed \u00fa\u0159edn\u00edci, kter\u00fdch je tu v\u011bt\u0161ina, jsou r\u00e1di, \u017ee se tento zelen\u00fd podvod nekon\u00e1 v pln\u00e9m rozsahu,\u201c p\u0159ibl\u00ed\u017eil vl\u00e1dn\u00ed zmocn\u011bnec v rozhovoru pro Parlamentn\u00edListy.cz prost\u0159ed\u00ed na resortu \u017eivotn\u00edho prost\u0159ed\u00ed.<\/p>\n\n\n\n<p><em>Jak\u00fd byl pl\u00e1n Fialovy vl\u00e1dy k v\u00fdstavb\u011b v\u011btrn\u00fdch elektr\u00e1ren a co m\u011blo \u010cesku hrozit?<\/em><\/p>\n\n\n\n<p><em>V jak\u00fdch oblastech za\u010dalo&nbsp;ministerstvo&nbsp;\u017eivotn\u00edho prost\u0159ed\u00ed \u0161krtat a kolik se ji\u017e poda\u0159ilo u\u0161et\u0159it?<\/em><\/p>\n\n\n\n<p><strong>Odpov\u011bdi nejen na tyto ot\u00e1zky se dozv\u00edte ve druh\u00e9 \u010d\u00e1sti rozhovoru s Filipem Turkem na youtubov\u00e9m kan\u00e1lu serveru Parlamentn\u00edListy.cz&nbsp;<a href=\"https:\/\/www.youtube.com\/watch?v=d98Sr8d834A\" rel=\"noreferrer noopener\" target=\"_blank\">ZDE<\/a>.<\/strong><\/p>\n","protected":false},"excerpt":{"rendered":"<p>30.04.2026 8:44 | Rozhovor autor:&nbsp;Radek Kotas A\u017e 7 000 K\u010d za jednu sch\u016fzku m\u011bly podle vl\u00e1dn\u00edho zmocn\u011bnce Filipa Turka (za Motoristy) dost\u00e1vat zaplaceno osoby na ministerstvu \u017eivotn\u00edho prost\u0159ed\u00ed, p\u0159esto\u017ee se sna\u017eily jednat proti zad\u00e1n\u00ed resortu. V rozhovoru pro Parlamentn\u00edListy.cz Turek ozn\u00e1mil, \u017ee kv\u016fli d\u011bn\u00ed ji\u017e na ministerstvu p\u016fsob\u00ed ,,detektivov\u00e9&#8220;. V\u011bc se m\u00e1 t\u00fdkat i vyhozen\u00e9ho &hellip; <a href=\"https:\/\/www.podivinsky.cz\/?p=23889\" class=\"more-link\">Pokra\u010dov\u00e1n\u00ed textu <span class=\"screen-reader-text\">Filip Turek: 7 000 K\u010d za sch\u016fzku. M\u00e1m na to detektivy<\/span> <span class=\"meta-nav\">&rarr;<\/span><\/a><\/p>\n","protected":false},"author":1,"featured_media":0,"comment_status":"closed","ping_status":"closed","sticky":false,"template":"","format":"standard","meta":{"footnotes":""},"categories":[9],"tags":[],"class_list":["post-23889","post","type-post","status-publish","format-standard","hentry","category-pc"],"_links":{"self":[{"href":"https:\/\/www.podivinsky.cz\/index.php?rest_route=\/wp\/v2\/posts\/23889","targetHints":{"allow":["GET"]}}],"collection":[{"href":"https:\/\/www.podivinsky.cz\/index.php?rest_route=\/wp\/v2\/posts"}],"about":[{"href":"https:\/\/www.podivinsky.cz\/index.php?rest_route=\/wp\/v2\/types\/post"}],"author":[{"embeddable":true,"href":"https:\/\/www.podivinsky.cz\/index.php?rest_route=\/wp\/v2\/users\/1"}],"replies":[{"embeddable":true,"href":"https:\/\/www.podivinsky.cz\/index.php?rest_route=%2Fwp%2Fv2%2Fcomments&post=23889"}],"version-history":[{"count":1,"href":"https:\/\/www.podivinsky.cz\/index.php?rest_route=\/wp\/v2\/posts\/23889\/revisions"}],"predecessor-version":[{"id":23891,"href":"https:\/\/www.podivinsky.cz\/index.php?rest_route=\/wp\/v2\/posts\/23889\/revisions\/23891"}],"wp:attachment":[{"href":"https:\/\/www.podivinsky.cz\/index.php?rest_route=%2Fwp%2Fv2%2Fmedia&parent=23889"}],"wp:term":[{"taxonomy":"category","embeddable":true,"href":"https:\/\/www.podivinsky.cz\/index.php?rest_route=%2Fwp%2Fv2%2Fcategories&post=23889"},{"taxonomy":"post_tag","embeddable":true,"href":"https:\/\/www.podivinsky.cz\/index.php?rest_route=%2Fwp%2Fv2%2Ftags&post=23889"}],"curies":[{"name":"wp","href":"https:\/\/api.w.org\/{rel}","templated":true}]}}