{"id":23892,"date":"2026-04-30T20:10:27","date_gmt":"2026-04-30T19:10:27","guid":{"rendered":"https:\/\/www.podivinsky.cz\/?p=23892"},"modified":"2026-04-30T20:10:34","modified_gmt":"2026-04-30T19:10:34","slug":"ublizuji-petru-pavlovi-tvrdil-zmr-rychetsky-a-prisly-mu-vzkazy-z-minulosti","status":"publish","type":"post","link":"https:\/\/www.podivinsky.cz\/?p=23892","title":{"rendered":"Ubli\u017euj\u00ed Petru Pavlovi, tvrdil Zmr. Rychetsk\u00fd. A p\u0159i\u0161ly mu vzkazy z minulosti"},"content":{"rendered":"\n<p>30.04.2026 13:00 | Koment\u00e1\u0159<\/p>\n\n\n\n<p><em>autor:&nbsp;<a href=\"https:\/\/www.parlamentnilisty.cz\/redakce\/redakce\/\"><strong>red<\/strong><\/a><\/em><\/p>\n\n\n\n<p><strong>\u201eJe t\u011b\u017ek\u00e9 m\u00edt v \u00fact\u011b prezidenta, kter\u00fd ka\u0161le na \u00dastavu i v\u011bt\u0161inu voli\u010d\u016f. Vzpome\u0148me si, jak se chovala m\u00e9dia i tehdej\u0161\u00ed vl\u00e1dn\u00ed politici t\u0159eba k Milo\u0161i Zemanovi. Jak ho ur\u00e1\u017eeli, poni\u017eovali\u2026 Kydaj\u00ed hn\u016fj na V\u00e1clava Klause\u2026\u201c I toto zazn\u011blo v reakci na slova Pavla Rychetsk\u00e9ho ohledn\u011b \u201erespektu k hlav\u011b na\u0161eho st\u00e1tu\u201c. Promluvil herec Ivan Vysko\u010dil, herec a m\u00edstop\u0159edseda STA\u010cILO! Michal Guly\u00e1\u0161, publicista Pavel \u010cernock\u00fd, publicista a bezpe\u010dnostn\u00ed analytik Jan Schneider, m\u00edstop\u0159edseda Rady pro rozhlasov\u00e9 a televizn\u00ed vys\u00edl\u00e1n\u00ed, hudebn\u00edk a mana\u017eer Vadim Petrov a hudebn\u00edk a m\u00edstop\u0159edseda Trikolory Petr \u0160t\u011bp\u00e1nek.<\/strong><\/p>\n\n\n\n<figure class=\"wp-block-image\"><img decoding=\"async\" src=\"https:\/\/cms.parlamentnilisty.cz\/image.ashx?w=632&amp;h=307&amp;f=HNS_0985_639072881320501166.JPG&amp;id=200227\" alt=\"Ubli\u017euj\u00ed Petru Pavlovi, tvrdil Rychetsk\u00fd. A p\u0159i\u0161ly mu vzkazy z minulosti\"\/><figcaption class=\"wp-element-caption\"><small>Foto:&nbsp;<strong>Hans \u0160tembera<\/strong><br>Popisek:&nbsp;<strong>Shrom\u00e1\u017ed\u011bn\u00ed Spole\u010dn\u011b za Ukrajinu! Ke \u010dtvrt\u00e9mu v\u00fdro\u010d\u00ed vojensk\u00e9ho vp\u00e1du Ruska na Ukrajinu<\/strong><\/small><\/figcaption><\/figure>\n\n\n\n<p><\/p>\n\n\n\n<p>B\u00fdval\u00fd p\u0159edseda \u00dastavn\u00edho soudu Pavel Rychetsk\u00fd v po\u0159adu Osobnosti Plus mluvil o ur\u010dit\u00e9m &#8222;zhrubnut\u00ed&#8220; v politice, zmi\u0148oval p\u0159edev\u0161\u00edm chov\u00e1n\u00ed n\u011bkter\u00fdch politik\u016f v\u016f\u010di prezidentovi. Mimo jin\u00e9 tak\u00e9 uvedl, \u017ee \u201ehistoricky v\u017edycky k hlav\u011b na\u0161eho st\u00e1tu panovala jist\u00e1 alespo\u0148 z\u00e1sadn\u00ed element\u00e1rn\u00ed \u00facta. Nemusel to b\u00fdt v\u017edycky obdiv, ale v\u017edycky to byl respekt.&#8220; Souhlas\u00edte s jeho slovy? Tak jsme se ptali zm\u00edn\u011bn\u00fdch zn\u00e1m\u00fdch osobnost\u00ed. Do\u0161lo i na p\u0159ezd\u00edvky \u0159ady na\u0161ich prezident\u016f a tak\u00e9 na srovn\u00e1n\u00ed sou\u010dasn\u00e9ho prezidenta a G. Hus\u00e1ka.<\/p>\n\n\n\n<p><\/p>\n\n\n\n<h4 class=\"wp-block-heading\"><strong>Jakou p\u0159ezd\u00edvku dostal V. Havel? To je\u0161t\u011b m\u016f\u017ee b\u00fdt sou\u010dasn\u00fd prezident r\u00e1d&#8230;<\/strong><\/h4>\n\n\n\n<p>\u201eSami \u010dten\u00e1\u0159i m\u00fdch \u010dl\u00e1nk\u016f v\u011bd\u00ed, \u017ee ob\u010das nejdu pro spr\u00e1vn\u00e9 slovo daleko. Ale n\u011bco jin\u00e9ho je to z\u0159ejm\u011b v politice, kde by se m\u011blo asi mluvit p\u0159ece jen trochu takovou diplomatickou \u0159e\u010d\u00ed. J\u00e1 tedy jsem stra\u0161n\u011b r\u00e1d, \u017ee v politice nejsem. Proto\u017ee j\u00e1, kdy\u017e ob\u010das chv\u00edli vydr\u017e\u00edm a sly\u0161\u00edm z televize projevy pana H\u0159iba\u2026&#8230; Celou dobu nic neud\u011blali a te\u010f m\u00e1 drzost kritizovat a je\u0161t\u011b z n\u011bj padaj\u00ed takov\u00e9 kraviny\u2026 Mysl\u00edm, \u017ee na Svatov\u00edtsk\u00e9m chr\u00e1mu by mohl b\u00fdt vytesan\u00fd jako jeden z chrli\u010d\u016f, ale chrli\u010d kravin. J\u00e1 se ob\u00e1v\u00e1m, \u017ee bych se prost\u011b asi taky neudr\u017eel. Obdivuji ty, kte\u0159\u00ed maj\u00ed tu trp\u011blivost, mus\u00ed to poslouchat a zachov\u00e1vat jakousi diplomatickou \u0159e\u010d. To by se mi asi nepovedlo,\u201c \u0159\u00edk\u00e1 herec a \u010dlen Klubu 2019 Ivan Vysko\u010dil a zam\u00fd\u0161l\u00ed se i nad slovy Pavla Rychetsk\u00e9ho ohledn\u011b \u201eelement\u00e1rn\u00ed \u00facty\u201c v souvislosti s hlavou na\u0161eho st\u00e1tu.<\/p>\n\n\n\n<p>\u201eJ\u00e1 si v\u00e1\u017e\u00edm t\u00e9 prezidentsk\u00e9 funkce, co\u017e ov\u0161em neznamen\u00e1, \u017ee si v\u00e1\u017e\u00edm toho, kdo tam sed\u00ed. A nap\u0159\u00edklad ohledn\u011b \u00facty k tehdej\u0161\u00edmu prezidentovi Milo\u0161i Zemanovi byste se mohli zeptat toho prim\u00e1\u0159e Straky. To je \u010dlov\u011bk, kter\u00fd opravdu p\u0159edstavuje \u00factu k t\u011bmto funkc\u00edm, zejm\u00e9na k t\u011bm lidem, se kter\u00fdmi nesouhlas\u00ed. Ned\u00e1vno jsem \u010detl, jak si p\u0159edstavuje, \u017ee fackuje Macinku a Turka. Nooooo\u2026 J\u00e1 nev\u00edm, on ten Turek je takov\u00fd velk\u00fd, on by mo\u017en\u00e1 fackoval sp\u00ed\u0161 toho Straku,\u201c zasm\u00e1l se od srdce Ivan Vysko\u010dil a dostal se i k tomu, jak se i n\u011bkte\u0159\u00ed politici \u201estav\u011bli\u201c k prezidentu Zemanovi. Nar\u00e1\u017eel p\u0159edev\u0161\u00edm na dobu, kdy byl Milo\u0161 Zeman b\u011bhem sv\u00e9ho prezidentsk\u00e9ho obdob\u00ed del\u0161\u00ed dobu v nemocnici.<\/p>\n\n\n\n<p>\u201eNo tak co m\u016f\u017eete cht\u00edt od ratl\u00edk\u016f ala Vystr\u010dil. Od t\u011bchto lid\u00ed, kte\u0159\u00ed ur\u00e1\u017eej\u00ed u\u017e jen sv\u00fdm zjevem,\u201c \u0159\u00edk\u00e1 v nads\u00e1zce herec a pokra\u010duje.<\/p>\n\n\n\n<p><\/p>\n\n\n\n<p>\u201eA nakonec je\u0161t\u011b m\u016f\u017ee b\u00fdt sou\u010dasn\u00fd pan prezident a b\u00fdval\u00fd \u00fastavn\u00ed soudce Rychetsk\u00fd r\u00e1di, \u017ee ten \u010desk\u00fd humor je takov\u00fd laskav\u00fd. Samoz\u0159ejm\u011b, b\u00fdvaj\u00ed i nad\u00e1vky a vulgarismy\u2026. Ale nap\u0159\u00edklad o c\u00edsa\u0159i p\u00e1novi se \u0159\u00edkalo jen neuctiv\u011b Franti\u0161ek Proch\u00e1zka. A v\u0161ichni prezidenti dostali n\u011bjakou p\u0159ezd\u00edvku, jako Klement Ukrutn\u00fd, Anton\u00edn Dobrotiv\u00fd a Anton\u00edn Sli\u010dn\u00fd. \u2026A rad\u011bji nebudu ani \u0159\u00edkat, jakou p\u0159ezd\u00edvku dostal V\u00e1clav Havel\u2026. Nev\u00edte? No p\u0159ece Venca Fla\u0161ka. No a n\u00e1\u0161 sou\u010dasn\u00fd prezident dostal nakonec p\u0159ezd\u00edvku je\u0161t\u011b docela laskavou, kter\u00e1 je slo\u017een\u00e1 z po\u010d\u00e1te\u010dn\u00edch p\u00edsmen jeho jm\u00e9na, \u0159\u00edk\u00e1 se mu PePa. Tak m\u016f\u017ee b\u00fdt je\u0161t\u011b r\u00e1d, \u017ee to nen\u00ed nic hor\u0161\u00edho,\u201c uzav\u0159el s humorem sob\u011b vlastn\u00edm Ivan Vysko\u010dil.<\/p>\n\n\n\n<h4 class=\"wp-block-heading\"><strong>Kydaj\u00ed hn\u016fj na V\u00e1clava Klause\u2026<\/strong><\/h4>\n\n\n\n<p>\u201eRychetsk\u00fd mi p\u0159ipom\u00edn\u00e1 n\u00e1\u010deln\u00edka \u201eK\u0159ivokuka\u201c z kmene \u201eK\u0159ivomel\u016f\u201c. Rozdava\u010d \u010derven\u00fdch nos\u016f mudruje, \u017ee je v cirkuse bordel? Kdo umo\u017enil v\u00e1lkychtiv\u00e9 mafii, aby v uplynul\u00fdch \u010dty\u0159ech letech ovl\u00e1dla moc v zemi? Jak by nemohla politika zhrubnout, kdy\u017e si tahle p\u0159ipraven\u00e1 a v\u0161ehoschopn\u00e1 mafie na po\u0159\u00e1dek proti skute\u010dn\u00fdm oponent\u016fm nasadila psychopatick\u00e9ho \u201epsa,\u201c kr\u00e1le hn\u011bd\u00e9ho prou\u017eku na trenk\u00e1ch a \u0161uk\u00e1\u010dka rudohlav\u00e9 panenky, Ot\u00edka? Ment\u00e1ln\u00ed l\u016fzr, co vyk\u0159ikoval, \u017ee lidi s jin\u00fdm n\u00e1zorem jsou svin\u011b, ve funkci strategick\u00e9ho komunik\u00e1tora nastolil hrubost za normu,\u201c \u0159\u00edk\u00e1 herec a m\u00edstop\u0159edseda STA\u010cILO!&nbsp;<strong>Michal Guly\u00e1\u0161<\/strong>&nbsp;a pokra\u010duje.<\/p>\n\n\n\n<p>\u201e\u201eK\u0159ivokuk\u201c je zka\u017een\u00e1 omeleta v z\u00e1st\u011b\u0159e. Ale za\u010dalo to mnohem d\u0159\u00edve. Na Milo\u0161e Zemana prvoci nakydali tuny hnoje nevyb\u00edrav\u00fdm zp\u016fsobem a nen\u00ed podstatn\u00e9, \u017ee jim k tomu \u010das od \u010dasu zavdal p\u0159\u00edle\u017eitost. Kydaj\u00ed hn\u016fj na V\u00e1clava Klause, proto\u017ee jim nevon\u00ed, co \u0159\u00edk\u00e1, a \u017ee na n\u011bho nem\u016f\u017eou. D\u011bdek \u201eK\u0159ivokuk\u201c, co nejsp\u00ed\u0161 z\u00e1m\u011brn\u011b zmr\u0161il \u00fastavu, n\u00e1m tady te\u010f bude bodovat politickou mor\u00e1lku? Pro\u010d bych m\u011bl respektovat hlavu st\u00e1tu, kter\u00e1 si p\u0159eje n\u00e1\u0161 z\u00e1nik? M\u00e1m respektovat zr\u00e1dce? Kolaboranta? Uboh\u00e9ho lokaje bez kouska cti v t\u011ble? Ma\u0148\u00e1ska, kter\u00e9mu prst jeho p\u00e1na \u010douh\u00e1 z hlavi\u010dky?\u201c pt\u00e1 se a dod\u00e1v\u00e1.<\/p>\n\n\n\n<p>\u201eOmeleta \u201eK\u0159ivokuk\u201c se asi zbl\u00e1znil. Asi mu paragrafy v moze\u010dku zarostly posledn\u00ed cestu k rozumu. Zaseli v\u00edtr a te\u010f by cht\u011bli slune\u010dn\u00e9 po\u010das\u00ed. Nem\u00e1m povinnost respektovat hajzly, to by panu \u201eK\u0159ivokukovi\u201c m\u011blo b\u00fdt jasn\u00e9. Nem\u00e1m ani povinnost jako svobodn\u00fd ob\u010dan proti nim nic nepodnikat. To by mu taky m\u011blo b\u00fdt jasn\u00e9. A\u0165 si koup\u00ed prut a ryb\u00e1\u0159sk\u00fd pr\u016fkaz, zdekuje se n\u011bkam ke vzd\u00e1len\u00e9mu rybn\u00edku a chyt\u00e1 zlat\u00e9 rybi\u010dky. U\u017e toho zprznil v\u00edc ne\u017e dost. Nen\u00ed to \u017e\u00e1dn\u00e1 autorita, je to jen jeden z t\u011bch, co m\u016f\u017eou za to, \u017ee to tu te\u010f je, jak to je, a dokud \u201eK\u0159ivomelov\u00e9\u201c budou zlat\u00e9 rybky chytat v na\u0161em rybn\u00edku, nebude nic tak, jak by m\u011blo b\u00fdt, aby to nebylo \u201ejedno velk\u00fd \u0161patn\u00fd.\u201c\u201c<\/p>\n\n\n\n<h4 class=\"wp-block-heading\"><strong>Vzpome\u0148me si, jak se chovali k Milo\u0161i Zemanovi\u2026&#8230;<\/strong><\/h4>\n\n\n\n<p>\u201eRychetsk\u00fd m\u00e1 nepochybn\u011b pravdu v tom smyslu, \u017ee po \u201esametov\u00e9 revoluci\u201c spole\u010dnost zhrubla. Zhrubla televize, m\u00e9dia, prost\u011b cel\u00e1 spole\u010dnost. Ta m\u00edra vulg\u00e1rnosti a sprostoty byla ve ve\u0159ejn\u00e9m prostoru p\u0159ed rokem 1989 nemysliteln\u00e1\u2026,\u201c&nbsp;p\u0159ipom\u00edn\u00e1 publicista&nbsp;<strong>Pavel \u010cernock\u00fd<\/strong>&nbsp;a pokra\u010duje.<\/p>\n\n\n\n<p>\u201eNicm\u00e9n\u011b, dne\u0161n\u00ed politici jsou sice k hlav\u011b st\u00e1tu velmi kriti\u010dt\u00ed, ironi\u010dt\u00ed, ale t\u0159eba m\u00e9dia jsou st\u00e1le korektn\u00ed a slu\u0161n\u00e1. Tedy ta ofici\u00e1ln\u00ed, nikoliv facebook a pod. Tolik tedy k Petrovi Pavlovi\u2026ale vzpome\u0148me si, jak se chovala m\u00e9dia i tehdej\u0161\u00ed vl\u00e1dn\u00ed politici t\u0159eba k Milo\u0161i Zemanovi. Jak ho ur\u00e1\u017eeli, poni\u017eovali a \u010dasto vysloven\u011b manipulovali a lhali,\u201c \u0159\u00edk\u00e1 a pokra\u010duje. \u201eChcete p\u0159\u00edklad? Zeman trp\u011bl a st\u00e1le trp\u00ed chronickou neuropati\u00ed. U\u017e p\u0159ed lety za\u010dal t\u011b\u017ece a vr\u00e1vorav\u011b chodit\u2026 a redakto\u0159i \u010cT se nestyd\u011bli ignorovat jeho nemoc a nestydat\u011b nazna\u010dovali, \u017ee byl Zeman na Hrad\u011b, p\u0159i otev\u00edr\u00e1n\u00ed komory s korunova\u010dn\u00edmi klenoty opil\u00fd! Petr Pavel si ur\u010dit\u011b nem\u016f\u017ee st\u011b\u017eovat na ne\u00factu, neslu\u0161nost a agresi v \u010cT, na Seznamu, Foru 24, nebo Novink\u00e1ch. Ov\u0161em prezident, kter\u00fd se nepokryt\u011b sna\u017e\u00ed zni\u010dit zemi a rozpustit st\u00e1t v jak\u00fdchsi Spojen\u00fdch st\u00e1tech Evropsk\u00fdch, si \u00factu, ani slu\u0161nost vlastn\u011b nezaslou\u017e\u00ed,\u201c domn\u00edv\u00e1 se publicista.<\/p>\n\n\n\n<h4 class=\"wp-block-heading\"><strong>I Gust\u00e1v Hus\u00e1k na tom byl l\u00e9pe\u2026&#8230;<\/strong><\/h4>\n\n\n\n<p>\u201eMysl\u00edm, \u017ee to dob\u0159e vypov\u00edd\u00e1 o tom, jak prom\u011bnliv\u00e1 je &#8222;hodnotov\u00e1 politika&#8220; Rychetsk\u00e9ho. Dalo by se \u0159\u00edci t\u00e9\u017e, \u017ee je flexibiln\u00ed, a\u017e oportunistick\u00e1. Obecn\u011b lze pouze \u0159\u00edci, \u017ee v\u0161ichni prezidenti republiky po\u017e\u00edvali institucion\u00e1ln\u00ed \u00factu, tedy k funkci. Co bylo nad to, bylo d\u00e1no osobnost\u00ed prezidenta. Nev\u00edm, jak\u00fd respekt m\u00e1 Rychetsk\u00fd na mysli t\u0159eba v p\u0159\u00edpad\u011b Emila H\u00e1chy &#8211; ?\u201c pt\u00e1 se publicista, emeritn\u00ed bezpe\u010dnostn\u00ed analytik a n\u011bkdej\u0161\u00ed buben\u00edk Plastic People of the Universe, dnes i \u010dlen Klubu 2019,&nbsp;<strong>Jan Schneider<\/strong>&nbsp;a vysv\u011btluje.<\/p>\n\n\n\n<p>\u201eNutno dodat, \u017ee mo\u017en\u00fd respekt byl v\u017edy zmen\u0161ov\u00e1n p\u0159\u00edpadnou sm\u011b\u0161nost\u00ed prezidenta. Petr Pavel je sm\u011b\u0161n\u00fd. I Gust\u00e1v Hus\u00e1k na tom byl l\u00e9pe, p\u0159esto\u017ee byl p\u0159edm\u011btem mnoha normaliza\u010dn\u00edch vtip\u016f, jeho minulost politick\u00e9ho v\u011bzn\u011b zasluhuje respekt. Podle vypr\u00e1v\u011bn\u00ed Ji\u0159\u00edho K\u0159iv\u00e1nka, jeho spoluv\u011bzn\u011b z Leopoldova, to byl velmi \u201etvrd\u00fd\u201c v\u011bze\u0148, kter\u00fd se nikdy nenechal zlomit, a usilovn\u011b pracoval, aby mohl pos\u00edlat pen\u00edze na sv\u00e9 dva syny. Z m\u00e9ho pohledu to byl nep\u0159\u00edtel, ale osobnost (podobn\u011b hodnot\u00edm zp\u011btn\u011b nap\u0159\u00edklad i Ji\u0159inu \u0160vorcovou, ale to je jin\u00e1 historie),\u201c vzpom\u00edn\u00e1 a pokra\u010duje.<\/p>\n\n\n\n<p>\u201eZhrubnut\u00ed v politice je vinou i Petra Pavla, kter\u00fd je ochr\u00e1ncem k\u0159up\u00e1n\u016f typu \u0158ehky \u010di Folt\u00fdna: nyn\u00ed se mu to alespo\u0148 tro\u0161ku vrac\u00ed zp\u00e1tky. Je konfrontov\u00e1n s d\u016fsledky sv\u00e9ho kon\u00e1n\u00ed, ale nev\u00edm, zda je s to pochopit n\u011bco takov\u00e9ho. Petr Pavel toti\u017e nen\u00ed osobnost, kter\u00e1 by vn\u00e1\u0161ela do ve\u0159ejn\u00e9ho \u017eivota n\u011bjak\u00e9 skute\u010dn\u00e9 hodnoty &#8211; pr\u00e1v\u011b naopak. Je to \u017eivouc\u00ed p\u0159\u00edklad toho, \u017ee absence jak\u00fdchkoliv hodnot \u010din\u00ed z doty\u010dn\u00e9ho subjektu hladk\u00fd \u010d\u00edpek, kter\u00fd m\u016f\u017ee b\u00fdt bez jak\u00e9hokoliv odporu aplikov\u00e1n kdykoliv kamkoliv. Petr Pavel je jak t\u0159tina v\u011btrem se kl\u00e1t\u00edc\u00ed, o to v\u00edce, \u017ee byl vybr\u00e1n, vybrou\u0161en a vystrk\u00e1n do v\u00fd\u0161e, kde vanou siln\u00e9 v\u011btry, jim\u017e m\u016f\u017ee odolat pouze skute\u010dn\u00e1 osobnost. Nehodl\u00e1m se sm\u00ed\u0159it s t\u00edm, \u017ee se tento \u010dlov\u011bk s\u00e1pe po \u00fastavn\u00ed roli &#8222;reprezentanta&#8220; \u010cesk\u00e9 republiky, tedy i m\u00e9ho. Je to v\u0161eobecn\u00e1 ostuda a potupa, n\u011bco podobn\u00e9ho rakousk\u00e9mu prezidentovi Kurtu Waldheimovi, kter\u00fd t\u00e9\u017e lhal o sv\u00e9 minulosti, na\u010de\u017e mezin\u00e1rodn\u00ed ostrakizace ho vedla k rozhodnut\u00ed neuch\u00e1zet se o znovuzvolen\u00ed. K\u00e9\u017e by si alespo\u0148 v tomto Petr Pavel vzal pou\u010den\u00ed!\u201c vzkazuje Jan Schneider.<\/p>\n\n\n\n<h4 class=\"wp-block-heading\"><strong>Je t\u011b\u017ek\u00e9 m\u00edt v \u00fact\u011b prezidenta, kter\u00fd ka\u0161le na \u00fastavu\u2026&#8230;<\/strong><\/h4>\n\n\n\n<p>Velmi stru\u010dn\u011b a jasn\u011b se vyj\u00e1d\u0159ili i Vadim Petrov a Petr \u0160t\u011bp\u00e1nek. \u201eAno. Sly\u0161el jsem to. N\u011bco jako d\u0159\u00edv, to bylo sn\u011bhu. A jablka, ta byla. Ne jako dneska. Vzpom\u00ednky star\u00e9ho zbrojno\u0161e. Kdo n\u011bco \u010detl o pom\u011brech v politice v prvn\u00ed republice, tak si nem\u016f\u017ee d\u011blat iluze, \u017ee to bylo d\u0159\u00edv jinak. Mo\u017en\u00e1 za komunist\u016f. Ve\u0159ejn\u00e9 osoby by se m\u011bly chovat ale slu\u0161n\u011b. Je mi z toho \u0161patn\u011b,\u201c&nbsp;\u0159\u00edk\u00e1&nbsp;m\u00edstop\u0159edseda&nbsp;Rady pro rozhlasov\u00e9 a televizn\u00ed vys\u00edl\u00e1n\u00ed, hudebn\u00edk a mana\u017eer&nbsp;<strong>Vadim Petrov<\/strong>.<\/p>\n\n\n\n<p>\u201eV obecn\u00e9 rovin\u011b m\u00e1 Rychetsk\u00fd jist\u011b pravdu, ale je t\u011b\u017ek\u00e9 m\u00edt v \u00fact\u011b prezidenta, kter\u00fd ka\u0161le na \u00fastavu i v\u011bt\u0161inu voli\u010d\u016f,\u201c domn\u00edv\u00e1 se hudebn\u00edk a m\u00edstop\u0159edseda Trikolory&nbsp;<strong>Petr \u0160t\u011bp\u00e1nek<\/strong>.<\/p>\n","protected":false},"excerpt":{"rendered":"<p>30.04.2026 13:00 | Koment\u00e1\u0159 autor:&nbsp;red \u201eJe t\u011b\u017ek\u00e9 m\u00edt v \u00fact\u011b prezidenta, kter\u00fd ka\u0161le na \u00dastavu i v\u011bt\u0161inu voli\u010d\u016f. Vzpome\u0148me si, jak se chovala m\u00e9dia i tehdej\u0161\u00ed vl\u00e1dn\u00ed politici t\u0159eba k Milo\u0161i Zemanovi. Jak ho ur\u00e1\u017eeli, poni\u017eovali\u2026 Kydaj\u00ed hn\u016fj na V\u00e1clava Klause\u2026\u201c I toto zazn\u011blo v reakci na slova Pavla Rychetsk\u00e9ho ohledn\u011b \u201erespektu k hlav\u011b na\u0161eho &hellip; <a href=\"https:\/\/www.podivinsky.cz\/?p=23892\" class=\"more-link\">Pokra\u010dov\u00e1n\u00ed textu <span class=\"screen-reader-text\">Ubli\u017euj\u00ed Petru Pavlovi, tvrdil Zmr. Rychetsk\u00fd. A p\u0159i\u0161ly mu vzkazy z minulosti<\/span> <span class=\"meta-nav\">&rarr;<\/span><\/a><\/p>\n","protected":false},"author":1,"featured_media":0,"comment_status":"closed","ping_status":"closed","sticky":false,"template":"","format":"standard","meta":{"footnotes":""},"categories":[9],"tags":[],"class_list":["post-23892","post","type-post","status-publish","format-standard","hentry","category-pc"],"_links":{"self":[{"href":"https:\/\/www.podivinsky.cz\/index.php?rest_route=\/wp\/v2\/posts\/23892","targetHints":{"allow":["GET"]}}],"collection":[{"href":"https:\/\/www.podivinsky.cz\/index.php?rest_route=\/wp\/v2\/posts"}],"about":[{"href":"https:\/\/www.podivinsky.cz\/index.php?rest_route=\/wp\/v2\/types\/post"}],"author":[{"embeddable":true,"href":"https:\/\/www.podivinsky.cz\/index.php?rest_route=\/wp\/v2\/users\/1"}],"replies":[{"embeddable":true,"href":"https:\/\/www.podivinsky.cz\/index.php?rest_route=%2Fwp%2Fv2%2Fcomments&post=23892"}],"version-history":[{"count":1,"href":"https:\/\/www.podivinsky.cz\/index.php?rest_route=\/wp\/v2\/posts\/23892\/revisions"}],"predecessor-version":[{"id":23893,"href":"https:\/\/www.podivinsky.cz\/index.php?rest_route=\/wp\/v2\/posts\/23892\/revisions\/23893"}],"wp:attachment":[{"href":"https:\/\/www.podivinsky.cz\/index.php?rest_route=%2Fwp%2Fv2%2Fmedia&parent=23892"}],"wp:term":[{"taxonomy":"category","embeddable":true,"href":"https:\/\/www.podivinsky.cz\/index.php?rest_route=%2Fwp%2Fv2%2Fcategories&post=23892"},{"taxonomy":"post_tag","embeddable":true,"href":"https:\/\/www.podivinsky.cz\/index.php?rest_route=%2Fwp%2Fv2%2Ftags&post=23892"}],"curies":[{"name":"wp","href":"https:\/\/api.w.org\/{rel}","templated":true}]}}