{"id":23894,"date":"2026-04-30T20:17:33","date_gmt":"2026-04-30T19:17:33","guid":{"rendered":"https:\/\/www.podivinsky.cz\/?p=23894"},"modified":"2026-04-30T20:17:41","modified_gmt":"2026-04-30T19:17:41","slug":"zradci-a-vlastizradci","status":"publish","type":"post","link":"https:\/\/www.podivinsky.cz\/?p=23894","title":{"rendered":"Zr\u00e1dci a vlastizr\u00e1dci:"},"content":{"rendered":"\n<h1 class=\"wp-block-heading\">Kdo zve sudetsk\u00e9 N\u011bmce? Neziskovka s vazbami na sponzory Petra Pavla<\/h1>\n\n\n\n<p>30.04.2026 15:51 | Zpr\u00e1vy<\/p>\n\n\n\n<p><em>autor:&nbsp;<a href=\"https:\/\/www.parlamentnilisty.cz\/redakce\/redakce\/\"><strong>Ladislav Zem\u00e1nek<\/strong><\/a><\/em><\/p>\n\n\n\n<p><strong>Neziskovka Meeting Brno pozvala do moravsk\u00e9 metropole sudeton\u011bmeck\u00fd landsman\u0161aft, vedle toho ale ka\u017edoro\u010dn\u011b po\u0159\u00e1d\u00e1 vlastn\u00ed festival. Ten d\u00e1v\u00e1 prostor i LGBT aktivist\u016fm a bojovn\u00edk\u016fm s \u201edezinformacemi\u201c. D\u011bje se tak za podpory sponzor\u016f Petra Pavla, Jihomoravsk\u00e9ho kraje i brn\u011bnsk\u00e9ho magistr\u00e1tu. Parlamentn\u00edListy.cz zmapovaly finan\u010dn\u00ed a person\u00e1ln\u00ed vazby spolku. Objevila se ne\u010dekan\u00e1 jm\u00e9na.<\/strong><\/p>\n\n\n\n<figure class=\"wp-block-image\"><img decoding=\"async\" src=\"https:\/\/cms.parlamentnilisty.cz\/image.ashx?w=632&amp;h=307&amp;f=HNS_4713_639091840465525224.JPG&amp;id=200687\" alt=\"Kdo zve sudetsk\u00e9 N\u011bmce? Neziskovka s vazbami na sponzory Petra Pavla\"\/><figcaption class=\"wp-element-caption\"><small>Foto:&nbsp;<strong>Hans \u0160tembera<\/strong><br>Popisek:&nbsp;<strong>Demonstrace proti sjezdu sudetsk\u00e9ho landsman\u0161aftu, kter\u00fd se m\u00e1 konat v Brn\u011b<\/strong><\/small><\/figcaption><\/figure>\n\n\n\n<p><\/p>\n\n\n\n<p>Parlamentn\u00edListy.cz v&nbsp;uplynul\u00fdch t\u00fddnech&nbsp;<a href=\"https:\/\/www.parlamentnilisty.cz\/arena\/monitor\/103-596-Kc-si-nauctoval-urad-v-Brne-za-dotaz-o-neziskovce-789378\">informovaly<\/a>&nbsp;nejen o tom, \u017ee neziskovka na svou \u010dinnost dlouhodob\u011b \u010derp\u00e1 miliony korun z&nbsp;pen\u011bz da\u0148ov\u00fdch poplatn\u00edk\u016f, ale i o neochot\u011b m\u00edstn\u00edch \u00fa\u0159ad\u016f poskytnout ve\u0159ejnosti detaily financov\u00e1n\u00ed. M\u011bsto Brno poskytnut\u00ed informac\u00ed podm\u00ednilo \u00fahradou poplatku p\u0159evy\u0161uj\u00edc\u00edho 100 tis\u00edc korun.<\/p>\n\n\n\n<p>Redakce tak\u00e9&nbsp;<a href=\"https:\/\/www.parlamentnilisty.cz\/arena\/monitor\/Posseltuv-sraz-neplatime-tvrdi-Brno-Ale-plati-ty-kdo-ho-pozvali-789985\">vyp\u00e1trala<\/a>, \u017ee mezi \u00fa\u0159ady ovl\u00e1dan\u00fdmi p\u0159ev\u00e1\u017en\u011b stranami b\u00fdval\u00e9 vl\u00e1dn\u00ed koalice SPOLU, neziskovou Meeting Brno a Sudeton\u011bmeck\u00fdm krajansk\u00fdm sdru\u017een\u00edm existuj\u00ed hlub\u0161\u00ed vztahy, ne\u017e jak\u00e9 jednotliv\u00ed akt\u00e9\u0159i ve\u0159ejn\u011b p\u0159izn\u00e1vaj\u00ed. M\u011bstsk\u00e1 firma tak nap\u0159\u00edklad na sn\u011bmu landsman\u0161aftu vyd\u011bl\u00e1 d\u00edky pron\u00e1jmu prostor.<\/p>\n\n\n\n<p><strong>Ve\u0159ejn\u00e9 pen\u00edze i bohat\u00e9 nadace<\/strong><\/p>\n\n\n\n<p>Meeting Brno nyn\u00ed \u010derp\u00e1 dotaci od magistr\u00e1tu ve v\u00fd\u0161i 9 milion\u016f a od Jihomoravsk\u00e9ho kraje ve v\u00fd\u0161i 6 milion\u016f, a to pr\u00e1v\u011b na po\u0159\u00e1d\u00e1n\u00ed festivalu. Sponzorem je tak\u00e9 m\u011bstsk\u00e1 firma SAKO, kter\u00e1 se zab\u00fdv\u00e1 svozem a likvidac\u00ed odpadu.<\/p>\n\n\n\n<p>Dal\u0161\u00ed ve\u0159ejn\u00e9 pen\u00edze neziskovce proud\u00ed&nbsp;skrze&nbsp;evropsk\u00e9 fondy \u010di \u010cesko-n\u011bmeck\u00fd fond budoucnosti, kter\u00fd je financov\u00e1n p\u0159\u00edmo ze st\u00e1tn\u00edho rozpo\u010dtu \u010cesk\u00e9 republiky a N\u011bmecka. Podle posledn\u00ed v\u00fdro\u010dn\u00ed&nbsp;<a href=\"https:\/\/www.fondbudoucnosti.cz\/wp-content\/uploads\/2025\/08\/1_Vyrocni_zprava_2024_web.pdf\">zpr\u00e1vy<\/a>&nbsp;za rok 2024 fond \u017eadatel\u016fm rozd\u011blil p\u0159es 120 milion\u016f korun.<\/p>\n\n\n\n<p>Nem\u00e9n\u011b d\u016fle\u017eit\u00fdm zdrojem prost\u0159edk\u016f je i Nadace Bl\u00ed\u017e k&nbsp;sob\u011b. Ta figuruje mezi sponzory u \u0159ady politick\u00fdch neziskovek a jejich projekt\u016f. Zakladatelem a p\u0159edsedou spr\u00e1vn\u00ed rady nadace je Martin Voh\u00e1nka. Ten&nbsp;<a href=\"https:\/\/transparentniucty.opendatalab.cz\/ucty\/2010\/000000-2902252345\">poslal<\/a>&nbsp;2,5 milionu korun Petru Pavlovi, kdy\u017e kandidoval na prezidenta.<\/p>\n\n\n\n<p>Za pozornost ov\u0161em stoj\u00ed nejen sponzo\u0159i Meetingu Brno, ale tak\u00e9 jejich partne\u0159i z \u0159ad politik\u016f \u010di neziskovek. Dlouhodob\u011b mezi n\u011b pat\u0159\u00ed pr\u00e1v\u011b Sudeton\u011bmeck\u00e9 krajansk\u00e9 sdru\u017een\u00ed Bernda Posselta. Od n\u011bho loni&nbsp;festival&nbsp;Meeting Brno z\u00edskal Cenu za lidsk\u00e1 pr\u00e1va.<\/p>\n\n\n\n<h4 class=\"wp-block-heading\">Rusk\u00fd opozi\u010dn\u00edk i Pekarov\u00e1 Adamov\u00e1<\/h4>\n\n\n\n<p><a href=\"https:\/\/drive.google.com\/drive\/folders\/1B4kwuG7U2FUTcC-DdL1eV4DAd8JzR6hg\">Akce<\/a>&nbsp;v bavorsk\u00e9m \u0158ezn\u011b se \u00fa\u010dastnil n\u011bmeck\u00fd ministr vnitra Alexander Dobrindt (CSU), kter\u00fd zav\u00edt\u00e1 i na kv\u011btnov\u00fd sjezd landsman\u0161aftu v Brn\u011b. P\u0159\u00edtomen byl tak\u00e9 tehdej\u0161\u00ed ministr \u0161kolstv\u00ed Mikul\u00e1\u0161 Bek (STAN).<\/p>\n\n\n\n<p>Vazba mezi man\u017eely Bekov\u00fdmi a brn\u011bnskou neziskovkou jsou ale daleko u\u017e\u0161\u00ed. Mark\u00e9ta Bekov\u00e1 je toti\u017e v neziskovce zam\u011bstnan\u00e1 a aktivn\u011b se pod\u00edl\u00ed na programu leto\u0161n\u00edho festivalu. Bude moderovat&nbsp;<a href=\"https:\/\/www.meetingbrno.cz\/event\/kde-mame-domov-kdyz-se-svet-rozpada\/\">besedu<\/a>&nbsp;s rusk\u00fdm aktivistou Borisem&nbsp;B\u011blenkinem&nbsp;z lidskopr\u00e1vn\u00ed organizace Memorial.<\/p>\n\n\n\n<h2 class=\"wp-block-heading\">Fotogalerie: &#8211; Proti Sude\u0165\u00e1k\u016fm v Brn\u011b<\/h2>\n\n\n\n<figure class=\"wp-block-image\"><a href=\"https:\/\/www.parlamentnilisty.cz\/galerie\/foto\/Proti-Sudetakum-v-Brne-14088#1\"><img decoding=\"async\" src=\"https:\/\/cms.parlamentnilisty.cz\/image.ashx?w=164&amp;h=120&amp;f=HNS_4601_639091836685577514.JPG&amp;id=200678\" alt=\"Demonstrace proti sjezdu sudetsk\u00e9ho landsman\u0161aftu,...\"\/><\/a><\/figure>\n\n\n\n<figure class=\"wp-block-image\"><a href=\"https:\/\/www.parlamentnilisty.cz\/galerie\/foto\/Proti-Sudetakum-v-Brne-14088#2\"><img decoding=\"async\" src=\"https:\/\/cms.parlamentnilisty.cz\/image.ashx?w=164&amp;h=120&amp;f=HNS_4603_639091837424938470.JPG&amp;id=200679\" alt=\"Demonstrace proti sjezdu sudetsk\u00e9ho landsman\u0161aftu,...\"\/><\/a><\/figure>\n\n\n\n<figure class=\"wp-block-image\"><a href=\"https:\/\/www.parlamentnilisty.cz\/galerie\/foto\/Proti-Sudetakum-v-Brne-14088#3\"><img decoding=\"async\" src=\"https:\/\/cms.parlamentnilisty.cz\/image.ashx?w=164&amp;h=120&amp;f=HNS_4606_639091837626925780.JPG&amp;id=200680\" alt=\"Demonstrace proti sjezdu sudetsk\u00e9ho landsman\u0161aftu,...\"\/><\/a><\/figure>\n\n\n\n<figure class=\"wp-block-image\"><a href=\"https:\/\/www.parlamentnilisty.cz\/galerie\/foto\/Proti-Sudetakum-v-Brne-14088#4\"><img decoding=\"async\" src=\"https:\/\/cms.parlamentnilisty.cz\/image.ashx?w=164&amp;h=120&amp;f=HNS_4614_639091837996304907.JPG&amp;id=200681\" alt=\"Demonstrace proti sjezdu sudetsk\u00e9ho landsman\u0161aftu,...\"\/><\/a><\/figure>\n\n\n\n<figure class=\"wp-block-image\"><a href=\"https:\/\/www.parlamentnilisty.cz\/galerie\/foto\/Proti-Sudetakum-v-Brne-14088#5\"><img decoding=\"async\" src=\"https:\/\/cms.parlamentnilisty.cz\/image.ashx?w=164&amp;h=120&amp;f=HNS_4630_639091838298064537.JPG&amp;id=200682\" alt=\"Demonstrace proti sjezdu sudetsk\u00e9ho landsman\u0161aftu,...\"\/><\/a><\/figure>\n\n\n\n<figure class=\"wp-block-image\"><a href=\"https:\/\/www.parlamentnilisty.cz\/galerie\/foto\/Proti-Sudetakum-v-Brne-14088#6\"><img decoding=\"async\" src=\"https:\/\/cms.parlamentnilisty.cz\/image.ashx?w=164&amp;h=120&amp;f=HNS_4644_639091838694523800.JPG&amp;id=200683\" alt=\"Demonstrace proti sjezdu sudetsk\u00e9ho landsman\u0161aftu,...\"\/><\/a><\/figure>\n\n\n\n<p>B\u011blenkin po \u00fanoru 2022 utekl do Prahy a ochranu nalezl u tehdej\u0161\u00ed&nbsp;\u0161\u00e9fky&nbsp;Sn\u011bmovny Mark\u00e9ty Pekarov\u00e9 Adamov\u00e9 (TOP 09). Ta organizaci poskytla i st\u00e1tn\u00ed vilu v pra\u017esk\u00e9m B\u0159evnov\u011b. Pekarov\u00e1 Adamov\u00e1 ostatn\u011b na brn\u011bnsk\u00e9 besed\u011b s B\u011blenkinem vystoup\u00ed.<\/p>\n\n\n\n<p>Mark\u00e9ta Bekov\u00e1 p\u016fsobila jako mana\u017eerka N\u00e1rodn\u00edho pedagogick\u00e9ho institutu, kter\u00fd spad\u00e1 pod Ministerstvo \u0161kolstv\u00ed, v dob\u011b, kdy resort vedl jej\u00ed man\u017eel. P\u0159ed dv\u011bma lety tak\u00e9 absolvovala \u0161kolic\u00ed&nbsp;<a href=\"https:\/\/www.aspeninstitutece.org\/people-profile\/marketa-bekova\/\">program<\/a>&nbsp;Aspen Institutu.<\/p>\n\n\n\n<h4 class=\"wp-block-heading\">LGBT aktivist\u00e9 na sc\u00e9n\u011b<\/h4>\n\n\n\n<p>Na leto\u0161n\u00ed ro\u010dn\u00edk ale krom\u011b rusk\u00e9ho opozi\u010dn\u00edka a b\u00fdval\u00e9 \u0161\u00e9fky TOP 09 zav\u00edtaj\u00ed i dal\u0161\u00ed host\u00e9. Zmocn\u011bnkyn\u011b pro lidsk\u00e1 pr\u00e1va za Fialovy vl\u00e1dy a tak\u00e9 b\u00fdval\u00e1 n\u00e1rodn\u00ed koordin\u00e1torka pro adaptaci a integraci uprchl\u00edk\u016f z&nbsp;Ukrajiny a \u010dlenka Strany zelen\u00fdch Kl\u00e1ra \u0160im\u00e1\u010dkov\u00e1 Lauren\u010d\u00edkov\u00e1, kter\u00e1 je moment\u00e1ln\u011b jedn\u00edm z kandid\u00e1t\u016f na ombudsmana, na akci promluv\u00ed o romsk\u00e9 segregaci. Debatu bude moderovat Bob Kartous, mluv\u010d\u00ed aktivistick\u00e9 skupiny \u010ce\u0161t\u00ed elfov\u00e9, kte\u0159\u00ed bojuj\u00ed proti \u201edezinformac\u00edm\u201c.<\/p>\n\n\n\n<p>Ani letos nebude chyb\u011bt Martina Viktorie Kopeck\u00e1, husitsk\u00e1 far\u00e1\u0159ka a LGBT aktivistka. Loni vystoupila na&nbsp;<a href=\"https:\/\/docs.google.com\/document\/d\/1jhxM_KzGMFMazIHHoUl2hRQ5PlgxC4Bm\/edit\">debat\u011b<\/a>&nbsp;spolu s&nbsp;trans re\u017eis\u00e9rkou Danielou \u0160pinar a novin\u00e1\u0159em Den\u00edku N Filipem Titlbachem, kter\u00fd se otev\u0159en\u011b hl\u00e1s\u00ed k&nbsp;homosexu\u00e1ln\u00ed orientaci a propaguje z\u00e1jmy sexu\u00e1ln\u00edch men\u0161in. Tentokr\u00e1t na festivalu povede vlastn\u00ed terapeutickou p\u0159edn\u00e1\u0161ku.<\/p>\n\n\n\n<p>S&nbsp;ohledem na zna\u010dnou pozornost, kontroverze, kter\u00e9 nadch\u00e1zej\u00edc\u00ed festival u\u017e stihl vyvolat, i fakt, \u017ee neziskovka pob\u00edr\u00e1 milionov\u00e9 dotace z&nbsp;ve\u0159ejn\u00fdch pen\u011bz, redakce kontaktovala Mark\u00e9tu Bekovou a v\u0161echny zakladatele spolku. Zaj\u00edmaly n\u00e1s detaily jeho financov\u00e1n\u00ed a aktivit a tak\u00e9 to, zda orientaci na jeden n\u00e1zorov\u00fd a politick\u00fd proud nepova\u017euj\u00ed za projev nevyv\u00e1\u017eenosti. Na \u017e\u00e1dnou z&nbsp;ot\u00e1zek jsme odpov\u011b\u010f nedostali.&nbsp;<\/p>\n\n\n\n<p><\/p>\n\n\n\n<p>Sd\u00edln\u00ed nebyli ani osloven\u00ed politici b\u00fdval\u00e9 koalice zvolen\u00ed za Jihomoravsk\u00fd kraj. Ani expremi\u00e9r Petr Fiala (ODS), ani exministr Petr Hlad\u00edk (KDU-\u010cSL) brn\u011bnskou neziskovku komentovat necht\u011bli.<\/p>\n\n\n\n<h4 class=\"wp-block-heading\">Poslankyn\u011b hovo\u0159\u00ed o vlastizrad\u011b<\/h4>\n\n\n\n<p>To naopak neplat\u00ed o moravsk\u00e9 poslankyni a p\u0159edsedkyni Trikolory Zuzan\u011b Majerov\u00e9. Ta ozna\u010dila \u010dinnost spolku za \u201evlastizr\u00e1dnou\u201c. \u201eMeeting Brno je tak\u0159ka klasick\u00e1 uk\u00e1zka spolku, ve kter\u00e9m se pod r\u00e1doby u\u0161lechtilou slupkou skr\u00fdv\u00e1 hnilobn\u00fd obsah,\u201c \u0159ekla Parlamentn\u00edmList\u016fm.cz.<\/p>\n\n\n\n<p>A vyj\u00e1d\u0159ila se i ke spojen\u00ed neziskovky s Posseltov\u00fdm landsman\u0161aftem. \u201eV tomto p\u0159\u00edpad\u011b to m\u00e1 podobu u\u0161lechtil\u00fdch proklamac\u00ed o sm\u00ed\u0159en\u00ed, ale ve skute\u010dnosti jde o zlo\u010dinn\u00e9 obracen\u00ed b\u011bhu d\u011bjin, jako by prvopo\u010d\u00e1tkem v\u0161eho byl odsun sudetsk\u00fdch N\u011bmc\u016f, a nikoli jejich nekone\u010dn\u00e1 spoluvina na rozbit\u00ed prvn\u00ed republiky, \u010di jako by samotn\u00fd odsun nebyl reakc\u00ed na hr\u016fzy a v\u00fdsledek druh\u00e9 sv\u011btov\u00e9 v\u00e1lky,\u201c argumentuje Majerov\u00e1.<\/p>\n\n\n\n<p>Proto m\u00e1 o c\u00edlech Meetingu Brno jasno. \u201eV kontextu toho, \u017ee landsman\u0161aft se nikdy jednozna\u010dn\u011b nez\u0159ekl majetkov\u00fdch n\u00e1rok\u016f, nato\u017e aby akceptoval nem\u011bnnost Bene\u0161ov\u00fdch dekret\u016f, ba dokonce, jestli\u017ee sou\u010d\u00e1st\u00ed festivalu, jej\u017e Meeting Brno organizuje, je sjezd Sudeton\u011bmeck\u00e9ho krajansk\u00e9ho sdru\u017een\u00ed, jsou aktivity tohoto spolku doslova vlastizr\u00e1dn\u00e9,\u201c sd\u011blila Parlamentn\u00edmList\u016fm.cz.<\/p>\n\n\n\n<h2 class=\"wp-block-heading\"><\/h2>\n","protected":false},"excerpt":{"rendered":"<p>Kdo zve sudetsk\u00e9 N\u011bmce? Neziskovka s vazbami na sponzory Petra Pavla 30.04.2026 15:51 | Zpr\u00e1vy autor:&nbsp;Ladislav Zem\u00e1nek Neziskovka Meeting Brno pozvala do moravsk\u00e9 metropole sudeton\u011bmeck\u00fd landsman\u0161aft, vedle toho ale ka\u017edoro\u010dn\u011b po\u0159\u00e1d\u00e1 vlastn\u00ed festival. Ten d\u00e1v\u00e1 prostor i LGBT aktivist\u016fm a bojovn\u00edk\u016fm s \u201edezinformacemi\u201c. D\u011bje se tak za podpory sponzor\u016f Petra Pavla, Jihomoravsk\u00e9ho kraje i brn\u011bnsk\u00e9ho &hellip; <a href=\"https:\/\/www.podivinsky.cz\/?p=23894\" class=\"more-link\">Pokra\u010dov\u00e1n\u00ed textu <span class=\"screen-reader-text\">Zr\u00e1dci a vlastizr\u00e1dci:<\/span> <span class=\"meta-nav\">&rarr;<\/span><\/a><\/p>\n","protected":false},"author":1,"featured_media":0,"comment_status":"closed","ping_status":"closed","sticky":false,"template":"","format":"standard","meta":{"footnotes":""},"categories":[9],"tags":[],"class_list":["post-23894","post","type-post","status-publish","format-standard","hentry","category-pc"],"_links":{"self":[{"href":"https:\/\/www.podivinsky.cz\/index.php?rest_route=\/wp\/v2\/posts\/23894","targetHints":{"allow":["GET"]}}],"collection":[{"href":"https:\/\/www.podivinsky.cz\/index.php?rest_route=\/wp\/v2\/posts"}],"about":[{"href":"https:\/\/www.podivinsky.cz\/index.php?rest_route=\/wp\/v2\/types\/post"}],"author":[{"embeddable":true,"href":"https:\/\/www.podivinsky.cz\/index.php?rest_route=\/wp\/v2\/users\/1"}],"replies":[{"embeddable":true,"href":"https:\/\/www.podivinsky.cz\/index.php?rest_route=%2Fwp%2Fv2%2Fcomments&post=23894"}],"version-history":[{"count":1,"href":"https:\/\/www.podivinsky.cz\/index.php?rest_route=\/wp\/v2\/posts\/23894\/revisions"}],"predecessor-version":[{"id":23895,"href":"https:\/\/www.podivinsky.cz\/index.php?rest_route=\/wp\/v2\/posts\/23894\/revisions\/23895"}],"wp:attachment":[{"href":"https:\/\/www.podivinsky.cz\/index.php?rest_route=%2Fwp%2Fv2%2Fmedia&parent=23894"}],"wp:term":[{"taxonomy":"category","embeddable":true,"href":"https:\/\/www.podivinsky.cz\/index.php?rest_route=%2Fwp%2Fv2%2Fcategories&post=23894"},{"taxonomy":"post_tag","embeddable":true,"href":"https:\/\/www.podivinsky.cz\/index.php?rest_route=%2Fwp%2Fv2%2Ftags&post=23894"}],"curies":[{"name":"wp","href":"https:\/\/api.w.org\/{rel}","templated":true}]}}