{"id":23900,"date":"2026-05-01T07:07:44","date_gmt":"2026-05-01T06:07:44","guid":{"rendered":"https:\/\/www.podivinsky.cz\/?p=23900"},"modified":"2026-05-01T07:07:50","modified_gmt":"2026-05-01T06:07:50","slug":"prekvapive-tito-lide-zustali-pod-babisem-na-uradu-vlady-typicky-slizky-babis-kde-je-slibene-koste","status":"publish","type":"post","link":"https:\/\/www.podivinsky.cz\/?p=23900","title":{"rendered":"P\u0159ekvapiv\u00e9. Tito lid\u00e9 z\u016fstali pod Babi\u0161em na \u00da\u0159adu vl\u00e1dy. Typick\u00fd slizk\u00fd Babi\u0161&#8230; kde je sl\u00edben\u00e9 ko\u0161t\u011b?"},"content":{"rendered":"\n<p>01.05.2026 4:44 | Anal\u00fdza<\/p>\n\n\n\n<p><em>autor:&nbsp;<a href=\"https:\/\/www.parlamentnilisty.cz\/redakce\/redakce\/\"><strong>Ladislav Zem\u00e1nek<\/strong><\/a><\/em><\/p>\n\n\n\n<p><strong>Na \u00da\u0159adu vl\u00e1dy zased\u00e1 Rada pro lidsk\u00e1 pr\u00e1va, kter\u00e1 sp\u00ed\u0161e ne\u017e poradn\u00ed org\u00e1n vl\u00e1dy p\u0159ipom\u00edn\u00e1 uzav\u0159en\u00fd klub aktivist\u016f, neziskovek a \u010dlen\u016f opozi\u010dn\u00edch stran od Pir\u00e1t\u016f po Zelen\u00e9. M\u00edsto vyv\u00e1\u017een\u00e9 debaty o re\u00e1ln\u00fdch probl\u00e9mech agend\u011b dominuje gender, sexu\u00e1ln\u00ed men\u0161iny, romsk\u00e1 inkluze a \u201estereotypy\u201c. Miliony z ve\u0159ejn\u00fdch pen\u011bz proud\u00ed na chod apar\u00e1tu, kter\u00fd p\u016fsob\u00ed jako n\u00e1stroj prosazov\u00e1n\u00ed \u00fazk\u00e9ho n\u00e1zorov\u00e9ho proudu. Parlamentn\u00edListy.cz se na \u010dinnost Rady pod\u00edvaly zbl\u00edzka.<\/strong><\/p>\n\n\n\n<figure class=\"wp-block-image\"><img decoding=\"async\" src=\"https:\/\/cms.parlamentnilisty.cz\/image.ashx?w=632&amp;h=307&amp;f=strakovka-634726103673478970.jpg&amp;id=4922\" alt=\"P\u0159ekvapiv\u00e9. Tito lid\u00e9 z\u016fstali pod Babi\u0161em na \u00da\u0159adu vl\u00e1dy\"\/><figcaption class=\"wp-element-caption\"><small>Foto:&nbsp;<strong>Hans \u0160tembera<\/strong><br>Popisek:&nbsp;<strong>Budova Strakovy akademie<\/strong><\/small><\/figcaption><\/figure>\n\n\n\n<p><\/p>\n\n\n\n<p>Rada vl\u00e1dy pro lidsk\u00e1 pr\u00e1va m\u00e1 v&nbsp;sou\u010dasnosti 33 \u010dlen\u016f a 9 v\u00fdbor\u016f. Zasedaj\u00ed v&nbsp;nich nejen p\u0159edstavitel\u00e9 st\u00e1tn\u00ed spr\u00e1vy, ale tak\u00e9 z\u00e1stupci cel\u00e9 \u0159ady prominentn\u00edch neziskov\u00fdch organizac\u00ed.<\/p>\n\n\n\n<p>M\u00edstop\u0159edsedkyn\u00ed je Adriana Dergam, kter\u00e1 za Fialovy vl\u00e1dy kr\u00e1tce vedla Odbor strategick\u00e9 komunikace (STRATKOM), koordinovan\u00fd Otakarem Folt\u00fdnem. Skon\u010dila po p\u00e1r m\u011bs\u00edc\u00edch kv\u016fli \u201enevyhovuj\u00edc\u00edm mana\u017eersk\u00fdm schopnostem\u201c. P\u0159edt\u00edm p\u016fsobila jako mana\u017eerka v&nbsp;projektech CEDMO zam\u011b\u0159en\u00fdch na boj s \u201edezinformacemi\u201c a placen\u00fdch z&nbsp;Bruselu. Hlavn\u00edm koordin\u00e1torem projektu byl V\u00e1clav Moravec.<\/p>\n\n\n\n<p><strong>Prezident\u0161t\u00ed sponzo\u0159i v pozad\u00ed<\/strong><\/p>\n\n\n\n<p>\u010clenkou Rady je d\u00e1le Barbora St\u00e1rek, v\u00fdkonn\u00e1 \u0159editelka spolku&nbsp;<strong><a href=\"https:\/\/dikyzemuzem.cz\/\">D\u00edky, \u017ee m\u016f\u017eem<\/a><\/strong>, kter\u00fd se prost\u0159ednictv\u00edm Korza N\u00e1rodn\u00ed sna\u017e\u00ed monopolizovat odkaz a oslavy 17. listopadu, b\u011bhem nich\u017e doch\u00e1z\u00ed k&nbsp;\u00fatok\u016fm na politiky sou\u010dasn\u00e9 vl\u00e1dn\u00ed koalice. Na \u0161kol\u00e1ch zase vystupuje s&nbsp;programem o demokracii, lidsk\u00fdch pr\u00e1vech a aktivn\u00edm ob\u010danstv\u00ed, kter\u00fd se velice podob\u00e1 programu Jeden sv\u011bt na \u0161kol\u00e1ch \u010clov\u011bka v&nbsp;t\u00edsni.<\/p>\n\n\n\n<p><\/p>\n\n\n\n<p>Tato neziskovka je financov\u00e1na p\u0159edn\u00edmi sponzory prezidenta Petra Pavla, jako jsou Jan Barta, Libor Winkler, Martin H\u00e1jek (Nadace Livesport), Martin Voh\u00e1nka (Nadace Bl\u00ed\u017e k&nbsp;sob\u011b), Ond\u0159ej Fryc a Pavel \u0160ebor. St\u00e1rek je spojena i s&nbsp;Aspen Institute.<\/p>\n\n\n\n<p>V&nbsp;Rad\u011b d\u00e1le p\u016fsob\u00ed Monika \u0160im\u016fnkov\u00e1, b\u00fdval\u00e1 z\u00e1stupkyn\u011b ombudsmana Stanislava K\u0159e\u010dka, kter\u00e1 se se sv\u00fdm nad\u0159\u00edzen\u00fdm dostala do ve\u0159ejn\u00e9ho konfliktu kv\u016fli odli\u0161n\u00fdm n\u00e1zor\u016fm na lidsk\u00e1 pr\u00e1va. Na stranu \u0160im\u016fnkov\u00e9 se postavil Milion chvilek pro demokracii, kter\u00fd K\u0159e\u010dka kritizoval za \u00fadajnou xenofobii a zleh\u010dov\u00e1n\u00ed diskriminace.<\/p>\n\n\n\n<h2 class=\"wp-block-heading\">Psali jsme:<\/h2>\n\n\n\n<ul class=\"wp-block-list\">\n<li><a href=\"https:\/\/www.parlamentnilisty.cz\/arena\/monitor\/Clovek-v-tisni-OSF-a-dalsi-Jsou-stale-v-nejvyssich-patrech-politiky-Takto-790350\">\u010clov\u011bk v t\u00edsni, OSF a dal\u0161\u00ed. Jsou st\u00e1le v nejvy\u0161\u0161\u00edch patrech politiky. Takto<\/a><\/li>\n<\/ul>\n\n\n\n<p><strong>V\u00edce cizinc\u016f do \u010cR<\/strong><\/p>\n\n\n\n<p>Rada pro lidsk\u00e1 pr\u00e1va si stejn\u011b jako Rada pro nest\u00e1tn\u00ed neziskov\u00e9 organizace vytvo\u0159ila specializovan\u00e9 org\u00e1ny. Nalezneme mezi nimi&nbsp;<strong><a href=\"https:\/\/vlada.gov.cz\/cz\/ppov\/rlp\/vybory\/pro-prava-cizincu\/uvod-55935\/\">V\u00fdbor pro pr\u00e1va cizinc\u016f<\/a><\/strong>&nbsp;\u010di&nbsp;<strong><a href=\"https:\/\/vlada.gov.cz\/cz\/ppov\/rlp\/vybory\/sexualni-mensiny\/vybor-pro-sexualni-mensiny-24225\/\">V\u00fdbor pro pr\u00e1va LGBTI+ lid\u00ed<\/a><\/strong>.<\/p>\n\n\n\n<p>Prvn\u011b jmenovan\u00fd v\u00fdbor&nbsp;<strong><a href=\"https:\/\/vlada.gov.cz\/cz\/ppov\/rlp\/vybory\/pro-prava-cizincu\/ze-zasedani-vyboru\/zasedani-vyboru-12--kvetna-2025-219808\/\">vyzval<\/a><\/strong>&nbsp;loni v&nbsp;kv\u011btnu k&nbsp;urychlen\u00ed p\u0159es\u00eddlovac\u00edho programu a humanit\u00e1rn\u00edho p\u0159ij\u00edm\u00e1n\u00ed cizinc\u016f do \u010cesk\u00e9 republiky. P\u0159edsed\u00e1 mu Magda Faltov\u00e1, jinak \u0159editelka Sdru\u017een\u00ed pro integraci a migraci, jeho\u017e&nbsp;<strong><a href=\"https:\/\/migrace.com\/o-nas\/partneri\/\">sponzory<\/a><\/strong>&nbsp;je \u010clov\u011bk v&nbsp;t\u00edsni, Nadace OSF, Open Society Foundations George Sorose, kanadsk\u00e1 vl\u00e1da i EU.<\/p>\n\n\n\n<p>Dal\u0161\u00ed \u010dlenka, v\u00fdkonn\u00e1 \u0159editelka neziskovky META Zuzana Pap\u00e1\u010dkov\u00e1, kter\u00e1 pob\u00edr\u00e1 des\u00edtky milion\u016f na st\u00e1tn\u00edch dotac\u00edch, loni z\u00edskala&nbsp;<strong><a href=\"https:\/\/www.facebook.com\/metavzdelavani\/posts\/-na%C5%A1e-v%C3%BDkonn%C3%A1-%C5%99editelka-zuzana-pap%C3%A1%C4%8Dkov%C3%A1-v%C4%8Dera-z%C3%ADskala-cenu-zmocn%C4%9Bnkyn%C4%9B-vl%C3%A1dy-pr\/1217772003724340\/\">cenu<\/a><\/strong>&nbsp;za podporu inkluze ve \u0161kolstv\u00ed z&nbsp;rukou tehdej\u0161\u00ed vl\u00e1dn\u00ed zmocn\u011bnkyn\u011b pro lidsk\u00e1 pr\u00e1va Kl\u00e1ry \u0160im\u00e1\u010dkov\u00e9 Lauren\u010d\u00edkov\u00e9, kter\u00e1 se na \u010dinnosti Rady pro lidsk\u00e1 pr\u00e1va aktivn\u011b pod\u00edlela.<\/p>\n\n\n\n<p>Mezi \u010dleny nechyb\u00ed ani advok\u00e1t Pavel \u010ci\u017einsk\u00fd. Ten moment\u00e1ln\u011b zastupuje propalestinsk\u00e9 aktivisty, kte\u0159\u00ed provedli \u017eh\u00e1\u0159sk\u00fd \u00fatok na sklad v&nbsp;Pardubic\u00edch. V&nbsp;lo\u0148sk\u00fdch parlamentn\u00edch volb\u00e1ch byl l\u00eddrem pra\u017esk\u00e9 kandid\u00e1tky Levice, kter\u00e1 v&nbsp;hlavn\u00edm m\u011bst\u011b vybojovala 764 hlas\u016f.<\/p>\n\n\n\n<p><strong>Sexualita, gender a \u201emen\u0161inov\u00fd stres\u201c<\/strong><\/p>\n\n\n\n<p>V\u00fdbor pro pr\u00e1va LGBTI+ lid\u00ed nab\u00edz\u00ed je\u0161t\u011b zaj\u00edmav\u011bj\u0161\u00ed sestavu. V&nbsp;\u010dele stoj\u00ed n\u011bkdej\u0161\u00ed kandid\u00e1tka za Zelen\u00e9 Lucia Zachari\u00e1\u0161ov\u00e1 z&nbsp;organizace Jsme f\u00e9r, kter\u00e1 u\u017e n\u011bkolik let prosazuje jednopohlavn\u00ed s\u0148atky. Dopl\u0148uje ji Tom\u00e1\u0161 Ign\u00e1c F\u00e9nix ze sdru\u017een\u00ed homosexu\u00e1ln\u00edch k\u0159es\u0165an\u016f Logos a \u010dlen TOP 09.<\/p>\n\n\n\n<p>N\u00e1sleduje Viktor Heumann, \u0161\u00e9f neziskovky&nbsp;<strong><a href=\"https:\/\/jsmetransparent.cz\/kdo-jsme\/\">Trans*parent<\/a><\/strong>, jej\u00edm\u017e c\u00edlem je \u201eprosazov\u00e1n\u00ed pr\u00e1v a pozitivn\u00edch spole\u010densk\u00fdch zm\u011bn ve prosp\u011bch transgender, nebin\u00e1rn\u00edch a intersex osob\u201c. Heumannova neziskovka \u00fazce spolupracuje s&nbsp;Prague Pride. Tento subjekt ve v\u00fdboru zastupuje Kate\u0159ina Saparov\u00e1.<\/p>\n\n\n\n<p>Sv\u00e9ho z\u00e1stupce maj\u00ed i Pir\u00e1ti, a to d\u00edky Lence Kr\u00e1lov\u00e9, kter\u00e1 byla p\u016fvodn\u011b mu\u017eem. Na ve\u0159ejnosti p\u0159izn\u00e1v\u00e1, \u017ee se d\u011bs\u00ed \u201erepresivn\u00edho re\u017eimu\u201c Roberta Fica a Viktora Orb\u00e1na a p\u0159i kandidatu\u0159e do sen\u00e1tu&nbsp;<strong><a href=\"https:\/\/www.idnes.cz\/onadnes\/vztahy\/trans-zena-gender-tranzice-lenka-kralova.A230825_142858_ona-vztahy_job\">uvedla<\/a><\/strong>, \u017ee se chce zam\u011b\u0159it na \u0159e\u0161en\u00ed z\u00e1va\u017en\u00e9ho spole\u010densk\u00e9ho probl\u00e9mu jm\u00e9nem \u201emisgendering\u201c a \u201edeadnaming\u201c.<\/p>\n\n\n\n<p>V&nbsp;neposledn\u00ed \u0159ad\u011b v&nbsp;org\u00e1nu p\u016fsob\u00ed Michal Pito\u0148\u00e1k, kter\u00fd se v&nbsp;think tanku&nbsp;<strong><a href=\"https:\/\/queergeography.cz\/organizace\/\">Queer Geography<\/a><\/strong>&nbsp;a&nbsp;N\u00e1rodn\u00edm \u00fastavu du\u0161evn\u00edho zdrav\u00ed zab\u00fdv\u00e1 v\u00fdzkumem \u201emen\u0161inov\u00e9ho stresu\u201c u LGBTQ+ lid\u00ed. Zaj\u00edm\u00e1 ho tak\u00e9 sexualita a gender.<\/p>\n\n\n\n<p><strong>V\u00edce regulace, v\u00edce represe<\/strong><\/p>\n\n\n\n<p>Rada vl\u00e1dy pro lidsk\u00e1 pr\u00e1va ka\u017edoro\u010dn\u011b zpracov\u00e1v\u00e1 Zpr\u00e1vu o stavu lidsk\u00fdch pr\u00e1v v&nbsp;\u010cesk\u00e9 republice. Posledn\u00ed zve\u0159ejn\u011bn\u00fd&nbsp;<strong><a href=\"https:\/\/vlada.gov.cz\/cz\/ppov\/rlp\/dokumenty\/zpravy-lidska-prava-cr\/zprava-o-stavu-lidskych-prav-v-ceske-republice-v-roce-2024-222304\/\">materi\u00e1l<\/a><\/strong>&nbsp;z&nbsp;roku 2024 v\u011bnuje zna\u010dnou pozornost romsk\u00e9 inkluzi a sexu\u00e1ln\u00edm men\u0161in\u00e1m. Auto\u0159i se podivuj\u00ed nad n\u00edzk\u00fdm po\u010dtem vy\u0161et\u0159ovan\u00fdch p\u0159\u00edpad\u016f \u201ep\u0159edsude\u010dn\u00e9ho n\u00e1sil\u00ed\u201c a vysv\u011btluj\u00ed si ho neschopnost\u00ed policie tuto problematiku \u0159e\u0161it a tak\u00e9 neochotou incidenty hl\u00e1sit. Zpr\u00e1va vl\u00e1d\u011b doporu\u010duje ukon\u010dit \u201esegregaci Rom\u016f\u201c a prosadit z\u00e1kon o \u00fa\u0159edn\u00ed zm\u011bn\u011b pohlav\u00ed trans lid\u00ed.<\/p>\n\n\n\n<p>Na webu rady se do\u010dteme i to, \u017ee v&nbsp;\u010dervnu lo\u0148sk\u00e9ho roku byl vl\u00e1d\u011b p\u0159edlo\u017een&nbsp;<strong><a href=\"https:\/\/vlada.gov.cz\/cz\/ppov\/rlp\/dokumenty\/jine_dokumenty\/strategicka-doporuceni-k-celistvemu-reseni-problemu-predsudecneho-nasili-a-nenavistnych-projevu-220306\/\">dokument<\/a><\/strong>&nbsp;s&nbsp;n\u00e1zvem \u201eStrategick\u00e1 doporu\u010den\u00ed k celistv\u00e9mu \u0159e\u0161en\u00ed probl\u00e9mu p\u0159edsude\u010dn\u00e9ho n\u00e1sil\u00ed a nen\u00e1vistn\u00fdch projev\u016f\u201c, kter\u00fd za\u0161t\u00edtila Kl\u00e1ra \u0160im\u00e1\u010dkov\u00e1 Lauren\u010d\u00edkov\u00e1. Materi\u00e1l argumentuje, \u017ee p\u0159edsudky jsou st\u00e1le celospole\u010densk\u00fdm probl\u00e9mem, a vol\u00e1 po st\u00edh\u00e1n\u00ed \u201ehate speech\u201c a v\u011bt\u0161\u00ed regulaci internetu, nap\u0159\u00edklad prost\u0159ednictv\u00edm Aktu o digit\u00e1ln\u00edch slu\u017eb\u00e1ch (DSA). Ten b\u00fdv\u00e1 kritiky ozna\u010dov\u00e1n za cenzurn\u00ed.<\/p>\n\n\n\n<p>Auto\u0159i nav\u00edc formuluj\u00ed \u00fakoly pro jednotliv\u00e9 st\u00e1tn\u00ed \u00fa\u0159ady, m\u00e9dia i \u0161koly. St\u00e1t by podle nich m\u011bl podpo\u0159it n\u011bco, \u010demu \u0159\u00edkaj\u00ed \u201ecounterspeech\u201c, tedy narativy zalo\u017een\u00e9 na lidsk\u00fdch pr\u00e1vech a koordinovan\u011b \u0161\u00ed\u0159en\u00e9 novin\u00e1\u0159i a influencery. M\u00e9dia, a zejm\u00e9na ta ve\u0159ejnopr\u00e1vn\u00ed, by pr\u00fd m\u011bla propagovat diverzitu.<\/p>\n\n\n\n<p>A to zdaleka nen\u00ed v\u0161e. \u201eSt\u00e1t by m\u011bl podporovat nevl\u00e1dn\u00ed organizace v\u010detn\u011b univerzit nebo oborov\u00fdch asociac\u00ed, a organizovat \u0161kolen\u00ed pro novin\u00e1\u0159e a novin\u00e1\u0159ky zam\u011b\u0159en\u00e9 na tvorbu inkluzivn\u00edho obsahu a vyu\u017e\u00edv\u00e1n\u00ed nestereotypizuj\u00edc\u00edho a nezra\u0148uj\u00edc\u00edho jazyka, a d\u00e1le \u0161kolen\u00ed zam\u011b\u0159en\u00e1 na problematiku nen\u00e1vistn\u00fdch projev\u016f,\u201c p\u00ed\u0161e se v&nbsp;textu.<\/p>\n\n\n\n<p>Samoz\u0159ejmost\u00ed by m\u011bla b\u00fdt pravideln\u00e1 revize u\u010debnic a v\u00fdukov\u00fdch materi\u00e1l\u016f v\u010detn\u011b odstran\u011bn\u00ed \u201ezastaral\u00fdch stereotyp\u016f\u201c. Lidskopr\u00e1vn\u00ed principy by jednotliv\u00e9 \u0161koly m\u011bly zav\u00e9st p\u0159\u00edmo do \u0161koln\u00edch \u0159\u00e1d\u016f.<\/p>\n\n\n\n<p><strong>Miliony jdou na platy<\/strong><\/p>\n\n\n\n<p>Stejn\u011b jako v&nbsp;p\u0159\u00edpad\u011b Rady vl\u00e1dy pro nest\u00e1tn\u00ed neziskov\u00e9 organizace stoj\u00ed lidskopr\u00e1vn\u00ed agenda na \u00da\u0159adu vl\u00e1dy miliony korun ro\u010dn\u011b. Z&nbsp;posledn\u00edch v\u00fdro\u010dn\u00edch zpr\u00e1v za rok 2022 a 2023 vypl\u00fdv\u00e1, \u017ee se celkov\u00e9 n\u00e1klady vy\u0161plhaly na 5 956 982 korun. Z&nbsp;toho \u0161lo necel\u00fdch 4,9 milionu na mzdy a platy. V\u00fdro\u010dn\u00ed zpr\u00e1vy za rok 2024 a 2025 dosud nebyly zve\u0159ejn\u011bny.<\/p>\n\n\n\n<p>Podle odpov\u011bd\u00ed zaslan\u00fdch redakci tiskovou mluv\u010d\u00ed se na obou dokumentech pracuje. Nic zvl\u00e1\u0161tn\u00edho v&nbsp;nich pr\u00fd ale stejn\u011b nebude. \u201eV roce 2024 nebyla \u010dinnost Rady ani jej\u00edho sekretari\u00e1tu spojena s mimo\u0159\u00e1dn\u00fdmi n\u00e1klady. Rada zasedala dvakr\u00e1t a prob\u011bhla hodnot\u00edc\u00ed n\u00e1v\u0161t\u011bva \u010cR ze strany V\u00fdboru pro prevenci mu\u010den\u00ed a nelidsk\u00e9ho nebo poni\u017euj\u00edc\u00edho zach\u00e1zen\u00ed a trest\u00e1n\u00ed Rady Evropy (CPT). V\u0161echny relevantn\u00ed informace o fungov\u00e1n\u00ed Rady jsou pr\u016fb\u011b\u017en\u011b zve\u0159ej\u0148ov\u00e1ny na webu Rady, spole\u010dn\u011b se seznamem \u010dlen\u016f,\u201c p\u00ed\u0161e se v&nbsp;odpov\u011bdi.<\/p>\n\n\n\n<p>Jej\u00ed auto\u0159i, kter\u00fdmi jsou podle metadat vedouc\u00ed Odd\u011blen\u00ed lidsk\u00fdch pr\u00e1v a rovn\u00e9ho zach\u00e1zen\u00ed Miroslav Crha a \u0159editel Odboru lidsk\u00fdch pr\u00e1v a ochrany men\u0161in Viktor Kundr\u00e1k, se br\u00e1n\u00ed, \u017ee pen\u00edze uveden\u00e9 ve v\u00fdro\u010dn\u00edch zpr\u00e1v\u00e1ch nejdou jen na pr\u00e1ci Rady pro lidsk\u00e1 pr\u00e1va a jej\u00edch org\u00e1n\u016f v\u010detn\u011b sekretari\u00e1tu, ale i na agendu Odd\u011blen\u00ed lidsk\u00fdch pr\u00e1v a rovn\u00e9ho zach\u00e1zen\u00ed, kter\u00e1 je \u0161ir\u0161\u00ed.<\/p>\n\n\n\n<p><strong>\u00da\u0159edn\u00edci: \u201eVysoce odborn\u00e1 a odpov\u011bdn\u00e1 pr\u00e1ce\u201c<\/strong><\/p>\n\n\n\n<p>Podle vyj\u00e1d\u0159en\u00ed pro Parlamentn\u00edListy.cz m\u00e1 v&nbsp;sou\u010dasnosti toto odd\u011blen\u00ed t\u0159i zam\u011bstnance na pln\u00fd \u00favazek ve slu\u017eebn\u00edm pom\u011bru a t\u0159i dal\u0161\u00ed pracovn\u00edky s&nbsp;\u010d\u00e1ste\u010dn\u00fdmi \u00favazky. \u201ePlaty se \u0159\u00edd\u00ed p\u0159\u00edslu\u0161n\u00fdmi platov\u00fdmi tabulkami. Jde o vysoce odbornou a odpov\u011bdnou pr\u00e1ci, platy p\u0159itom nejsou nijak preferen\u010dn\u00ed v\u016f\u010di platov\u00e9 hladin\u011b v \u00fast\u0159edn\u00ed st\u00e1tn\u00ed spr\u00e1v\u011b,\u201c h\u00e1j\u00ed se \u00fa\u0159edn\u00edci. Celkov\u00e9 n\u00e1klady za lo\u0148sk\u00fd rok se pr\u00fd dozv\u00edme do konce kv\u011btna.<\/p>\n\n\n\n<p>Miroslava Crhy jsme se tak\u00e9 zeptali, zda pova\u017euje slo\u017een\u00ed jednotliv\u00fdch org\u00e1n\u016f za vyv\u00e1\u017een\u00e9 a pro\u010d nejsou ve V\u00fdboru pro pr\u00e1va LGBTI+ lid\u00ed zastoupeny i konzervativn\u00ed organizace, kter\u00e9 se problematice dlouhodob\u011b v\u011bnuj\u00ed. Do\u010dkali jsme se odpov\u011bdi, \u017ee \u00fa\u0159edn\u00edci nerozhoduj\u00ed o slo\u017een\u00ed org\u00e1n\u016f \u010di jejich ideologick\u00e9 vyv\u00e1\u017eenosti, proto\u017ee je to v&nbsp;tomto p\u0159\u00edpad\u011b odpov\u011bdnost premi\u00e9ra Andreje Babi\u0161e (ANO).<\/p>\n\n\n\n<p>\u201eV\u00fdbor pro pr\u00e1va LGBTI+ lid\u00ed poskytuje informace o tom, jak posilovat rovnost LGBTI+ lid\u00ed, v souladu s \u00fastavn\u00edm po\u0159\u00e1dkem a lidskopr\u00e1vn\u00edmi z\u00e1vazky \u010cR, jako jsou mezin\u00e1rodn\u00ed \u00famluvy, judikatura Evropsk\u00e9ho soudu pro lidsk\u00e1 pr\u00e1va, dal\u0161\u00edmi mezin\u00e1rodn\u00edmi standardy o oblasti ochrany lidsk\u00fdch pr\u00e1v,\u201c sd\u011blil Parlamentn\u00edmList\u016fm.cz \u00da\u0159ad vl\u00e1dy.<\/p>\n","protected":false},"excerpt":{"rendered":"<p>01.05.2026 4:44 | Anal\u00fdza autor:&nbsp;Ladislav Zem\u00e1nek Na \u00da\u0159adu vl\u00e1dy zased\u00e1 Rada pro lidsk\u00e1 pr\u00e1va, kter\u00e1 sp\u00ed\u0161e ne\u017e poradn\u00ed org\u00e1n vl\u00e1dy p\u0159ipom\u00edn\u00e1 uzav\u0159en\u00fd klub aktivist\u016f, neziskovek a \u010dlen\u016f opozi\u010dn\u00edch stran od Pir\u00e1t\u016f po Zelen\u00e9. M\u00edsto vyv\u00e1\u017een\u00e9 debaty o re\u00e1ln\u00fdch probl\u00e9mech agend\u011b dominuje gender, sexu\u00e1ln\u00ed men\u0161iny, romsk\u00e1 inkluze a \u201estereotypy\u201c. Miliony z ve\u0159ejn\u00fdch pen\u011bz proud\u00ed na chod &hellip; <a href=\"https:\/\/www.podivinsky.cz\/?p=23900\" class=\"more-link\">Pokra\u010dov\u00e1n\u00ed textu <span class=\"screen-reader-text\">P\u0159ekvapiv\u00e9. Tito lid\u00e9 z\u016fstali pod Babi\u0161em na \u00da\u0159adu vl\u00e1dy. Typick\u00fd slizk\u00fd Babi\u0161&#8230; kde je sl\u00edben\u00e9 ko\u0161t\u011b?<\/span> <span class=\"meta-nav\">&rarr;<\/span><\/a><\/p>\n","protected":false},"author":1,"featured_media":0,"comment_status":"closed","ping_status":"closed","sticky":false,"template":"","format":"standard","meta":{"footnotes":""},"categories":[9],"tags":[],"class_list":["post-23900","post","type-post","status-publish","format-standard","hentry","category-pc"],"_links":{"self":[{"href":"https:\/\/www.podivinsky.cz\/index.php?rest_route=\/wp\/v2\/posts\/23900","targetHints":{"allow":["GET"]}}],"collection":[{"href":"https:\/\/www.podivinsky.cz\/index.php?rest_route=\/wp\/v2\/posts"}],"about":[{"href":"https:\/\/www.podivinsky.cz\/index.php?rest_route=\/wp\/v2\/types\/post"}],"author":[{"embeddable":true,"href":"https:\/\/www.podivinsky.cz\/index.php?rest_route=\/wp\/v2\/users\/1"}],"replies":[{"embeddable":true,"href":"https:\/\/www.podivinsky.cz\/index.php?rest_route=%2Fwp%2Fv2%2Fcomments&post=23900"}],"version-history":[{"count":1,"href":"https:\/\/www.podivinsky.cz\/index.php?rest_route=\/wp\/v2\/posts\/23900\/revisions"}],"predecessor-version":[{"id":23901,"href":"https:\/\/www.podivinsky.cz\/index.php?rest_route=\/wp\/v2\/posts\/23900\/revisions\/23901"}],"wp:attachment":[{"href":"https:\/\/www.podivinsky.cz\/index.php?rest_route=%2Fwp%2Fv2%2Fmedia&parent=23900"}],"wp:term":[{"taxonomy":"category","embeddable":true,"href":"https:\/\/www.podivinsky.cz\/index.php?rest_route=%2Fwp%2Fv2%2Fcategories&post=23900"},{"taxonomy":"post_tag","embeddable":true,"href":"https:\/\/www.podivinsky.cz\/index.php?rest_route=%2Fwp%2Fv2%2Ftags&post=23900"}],"curies":[{"name":"wp","href":"https:\/\/api.w.org\/{rel}","templated":true}]}}