{"id":23902,"date":"2026-05-01T07:09:47","date_gmt":"2026-05-01T06:09:47","guid":{"rendered":"https:\/\/www.podivinsky.cz\/?p=23902"},"modified":"2026-05-01T07:09:53","modified_gmt":"2026-05-01T06:09:53","slug":"pane-sejno-vydrzte-jsem-na-vasi-strane","status":"publish","type":"post","link":"https:\/\/www.podivinsky.cz\/?p=23902","title":{"rendered":"Pane \u0160ejno vydr\u017ete&#8216; Jsem na Va\u0161\u00ed stran\u011b!"},"content":{"rendered":"\n<h1 class=\"wp-block-heading\">Vymyt\u00e9 mozky, nacistick\u00e9 praktiky. \u0160ejna popsal skupinu, kter\u00e1 ho pron\u00e1sleduje<\/h1>\n\n\n\n<p>30.04.2026 20:46 | Monitoring<\/p>\n\n\n\n<p><em>autor:&nbsp;<a href=\"https:\/\/www.parlamentnilisty.cz\/redakce\/redakce\/\"><strong>Na\u010fa Borsk\u00e1<\/strong><\/a><\/em><\/p>\n\n\n\n<p><strong>\u010cesk\u00e1 spole\u010dnost se d\u011bl\u00ed na nesmi\u0159iteln\u00e9 t\u00e1bory a pojmy jako vlastenectv\u00ed \u010di n\u00e1rodn\u00ed hrdost se st\u00e1vaj\u00ed rozbu\u0161kou v digit\u00e1ln\u00edm i re\u00e1ln\u00e9m sv\u011bt\u011b. Mlad\u00fd konzervativn\u00ed influencer Adam \u0160ejna, \u010dasto p\u0159ezd\u00edvan\u00fd \u201e\u010desk\u00fd Charlie Kirk\u201c, v otev\u0159en\u00e9m rozhovoru popisuje sv\u016fj boj proti liber\u00e1ln\u011b-progresivn\u00edmu mainstreamu a praktik\u00e1m modern\u00ed \u201emor\u00e1ln\u00ed policie\u201c.<\/strong><\/p>\n\n\n\n<figure class=\"wp-block-image\"><img decoding=\"async\" src=\"https:\/\/cms.parlamentnilisty.cz\/image.ashx?w=632&amp;h=307&amp;f=sejna_639122649361756727.jpg&amp;id=201392\" alt=\"Vymyt\u00e9 mozky, nacistick\u00e9 praktiky. \u0160ejna popsal skupinu, kter\u00e1 ho pron\u00e1sleduje\"\/><figcaption class=\"wp-element-caption\"><small>Foto:&nbsp;<strong>Archiv PLTV<\/strong><br>Popisek:&nbsp;<strong>Influencer Adam \u0160ejna v po\u0159adu Rozhovory PL<\/strong><\/small><\/figcaption><\/figure>\n\n\n\n<p><\/p>\n\n\n\n<p>V posledn\u00edch letech se \u010desk\u00e1 spole\u010dnost pot\u00fdk\u00e1 s hlubokou polarizac\u00ed. Pou\u017eit\u00ed pojm\u016f, jako je \u201evlastenectv\u00ed\u201c nebo \u201en\u00e1rodn\u00ed identita\u201c, se st\u00e1v\u00e1 p\u0159\u00edle\u017eitost\u00ed k veden\u00ed kulturn\u00edch v\u00e1lek. Adam \u0160ejna, mlad\u00fd konzervativn\u00ed aktivista a zakladatel projektu Restart \u010cesko, otev\u0159en\u011b promluvil o tom, pro\u010d je dnes hrdost na vlastn\u00ed zemi \u010dasto ter\u010dem \u00fatok\u016f.<\/p>\n\n\n\n<p>Podle \u0160ejny, kter\u00fd b\u00fdv\u00e1 ozna\u010dov\u00e1n jako \u010desk\u00fd Charlie Kirk, pramen\u00ed nen\u00e1vist v\u016f\u010di lidem s vlasteneck\u00fdmi n\u00e1zory p\u0159edev\u0161\u00edm z toho, \u017ee naru\u0161uj\u00ed mainstreamov\u00fd narativ, kter\u00fd je c\u00edlen\u011b budov\u00e1n pro mladou generaci. Politick\u00fd influencer tvrd\u00ed, \u017ee odp\u016frc\u016fm vad\u00ed, kdy\u017e mlad\u00fd \u010dlov\u011bk odm\u00edt\u00e1 b\u00fdt pasivn\u00ed sou\u010d\u00e1st\u00ed syst\u00e9mu.<\/p>\n\n\n\n<figure class=\"wp-block-embed is-type-rich is-provider-obslu-n-rutina-k-du-pro-vlo-en wp-block-embed-obslu-n-rutina-k-du-pro-vlo-en\"><div class=\"wp-block-embed__wrapper\">\nhttps:\/\/youtube.com\/watch?v=xiixvTHmBDE%3Fsi%3Dgn8zSyucNl6m_kxd\n<\/div><\/figure>\n\n\n\n<p>\u201eIrituje je, \u017ee jim ni\u010d\u00edm jejich t\u011b\u017ece vypracovanou ideologii \u2013 to, \u017ee mlad\u00ed nic ned\u011blaj\u00ed, jsou l\u00edn\u00ed a necht\u011bj\u00ed bojovat za sv\u016fj n\u00e1rod,\u201c vysv\u011btluje \u0160ejna. Tito aktivist\u00e9 se podle n\u011bj sna\u017e\u00ed vyvolat dojem, \u017ee o budoucnost \u010cesk\u00e9 republiky ji\u017e nem\u00e1 smysl bojovat a ka\u017ed\u00fd, kdo tento postoj nabour\u00e1v\u00e1, se st\u00e1v\u00e1 nep\u0159\u00edtelem.<\/p>\n\n\n\n<h4 class=\"wp-block-heading\">N\u00e1lepkov\u00e1n\u00ed jako n\u00e1stroj cenzury<\/h4>\n\n\n\n<p>\u0160ejna v rozhovoru poukazuje na existenci skupin, kter\u00e9 funguj\u00ed jako jak\u00e1si \u201emor\u00e1ln\u00ed policie\u201c. Tyto skupiny se podle n\u011bj nesna\u017e\u00ed o v\u011bcnou debatu, ale o diskreditaci a zesm\u011b\u0161n\u011bn\u00ed n\u00e1zorov\u00fdch oponent\u016f. Zm\u00ednil systematick\u00e9 kampan\u011b, kter\u00e9 proti n\u011bmu vedou ur\u010dit\u00e9 subjekty napojen\u00e9 na politick\u00e9 sf\u00e9ry, nap\u0159. Mlad\u00ed starostov\u00e9.&nbsp;<\/p>\n\n\n\n<p><\/p>\n\n\n\n<p>\u201eOni m\u011b pron\u00e1sleduj\u00ed z toho d\u016fvodu, aby mi n\u011bjak\u00fdm zp\u016fsobem mohli u\u0161kodit pozd\u011bji,\u201c \u0159\u00edk\u00e1 k \u00fatok\u016fm, kter\u00e9 za\u017e\u00edv\u00e1 na demonstrac\u00edch i v online prostoru. Dod\u00e1v\u00e1, \u017ee po ne\u00fasp\u011bchu p\u0159\u00edm\u00fdch \u00fatok\u016f se tito aktivist\u00e9 nyn\u00ed zam\u011b\u0159uj\u00ed na zesm\u011b\u0161\u0148ov\u00e1n\u00ed.<\/p>\n\n\n\n<p>Jedn\u00edm z hlavn\u00edch n\u00e1stroj\u016f, jak potla\u010dit vlasteneck\u00e9 sm\u00fd\u0161len\u00ed, je podle konzervativn\u00edho influencera devalvace siln\u00fdch slov jako \u201enacista\u201c nebo \u201efa\u0161ista\u201c. Tato slova podle n\u011bj ztratila sv\u016fj p\u016fvodn\u00ed v\u00fdznam, proto\u017ee jsou dnes pou\u017e\u00edv\u00e1na proti&nbsp;komukoli,&nbsp;kdo nesouhlas\u00ed s liber\u00e1ln\u011b-progresivn\u00edm sm\u011brem.<\/p>\n\n\n\n<p>\u201eSami praktikuj\u00ed nacistick\u00e9 techniky, aby lidi uml\u010deli,\u201c tvrd\u00ed \u0160ejna na adresu sv\u00fdch kritik\u016f, kte\u0159\u00ed se ho sna\u017e\u00ed cenzurovat. Z\u00e1rove\u0148 dod\u00e1v\u00e1, \u017ee tyto n\u00e1lepky jsou dnes pou\u017e\u00edv\u00e1ny proti lidem, kte\u0159\u00ed \u201edoopravdy bojuj\u00ed za svobodu slova a za nez\u00e1vislost sv\u00fdch n\u00e1zor\u016f\u201c.<\/p>\n\n\n\n<h4 class=\"wp-block-heading\">Propaganda c\u00edlen\u00e1 na nejmlad\u0161\u00ed<\/h4>\n\n\n\n<p>Varuje p\u0159ed dlouhodob\u00fdm dopadem vlivov\u00e9ho p\u016fsoben\u00ed ve \u0161kol\u00e1ch a m\u00e9di\u00edch. Tato indoktrinace podle n\u011bj u\u010d\u00ed d\u011bti, \u017ee tradi\u010dn\u00ed hodnoty nebo hrdost na vlastn\u00ed p\u016fvod jsou p\u0159e\u017eitkem \u010di dokonce hrozbou. P\u0159irovn\u00e1v\u00e1 to k metod\u00e1m minul\u00fdch re\u017eim\u016f.<\/p>\n\n\n\n<p>\u201ePrvn\u00ed, co ud\u011blali komunist\u00e9, bylo, \u017ee zkou\u0161eli zm\u011bnit \u00fapln\u011b v\u0161echno, co se d\u011bti u\u010dily, a tla\u010dit na propagandu, proto\u017ee dosp\u011bl\u00ed lid\u00e9, kte\u0159\u00ed p\u0159edt\u00edm \u017eili ve svobodn\u00e9m st\u00e1t\u011b, m\u011bli jasno. Kdy\u017e je d\u011btem odmali\u010dka \u0159\u00edk\u00e1no, \u017ee je to \u201ap\u0159esn\u011b takhle\u2018, a nemaj\u00ed mo\u017enost si to ov\u011b\u0159it, tak po letech budou sv\u00fdm d\u011btem \u0159\u00edkat to stejn\u00e9. Vychovaj\u00ed si prvn\u00ed generaci, kter\u00e9 budou lh\u00e1t. A dal\u0161\u00ed generace, kter\u00e1 p\u0159ijde po nich, bude tyhle l\u017ei \u010derpat. To znamen\u00e1, \u017ee usp\u011bj\u00ed dlouhodob\u011b,\u201c varuje \u0160ejna.<\/p>\n\n\n\n<p>Tento proces podle n\u011bj vede k tomu, \u017ee mlad\u00ed lid\u00e9 pak sami aktivn\u011b bojuj\u00ed proti vlastn\u00edm ko\u0159en\u016fm a rodi\u010d\u016fm, kte\u0159\u00ed se jim sna\u017e\u00ed realitu vysv\u011btlit.<\/p>\n\n\n\n<p>Mlad\u00fd konzervativec a influencer \u0160ejna vid\u00ed cestu z t\u00e9to situace v otev\u0159enosti a odm\u00edt\u00e1n\u00ed strachu z n\u00e1lepek. P\u0159esto\u017ee je ozna\u010dov\u00e1n za \u201ekr\u00e1le dezol\u00e1t\u016f\u201c, hodl\u00e1 ve sv\u00fdch aktivit\u00e1ch pokra\u010dovat a nab\u00edzet mlad\u00fdm lidem alternativu k tomu, co naz\u00fdv\u00e1 \u201evym\u00fdv\u00e1n\u00edm mozk\u016f\u201c. Vlastenectv\u00ed by podle n\u011bj nem\u011blo b\u00fdt d\u016fvodem k nen\u00e1visti, ale p\u0159irozen\u00fdm projevem \u00facty k vlastn\u00ed historii a kultu\u0159e.<\/p>\n\n\n\n<p>Popisuje svou zku\u0161enost z demonstrac\u00ed, nap\u0159. Milionu chvilek, kde byl pron\u00e1sledov\u00e1n jin\u00fdmi aktivisty. Zmi\u0148uje tak\u00e9 vtipnou dohru, kdy se na jednu z akc\u00ed vr\u00e1til v masce Filipa&nbsp;Turka,&nbsp;a tit\u00ed\u017e lid\u00e9, kte\u0159\u00ed ho p\u0159edt\u00edm napadali, se s n\u00edm nad\u0161en\u011b fotili.<\/p>\n\n\n\n<p>Kritizuje zelenou politiku jako formu \u201epropagandy\u201c, kter\u00e1 je c\u00edlen\u00e1 na d\u011bti a mlad\u00e9 lidi, aby je nau\u010dila p\u0159ij\u00edmat omezen\u00ed a nov\u00e9 dan\u011b jako jedin\u00e9 \u0159e\u0161en\u00ed. P\u0159irovn\u00e1v\u00e1 to k metod\u00e1m komunistick\u00e9 indoktrinace.<\/p>\n\n\n\n<p>Vyj\u00e1d\u0159il se tak\u00e9, jak\u00fd je jeho vztah k politick\u00fdm stran\u00e1m. On s\u00e1m podporuje stranu Motorist\u00e9 sob\u011b, proto\u017ee nejv\u00edce souzn\u00ed s jeho hodnotami, jako jsou rodinn\u00e1 politika nebo kritika Green Dealu. K SPD je kritick\u00fd. Stoupence hnut\u00ed ozna\u010duje za \u201epopulistick\u00e9 levi\u010d\u00e1ky\u201c. Uzn\u00e1v\u00e1 n\u011bkter\u00e9 osobnosti ze strany PRO, nap\u0159. Jind\u0159icha Rajchla, ale Motoristy pova\u017euje za relevantn\u011bj\u0161\u00ed s\u00edlu.<\/p>\n\n\n\n<figure class=\"wp-block-image\"><a href=\"https:\/\/www.parlamentnilisty.cz\/profily\/profil.aspx?id=132491\"><img decoding=\"async\" src=\"https:\/\/www.parlamentnilisty.cz\/profily-sprava\/user-data\/7483C849\/image\/152752-rajchl_profil_top.jpg\" alt=\"\"\/><\/a><\/figure>\n\n\n\n<h2 class=\"wp-block-heading\"><a href=\"https:\/\/www.parlamentnilisty.cz\/profily\/profil.aspx?id=132491\">JUDr. Jind\u0159ich Rajchl<\/a><\/h2>\n\n\n\n<ul class=\"wp-block-list\">\n<li>PRO<\/li>\n\n\n\n<li>P\u0159edseda strany Pr\u00e1vo Respekt Odbornost<\/li>\n\n\n\n<li>poslanec<\/li>\n<\/ul>\n\n\n\n<p>Kritizuje v\u00fdrok prezidenta Petra Pavla o Spojen\u00fdch st\u00e1tech evropsk\u00fdch. \u201eJestli jedin\u00fd zp\u016fsob, jak zachr\u00e1nit Evropskou unii od toho nepo\u0159\u00e1dku, do kter\u00e9ho se sama bez na\u0161\u00ed pomoci dostala, je ten, \u017ee ztrat\u00edme na\u0161i n\u00e1rodn\u00ed suverenitu, kulturu a svobodu, abychom se stali sou\u010d\u00e1st\u00ed jednoho velk\u00e9ho celku, tak si nemysl\u00edm, \u017ee EU by m\u011bla existovat,\u201c \u0159ekl&nbsp;\u0160ejna.<\/p>\n\n\n\n<figure class=\"wp-block-image\"><a href=\"https:\/\/www.parlamentnilisty.cz\/profily\/profil.aspx?id=143853\"><img decoding=\"async\" src=\"https:\/\/www.parlamentnilisty.cz\/profily-sprava\/user-data\/3E2BE034\/image\/143853-pavel_profil_top.jpeg\" alt=\"\"\/><\/a><\/figure>\n\n\n\n<h2 class=\"wp-block-heading\"><a href=\"https:\/\/www.parlamentnilisty.cz\/profily\/profil.aspx?id=143853\">arm. gen. v.v. Ing. Petr Pavel, M.A.<\/a><\/h2>\n\n\n\n<ul class=\"wp-block-list\">\n<li>BPP<\/li>\n\n\n\n<li>Profil nen\u00ed p\u0159evzat\u00fd, \u010dl\u00e1nky vkl\u00e1d\u00e1 redakce.<\/li>\n\n\n\n<li>prezident \u010cesk\u00e9 republiky<\/li>\n<\/ul>\n\n\n\n<p>Nejlep\u0161\u00edm \u0159e\u0161en\u00edm podle n\u011bj je deportovat p\u0159ist\u011bhovalce, jak to d\u011blaj\u00ed v USA.<\/p>\n\n\n\n<p>Mlad\u00edk se hl\u00e1s\u00ed k pravicov\u00fdm a konzervativn\u00edm hodnot\u00e1m. V 18 letech ji\u017e pl\u00e1nuje zalo\u017een\u00ed rodiny, co\u017e jeho vrstevn\u00edci \u010dasto pova\u017euj\u00ed za \u0161\u00edlen\u00e9. Odm\u00edt\u00e1 na\u0159\u010den\u00ed, \u017ee by byl misogyn. Tvrd\u00ed, \u017ee mu\u017ei a \u017eeny maj\u00ed odli\u0161n\u00e9 schopnosti, ale stejnou d\u016fle\u017eitost, a \u00fakolem mu\u017ee je \u017eenu chr\u00e1nit. Osobn\u011b je proti potrat\u016fm, ale v \u010desk\u00e9m ateistick\u00e9m prost\u0159ed\u00ed by je nezakazoval z\u00e1konem. Cht\u011bl by sp\u00ed\u0161e zm\u011bnit \u201epropagandu\u201c, kter\u00e1 podle n\u011bj d\u011bti vykresluje jako p\u0159\u00edt\u011b\u017e.<\/p>\n\n\n\n<p>Vyjad\u0159uje velk\u00e9 obavy z v\u00fdvoje v N\u011bmecku v souvislosti s migrac\u00ed a energetickou kriz\u00ed. D\u00e1le potvrdil, \u017ee za\u010d\u00edn\u00e1 pravideln\u011b streamovat na platform\u011b Xavera Vesel\u00e9ho. Spole\u010dn\u011b s Franti\u0161kem Kub\u00e1skem a Jakubem Svobodou p\u0159ipravuj\u00ed nov\u00e9 projekty a ve\u0159ejn\u00e1 setk\u00e1n\u00ed pro fanou\u0161ky.<\/p>\n","protected":false},"excerpt":{"rendered":"<p>Vymyt\u00e9 mozky, nacistick\u00e9 praktiky. \u0160ejna popsal skupinu, kter\u00e1 ho pron\u00e1sleduje 30.04.2026 20:46 | Monitoring autor:&nbsp;Na\u010fa Borsk\u00e1 \u010cesk\u00e1 spole\u010dnost se d\u011bl\u00ed na nesmi\u0159iteln\u00e9 t\u00e1bory a pojmy jako vlastenectv\u00ed \u010di n\u00e1rodn\u00ed hrdost se st\u00e1vaj\u00ed rozbu\u0161kou v digit\u00e1ln\u00edm i re\u00e1ln\u00e9m sv\u011bt\u011b. Mlad\u00fd konzervativn\u00ed influencer Adam \u0160ejna, \u010dasto p\u0159ezd\u00edvan\u00fd \u201e\u010desk\u00fd Charlie Kirk\u201c, v otev\u0159en\u00e9m rozhovoru popisuje sv\u016fj boj proti &hellip; <a href=\"https:\/\/www.podivinsky.cz\/?p=23902\" class=\"more-link\">Pokra\u010dov\u00e1n\u00ed textu <span class=\"screen-reader-text\">Pane \u0160ejno vydr\u017ete&#8216; Jsem na Va\u0161\u00ed stran\u011b!<\/span> <span class=\"meta-nav\">&rarr;<\/span><\/a><\/p>\n","protected":false},"author":1,"featured_media":0,"comment_status":"closed","ping_status":"closed","sticky":false,"template":"","format":"standard","meta":{"footnotes":""},"categories":[9],"tags":[],"class_list":["post-23902","post","type-post","status-publish","format-standard","hentry","category-pc"],"_links":{"self":[{"href":"https:\/\/www.podivinsky.cz\/index.php?rest_route=\/wp\/v2\/posts\/23902","targetHints":{"allow":["GET"]}}],"collection":[{"href":"https:\/\/www.podivinsky.cz\/index.php?rest_route=\/wp\/v2\/posts"}],"about":[{"href":"https:\/\/www.podivinsky.cz\/index.php?rest_route=\/wp\/v2\/types\/post"}],"author":[{"embeddable":true,"href":"https:\/\/www.podivinsky.cz\/index.php?rest_route=\/wp\/v2\/users\/1"}],"replies":[{"embeddable":true,"href":"https:\/\/www.podivinsky.cz\/index.php?rest_route=%2Fwp%2Fv2%2Fcomments&post=23902"}],"version-history":[{"count":1,"href":"https:\/\/www.podivinsky.cz\/index.php?rest_route=\/wp\/v2\/posts\/23902\/revisions"}],"predecessor-version":[{"id":23904,"href":"https:\/\/www.podivinsky.cz\/index.php?rest_route=\/wp\/v2\/posts\/23902\/revisions\/23904"}],"wp:attachment":[{"href":"https:\/\/www.podivinsky.cz\/index.php?rest_route=%2Fwp%2Fv2%2Fmedia&parent=23902"}],"wp:term":[{"taxonomy":"category","embeddable":true,"href":"https:\/\/www.podivinsky.cz\/index.php?rest_route=%2Fwp%2Fv2%2Fcategories&post=23902"},{"taxonomy":"post_tag","embeddable":true,"href":"https:\/\/www.podivinsky.cz\/index.php?rest_route=%2Fwp%2Fv2%2Ftags&post=23902"}],"curies":[{"name":"wp","href":"https:\/\/api.w.org\/{rel}","templated":true}]}}