{"id":23909,"date":"2026-05-01T20:10:14","date_gmt":"2026-05-01T19:10:14","guid":{"rendered":"https:\/\/www.podivinsky.cz\/?p=23909"},"modified":"2026-05-01T20:10:22","modified_gmt":"2026-05-01T19:10:22","slug":"kolar-mu-to-dojbal-macinka-dal-skadli-hrad","status":"publish","type":"post","link":"https:\/\/www.podivinsky.cz\/?p=23909","title":{"rendered":"\u201eKol\u00e1\u0159 mu to doj*bal.\u201c Macinka d\u00e1l \u0161k\u00e1dl\u00ed Hrad"},"content":{"rendered":"\n<p>30.04.2026 19:39 | Monitoring<\/p>\n\n\n\n<p><em>autor:&nbsp;<a href=\"https:\/\/www.parlamentnilisty.cz\/redakce\/redakce\/\"><strong>Na\u010fa Borsk\u00e1<\/strong><\/a><\/em><\/p>\n\n\n\n<p><strong>Ministr zahrani\u010d\u00ed a p\u0159edseda hnut\u00ed Motorist\u00e9 sob\u011b Petr Macinka rozv\u00ed\u0159il ve\u0159ejn\u00e9 m\u00edn\u011bn\u00ed na soci\u00e1ln\u00edch s\u00edt\u00edch sv\u00fdm nejnov\u011bj\u0161\u00edm p\u0159\u00edsp\u011bvkem ze Slovenska. Citac\u00ed vulg\u00e1rn\u00edho v\u00fdroku z nezn\u00e1m\u00e9ho hostince nep\u0159\u00edmo za\u00fato\u010dil na poradce prezidenta Petra Kol\u00e1\u0159e, se kter\u00fdm vede dlouhodob\u00e9 spory. Incident op\u011bt otev\u00edr\u00e1 vhodnost drsn\u00e9 komunikace s hradn\u00edmi kruhy, kter\u00e1 m\u00e1 ko\u0159eny v d\u0159\u00edv\u011bj\u0161\u00edch \u00fanic\u00edch soukrom\u00fdch SMS zpr\u00e1v.<\/strong><\/p>\n\n\n\n<figure class=\"wp-block-image\"><img decoding=\"async\" src=\"https:\/\/cms.parlamentnilisty.cz\/image.ashx?w=632&amp;h=307&amp;f=Snimek-obrazovky-2026-04-06-122653_639110680555322209.jpg&amp;id=201115\" alt=\"\u201eKol\u00e1\u0159 mu to doj*bal.\u201c Macinka d\u00e1l \u0161k\u00e1dl\u00ed Hrad\"\/><figcaption class=\"wp-element-caption\"><small>Foto:&nbsp;<strong>Repro STVR<\/strong><br>Popisek:&nbsp;<strong>Petr Macinka<\/strong><\/small><\/figcaption><\/figure>\n\n\n\n<p><\/p>\n\n\n\n<p>Ministr zahrani\u010d\u00ed a p\u0159edseda hnut\u00ed Motorist\u00e9 sob\u011b Petr Macinka zve\u0159ejnil na Facebooku p\u0159\u00edsp\u011bvek, v n\u011bm\u017e p\u0159episuje vulg\u00e1rn\u00ed v\u00fdrok, kter\u00fd zaslechl v nejmenovan\u00e9m pohostinstv\u00ed v sousedn\u00ed zemi.<\/p>\n\n\n\n<p>\u201eJsem zrovna na Slovensku a od v\u00fd\u010depn\u00edho v jedn\u00e9 restauraci jsem sly\u0161el zaj\u00edmav\u00fd v\u00fdrok: \u201aKol\u00e1\u0159 mu to dojebal, tak by som jej odjebal.\u2018 No, j\u00e1&nbsp;rad\u0161i&nbsp;ne\u0159\u00edk\u00e1m nic\u2026,\u201c napsal \u010dlen vl\u00e1dy na sv\u00e9m facebookov\u00e9m \u00fa\u010dtu.<\/p>\n\n\n\n<p><\/p>\n\n\n\n<p>P\u0159\u00edsp\u011bvek odkazuje na dlouhodob\u00e9 nap\u011bt\u00ed mezi vicepremi\u00e9rem a ministrem zahrani\u010d\u00ed Macinkou a Petrem Kol\u00e1\u0159em, poradcem prezidenta Petra Pavla.<\/p>\n\n\n\n<p>Za\u010d\u00e1tkem leto\u0161n\u00edho roku eskaloval spor o jmenov\u00e1n\u00ed poslance Filipa Turka (Motorist\u00e9) ministrem \u017eivotn\u00edho prost\u0159ed\u00ed. Prezident Pavel Turka odm\u00edtl jmenovat a Macinka se sna\u017eil situaci \u0159e\u0161it tvrd\u00fdm vyjedn\u00e1v\u00e1n\u00edm.<\/p>\n\n\n\n<p>V noci poslal Kol\u00e1\u0159ovi n\u011bkolik SMS zpr\u00e1v, v nich\u017e hrozil \u201emaximalistick\u00fdmi kroky a\u017e do posledn\u00edho mo\u017en\u00e9ho detailu\u201c, pokud prezident neustoup\u00ed. Zm\u00ednil tak\u00e9, \u017ee prezident d\u011bl\u00e1 \u201eemo\u010dn\u00ed chyby\u201c a \u017ee si nen\u00ed jist\u00fd jeho politick\u00fdm citem pot\u00e9, co p\u0159estal b\u00fdt voj\u00e1kem. Macinka ve zpr\u00e1v\u00e1ch napsal, \u017ee sp\u00e1l\u00ed mosty zp\u016fsobem, kter\u00fd vejde do u\u010debnic politologie jako extr\u00e9mn\u00ed p\u0159\u00edpad kohabitace.<\/p>\n\n\n\n<p><strong>U policie prezident neusp\u011bl<\/strong><\/p>\n\n\n\n<p>Prezident Pavel tyto zpr\u00e1vy ozna\u010dil za pokus o vyd\u00edr\u00e1n\u00ed, zve\u0159ejnil je a podal podn\u011bt bezpe\u010dnostn\u00edm slo\u017ek\u00e1m. Policie p\u0159\u00edpad pozd\u011bji odlo\u017eila.&nbsp;<\/p>\n\n\n\n<p><\/p>\n\n\n\n<p>Macinka komunikoval p\u0159es Kol\u00e1\u0159\u016fv telefon, proto\u017ee nem\u011bl p\u0159\u00edm\u00e9 \u010d\u00edslo na prezidenta. Cel\u00e1 kauza vyvolala bou\u0159livou debatu o hranic\u00edch politick\u00e9ho vyjedn\u00e1v\u00e1n\u00ed, stylu komunikace vrcholn\u00fdch politik\u016f a vztahu mezi Hradem a koali\u010dn\u00edmi partnery. Sen\u00e1torka Jana Zwyrtek Hamplov\u00e1,&nbsp;<a href=\"https:\/\/www.parlamentnilisty.cz\/profily\/Mgr-Jana-Zwyrtek-Hamplova-12318\/clanek\/Poruseni-tajemstvi-SMS-zprav-je-protipravni-jednani-143802\">upozornila<\/a>, \u017ee zve\u0159ejn\u011bn\u00ed soukrom\u00e9 konverzace bez souhlasu druh\u00e9 strany zasahuje do \u00fastavn\u011b chr\u00e1n\u011bn\u00e9ho pr\u00e1va na soukrom\u00ed a listovn\u00edho tajemstv\u00ed.<\/p>\n\n\n\n<p>Macink\u016fv&nbsp;facebookov\u00fd p\u0159\u00edsp\u011bvek ze Slovenska p\u0159ich\u00e1z\u00ed v dob\u011b, kdy je spor st\u00e1le je\u0161t\u011b \u017eiv\u00fd v politick\u00e9 pam\u011bti. Autor s\u00e1m k v\u00fdroku v\u00fd\u010depn\u00edho nedodal \u017e\u00e1dn\u00fd dal\u0161\u00ed koment\u00e1\u0159 a uzav\u0159el ho slovy: \u201eNo, j\u00e1 rad\u0161i ne\u0159\u00edk\u00e1m nic\u2026\u201c<\/p>\n\n\n\n<p>Mnoz\u00ed \u010dten\u00e1\u0159i to ch\u00e1pou jako ironick\u00fd odstup od cel\u00e9 af\u00e9ry.<\/p>\n\n\n\n<p>Reakce na p\u0159\u00edsp\u011bvek se pohybuj\u00ed od pobaven\u00ed p\u0159es kritiku vulg\u00e1rn\u00edho stylu politiky a\u017e po podporu ministru Macinkovi, kter\u00fd podle n\u011bkter\u00fdch fanou\u0161k\u016f \u010delil nef\u00e9rov\u00e9mu postupu z Hradu.<\/p>\n","protected":false},"excerpt":{"rendered":"<p>30.04.2026 19:39 | Monitoring autor:&nbsp;Na\u010fa Borsk\u00e1 Ministr zahrani\u010d\u00ed a p\u0159edseda hnut\u00ed Motorist\u00e9 sob\u011b Petr Macinka rozv\u00ed\u0159il ve\u0159ejn\u00e9 m\u00edn\u011bn\u00ed na soci\u00e1ln\u00edch s\u00edt\u00edch sv\u00fdm nejnov\u011bj\u0161\u00edm p\u0159\u00edsp\u011bvkem ze Slovenska. Citac\u00ed vulg\u00e1rn\u00edho v\u00fdroku z nezn\u00e1m\u00e9ho hostince nep\u0159\u00edmo za\u00fato\u010dil na poradce prezidenta Petra Kol\u00e1\u0159e, se kter\u00fdm vede dlouhodob\u00e9 spory. Incident op\u011bt otev\u00edr\u00e1 vhodnost drsn\u00e9 komunikace s hradn\u00edmi kruhy, kter\u00e1 m\u00e1 &hellip; <a href=\"https:\/\/www.podivinsky.cz\/?p=23909\" class=\"more-link\">Pokra\u010dov\u00e1n\u00ed textu <span class=\"screen-reader-text\">\u201eKol\u00e1\u0159 mu to doj*bal.\u201c Macinka d\u00e1l \u0161k\u00e1dl\u00ed Hrad<\/span> <span class=\"meta-nav\">&rarr;<\/span><\/a><\/p>\n","protected":false},"author":1,"featured_media":0,"comment_status":"closed","ping_status":"closed","sticky":false,"template":"","format":"standard","meta":{"footnotes":""},"categories":[9],"tags":[],"class_list":["post-23909","post","type-post","status-publish","format-standard","hentry","category-pc"],"_links":{"self":[{"href":"https:\/\/www.podivinsky.cz\/index.php?rest_route=\/wp\/v2\/posts\/23909","targetHints":{"allow":["GET"]}}],"collection":[{"href":"https:\/\/www.podivinsky.cz\/index.php?rest_route=\/wp\/v2\/posts"}],"about":[{"href":"https:\/\/www.podivinsky.cz\/index.php?rest_route=\/wp\/v2\/types\/post"}],"author":[{"embeddable":true,"href":"https:\/\/www.podivinsky.cz\/index.php?rest_route=\/wp\/v2\/users\/1"}],"replies":[{"embeddable":true,"href":"https:\/\/www.podivinsky.cz\/index.php?rest_route=%2Fwp%2Fv2%2Fcomments&post=23909"}],"version-history":[{"count":1,"href":"https:\/\/www.podivinsky.cz\/index.php?rest_route=\/wp\/v2\/posts\/23909\/revisions"}],"predecessor-version":[{"id":23910,"href":"https:\/\/www.podivinsky.cz\/index.php?rest_route=\/wp\/v2\/posts\/23909\/revisions\/23910"}],"wp:attachment":[{"href":"https:\/\/www.podivinsky.cz\/index.php?rest_route=%2Fwp%2Fv2%2Fmedia&parent=23909"}],"wp:term":[{"taxonomy":"category","embeddable":true,"href":"https:\/\/www.podivinsky.cz\/index.php?rest_route=%2Fwp%2Fv2%2Fcategories&post=23909"},{"taxonomy":"post_tag","embeddable":true,"href":"https:\/\/www.podivinsky.cz\/index.php?rest_route=%2Fwp%2Fv2%2Ftags&post=23909"}],"curies":[{"name":"wp","href":"https:\/\/api.w.org\/{rel}","templated":true}]}}