{"id":24985,"date":"2026-09-01T06:00:33","date_gmt":"2026-09-01T05:00:33","guid":{"rendered":"https:\/\/www.podivinsky.cz\/?p=24985"},"modified":"2026-09-01T06:00:40","modified_gmt":"2026-09-01T05:00:40","slug":"a-neni-uz-pozde-soudruzi-ve-zbrani","status":"publish","type":"post","link":"https:\/\/www.podivinsky.cz\/?p=24985","title":{"rendered":"A nen\u00ed u\u017e pozd\u011b, soudruzi ve zbrani?"},"content":{"rendered":"\n<h1 class=\"wp-block-heading\">Probu\u010fte se a bra\u0148te se. Vlivn\u00fd Arab napsal otev\u0159en\u00fd dopis Evrop\u011b<\/h1>\n\n\n\n<p class=\"wp-block-paragraph\">31.08.2026 13:55 | Monitoring<\/p>\n\n\n\n<p class=\"wp-block-paragraph\"><em>autor:&nbsp;<a href=\"https:\/\/www.parlamentnilisty.cz\/redakce\/autor\/Jan%20Novotn%C3%BD\"><strong>Jan Novotn\u00fd<\/strong><\/a><\/em><\/p>\n\n\n\n<p class=\"wp-block-paragraph\"><strong>O jeho slovech mluv\u00ed cel\u00e1 soci\u00e1ln\u00ed s\u00ed\u0165 X. Emir\u00e1tsk\u00fd expert na strategick\u00e9 a politick\u00e9 z\u00e1le\u017eitosti Amjad Taha napsal stroh\u00fd otev\u0159en\u00fd dopis Z\u00e1padu. Islamistick\u00e9 s\u00edt\u011b podle Tahy zneu\u017e\u00edvaj\u00ed demokratick\u00fd syst\u00e9m a toleranci Evropy k tomu, aby star\u00fd kontinent ovl\u00e1dly prost\u0159ednictv\u00edm jeho vlastn\u00edch instituc\u00ed. Taha vyz\u00fdv\u00e1 k okam\u017eit\u00e9mu vy\u0161et\u0159en\u00ed vlivu Muslimsk\u00e9ho bratrstva, tvrd\u00e9mu postihu financov\u00e1n\u00ed terorismu, deportac\u00edm krimin\u00e1ln\u00edk\u016f a obran\u011b z\u00e1padn\u00ed civilizace d\u0159\u00edve, ne\u017e svoboda a demokracie poslou\u017e\u00ed k vlastn\u00edmu zni\u010den\u00ed.<\/strong><\/p>\n\n\n\n<figure class=\"wp-block-image\"><img decoding=\"async\" src=\"https:\/\/cms.parlamentnilisty.cz\/image.ashx?w=632&amp;h=307&amp;f=tahaa_639237644281586038.jpg&amp;id=203491\" alt=\"Probu\u010fte se a bra\u0148te se. Vlivn\u00fd Arab napsal otev\u0159en\u00fd dopis Evrop\u011b\"\/><figcaption class=\"wp-element-caption\"><small>Foto:&nbsp;<strong>Visegrad 24<\/strong><br>Popisek:&nbsp;<strong>Amjad Taha<\/strong><\/small><\/figcaption><\/figure>\n\n\n\n<p class=\"wp-block-paragraph\">A KDY\u017d TO NAP\u00cd\u0160E ARAB, JE TO V\u00c1\u017dN\u00c9!<\/p>\n\n\n\n<p class=\"wp-block-paragraph\"><strong><a href=\"https:\/\/x.com\/amjadt25\/status\/2088531148423193024\" rel=\"noopener\" target=\"_blank\">Tah\u016fv otev\u0159en\u00fd dopis Z\u00e1padu<\/a><\/strong>&nbsp;d\u00edky sv\u00e9mu nekompromisn\u00edmu jazyku zas\u00e1hl miliony lid\u00ed a vzbudil&nbsp;velkou pozornost. N\u011bkte\u0159\u00ed \u010dten\u00e1\u0159i ho p\u0159irovnali k varov\u00e1n\u00edm, kter\u00e1 pron\u00e1\u0161\u00ed som\u00e1lsk\u00e1 aktivistka a spisovatelka Ayaan Hirsi Aliov\u00e1, kter\u00e1 vol\u00e1 po reformaci isl\u00e1mu.&nbsp;<\/p>\n\n\n\n<p class=\"wp-block-paragraph\"><\/p>\n\n\n\n<p class=\"wp-block-paragraph\">\u201eP\u0159esta\u0148te zam\u011b\u0148ovat zbab\u011blost s toleranc\u00ed. To, co vn\u00edm\u00e1te jako neleg\u00e1ln\u00ed p\u0159ist\u011bhovalce, je p\u0159edem napl\u00e1novan\u00e1 invaze do va\u0161\u00ed zem\u011b bez tank\u016f a voj\u00e1k\u016f. Existuj\u00ed zem\u011b, kter\u00e9 v posledn\u00ed dob\u011b nalily miliardy liber do terorist\u016f z Muslimsk\u00e9ho bratrstva, kte\u0159\u00ed se ve va\u0161ich zem\u00edch stali aktivisty a ob\u010dany, a jejich \u00fakolem je br\u00e1nit ka\u017ed\u00e9ho zlo\u010dince, zastupovat ka\u017ed\u00e9ho n\u00e1siln\u00edka a zajistit, aby se v\u0161ichni neleg\u00e1ln\u00ed p\u0159ist\u011bhovalci stali leg\u00e1ln\u00edmi a stali se p\u0159\u00ed\u0161t\u00edm guvern\u00e9rem nebo poslancem a pozd\u011bji premi\u00e9rem. Jedn\u00e1 se o dlouhodob\u00fd pl\u00e1n,\u201c p\u00ed\u0161e Taha, arabsk\u00fd analytik \u00edr\u00e1nsk\u00e9ho p\u016fvodu.&nbsp;<\/p>\n\n\n\n<p class=\"wp-block-paragraph\">P\u0159ist\u011bhovalci podle n\u011bj zneu\u017e\u00edvaj\u00ed demokracii jako v\u00fdtah na cest\u011b k z\u00edsk\u00e1n\u00ed moci: \u201eRozhl\u00e9dn\u011bte se kolem sebe. Nyn\u00ed protestuj\u00ed proti v\u00e1m a va\u0161\u00ed z\u00e1padn\u00ed civilizaci. Naz\u00fdvaj\u00ed v\u00e1s islamofoby, pokud se odv\u00e1\u017e\u00edte zm\u00ednit teroristy z Muslimsk\u00e9ho bratrstva, jako jsou terorist\u00e9 z Ham\u00e1su, nebo s\u00fad\u00e1nskou arm\u00e1du vedenou Muslimsk\u00fdm bratrstvem, kter\u00e1 zabila p\u0159es 2 miliony k\u0159es\u0165an\u016f a 500 000 africk\u00fdch muslimsk\u00fdch d\u011bt\u00ed a \u017een. Budou ovl\u00e1dat va\u0161i demokracii prost\u0159ednictv\u00edm dikt\u00e1torsk\u00fdch pravidel,\u201c upozor\u0148uje Taha, \u0159editel region\u00e1ln\u00ed pobo\u010dky institutu British Middle East Centre for Studies and Research se s\u00eddlem v Bahrajnu.<\/p>\n\n\n\n<p class=\"wp-block-paragraph\">Muslimov\u00e9 podle n\u011bj objevili nejv\u011bt\u0161\u00ed slabinu Z\u00e1padu; p\u0159em\u00edru tolerance. \u201eVyu\u017e\u00edvaj\u00ed va\u0161i svobodu projevu k obhajob\u011b terorist\u016f z Muslimsk\u00e9ho bratrstva. Vyu\u017e\u00edvaj\u00ed va\u0161e soudy k ochran\u011b s\u00edt\u00ed Ham\u00e1su a \u00cdr\u00e1nu. Vyu\u017e\u00edvaj\u00ed obvin\u011bn\u00ed z \u201eislamofobie\u201c k zastra\u0161ov\u00e1n\u00ed kritik\u016f. Vyu\u017e\u00edvaj\u00ed demokracii jako \u017eeb\u0159\u00edk k moci a pot\u00e9 \u00fato\u010d\u00ed na ty sam\u00e9 hodnoty, kter\u00e9 tento \u017eeb\u0159\u00edk vybudovaly. V\u010dera si ideologie Muslimsk\u00e9ho bratrstva \u017e\u00e1dala prostor. Dnes si \u017e\u00e1d\u00e1 politick\u00fd vliv. Z\u00edtra bude po\u017eadovat, abyste ml\u010deli. P\u0159esta\u0148te zam\u011b\u0148ovat zbab\u011blost za toleranci,\u201c varuje Taha Z\u00e1pad.<\/p>\n\n\n\n<h4 class=\"wp-block-heading\">Zahajte vy\u0161et\u0159ov\u00e1n\u00ed<\/h4>\n\n\n\n<p class=\"wp-block-paragraph\">Podle Tahy je nezbytn\u00e9, aby \u00fa\u0159ady okam\u017eit\u011b zah\u00e1jily d\u016fkladn\u00e9 vy\u0161et\u0159ov\u00e1n\u00ed Muslimsk\u00e9ho bratrstva, postavily teroristick\u00e9 organizace v Evrop\u011b mimo z\u00e1kon a tvrd\u011b postupovaly proti financov\u00e1n\u00ed neleg\u00e1ln\u00edch aktivit. Taha v t\u00e9to souvislosti apeluje na to, aby byli cizinci spl\u0148uj\u00edc\u00ed z\u00e1konn\u00e9 p\u0159edpoklady k vyho\u0161t\u011bn\u00ed kv\u016fli terorismu \u010di z\u00e1va\u017en\u00e9 kriminalit\u011b bez milosti deportov\u00e1ni, a zd\u016fraz\u0148uje, \u017ee hostitelsk\u00e9 st\u00e1ty nesm\u00ed extremistick\u00fdm osob\u00e1m nikdy dovolit, aby z\u00edskan\u00e9 ob\u010danstv\u00ed zneu\u017eily jako zbra\u0148 proti zemi, kter\u00e1 jim poskytla azyl.<\/p>\n\n\n\n<p class=\"wp-block-paragraph\">\u201eVa\u0161e d\u011bti by nem\u011bly zd\u011bdit zemi, kter\u00e1 se boj\u00ed br\u00e1nit sv\u00e9 vlastn\u00ed z\u00e1kony, svobody a civilizaci. Demokracie nen\u00ed sebevra\u017eedn\u00e1 smlouva. Tolerance nen\u00ed kapitulace. Svoboda nevy\u017eaduje, abyste extremist\u016fm d\u00e1vali n\u00e1stroje k jej\u00edmu zni\u010den\u00ed. Probu\u010fte se. Bra\u0148te svou zemi. Bra\u0148te sv\u00e9 d\u011bti. Bra\u0148te svou civilizaci, ne\u017e ti, kdo ji pohrdaj\u00ed, z\u00edskaj\u00ed dostatek moci, aby ur\u010dovali jej\u00ed budoucnost,\u201c varuje Taha Evropu. \u201eB\u016fh \u017eehnej va\u0161\u00ed kr\u00e1sn\u00e9 civilizaci a chra\u0148 ji p\u0159ed extremismem, terorismem a zaostalost\u00ed,\u201c lou\u010d\u00ed se Taha se \u010dten\u00e1\u0159i.<\/p>\n\n\n\n<p class=\"wp-block-paragraph\"><em><strong>Amjad Taha<\/strong>&nbsp;(* nar. 1984, Ahvaz, \u00cdr\u00e1n) je britsko-arabsk\u00fd politick\u00fd koment\u00e1tor, strat\u00e9g a publicista p\u016fsob\u00edc\u00ed v oblasti Persk\u00e9ho z\u00e1livu. P\u016fsob\u00ed v p\u0159edn\u00edch akademick\u00fdch instituc\u00edch, vystupuje v respektovan\u00fdch mezin\u00e1rodn\u00edch m\u00e9di\u00edch a jeho profily na soci\u00e1ln\u00edch s\u00edt\u00edch sleduj\u00ed miliony lid\u00ed v\u010detn\u011b hybatel\u016f sv\u011btov\u00e9 politiky.<\/em><\/p>\n\n\n\n<p class=\"wp-block-paragraph\">Tento \u010dl\u00e1nek p\u0159\u00edmo v textu aktivn\u011b odkazuje na tyto zdroje:<\/p>\n\n\n\n<p class=\"wp-block-paragraph\"><a href=\"https:\/\/twitter.com\">https:\/\/twitter.com<\/a><\/p>\n","protected":false},"excerpt":{"rendered":"<p>Probu\u010fte se a bra\u0148te se. Vlivn\u00fd Arab napsal otev\u0159en\u00fd dopis Evrop\u011b 31.08.2026 13:55 | Monitoring autor:&nbsp;Jan Novotn\u00fd O jeho slovech mluv\u00ed cel\u00e1 soci\u00e1ln\u00ed s\u00ed\u0165 X. Emir\u00e1tsk\u00fd expert na strategick\u00e9 a politick\u00e9 z\u00e1le\u017eitosti Amjad Taha napsal stroh\u00fd otev\u0159en\u00fd dopis Z\u00e1padu. Islamistick\u00e9 s\u00edt\u011b podle Tahy zneu\u017e\u00edvaj\u00ed demokratick\u00fd syst\u00e9m a toleranci Evropy k tomu, aby star\u00fd kontinent ovl\u00e1dly &hellip; <a href=\"https:\/\/www.podivinsky.cz\/?p=24985\" class=\"more-link\">Pokra\u010dov\u00e1n\u00ed textu <span class=\"screen-reader-text\">A nen\u00ed u\u017e pozd\u011b, soudruzi ve zbrani?<\/span> <span class=\"meta-nav\">&rarr;<\/span><\/a><\/p>\n","protected":false},"author":1,"featured_media":0,"comment_status":"closed","ping_status":"closed","sticky":false,"template":"","format":"standard","meta":{"footnotes":""},"categories":[9],"tags":[],"class_list":["post-24985","post","type-post","status-publish","format-standard","hentry","category-pc"],"_links":{"self":[{"href":"https:\/\/www.podivinsky.cz\/index.php?rest_route=\/wp\/v2\/posts\/24985","targetHints":{"allow":["GET"]}}],"collection":[{"href":"https:\/\/www.podivinsky.cz\/index.php?rest_route=\/wp\/v2\/posts"}],"about":[{"href":"https:\/\/www.podivinsky.cz\/index.php?rest_route=\/wp\/v2\/types\/post"}],"author":[{"embeddable":true,"href":"https:\/\/www.podivinsky.cz\/index.php?rest_route=\/wp\/v2\/users\/1"}],"replies":[{"embeddable":true,"href":"https:\/\/www.podivinsky.cz\/index.php?rest_route=%2Fwp%2Fv2%2Fcomments&post=24985"}],"version-history":[{"count":1,"href":"https:\/\/www.podivinsky.cz\/index.php?rest_route=\/wp\/v2\/posts\/24985\/revisions"}],"predecessor-version":[{"id":24986,"href":"https:\/\/www.podivinsky.cz\/index.php?rest_route=\/wp\/v2\/posts\/24985\/revisions\/24986"}],"wp:attachment":[{"href":"https:\/\/www.podivinsky.cz\/index.php?rest_route=%2Fwp%2Fv2%2Fmedia&parent=24985"}],"wp:term":[{"taxonomy":"category","embeddable":true,"href":"https:\/\/www.podivinsky.cz\/index.php?rest_route=%2Fwp%2Fv2%2Fcategories&post=24985"},{"taxonomy":"post_tag","embeddable":true,"href":"https:\/\/www.podivinsky.cz\/index.php?rest_route=%2Fwp%2Fv2%2Ftags&post=24985"}],"curies":[{"name":"wp","href":"https:\/\/api.w.org\/{rel}","templated":true}]}}