{"id":24987,"date":"2026-09-01T08:13:12","date_gmt":"2026-09-01T07:13:12","guid":{"rendered":"https:\/\/www.podivinsky.cz\/?p=24987"},"modified":"2026-09-01T08:13:21","modified_gmt":"2026-09-01T07:13:21","slug":"umelci-k-nezaplaceni-odplata-za-akci-poplatky-za-ct-jsou-moc-male","status":"publish","type":"post","link":"https:\/\/www.podivinsky.cz\/?p=24987","title":{"rendered":"Um\u011blci k nezaplacen\u00ed. Odplata za akci \u201epoplatky za \u010cT jsou moc mal\u00e9\u201c"},"content":{"rendered":"\n<p class=\"wp-block-paragraph\"><strong>PS: po 1. vy\u017e\u00edrce se jich zase vyrojilo&#8230;<\/strong><\/p>\n\n\n\n<p class=\"wp-block-paragraph\">Spustit \u010dten\u00ed \u010dl\u00e1nku<\/p>\n\n\n\n<p class=\"wp-block-paragraph\">Tato funkce je dostupn\u00e1 jen pro p\u0159ihl\u00e1\u0161en\u00e9 u\u017eivatele&nbsp;<a href=\"https:\/\/www.parlamentnilisty.cz\/predplatne\">s aktivn\u00edm p\u0159edplatn\u00fdm<\/a>&nbsp;typu Lep\u0161\u00ed \u010dten\u00ed a vy\u0161\u0161\u00ed. P\u0159edplatn\u00e9 i Pr\u00e9miov\u00e9 body PL m\u016f\u017eete z\u00edskat i zdarma,&nbsp;<a href=\"https:\/\/www.parlamentnilisty.cz\/napoveda\/Premiove-body-ParlamentniListy-cz-759170\">p\u0159e\u010dt\u011bte si v\u00edce v tomto \u010dl\u00e1nku<\/a>. \u010cten\u00ed \u010dl\u00e1nk\u016f pou\u017e\u00edv\u00e1&nbsp;<a href=\"https:\/\/www.parlamentnilisty.cz\/redakce\/Pouzivani-AI-v-redakci-ParlamentniListy-cz-794299#synteticky-hlas\">syntetick\u00fd hlas (AI)<\/a>.&nbsp;<\/p>\n\n\n\n<p class=\"wp-block-paragraph\">01.09.2026 7:42 | Koment\u00e1\u0159<\/p>\n\n\n\n<p class=\"wp-block-paragraph\"><em>autor:&nbsp;<a href=\"https:\/\/www.parlamentnilisty.cz\/redakce\/autor\/Na%C4%8Fa%20Borsk%C3%A1\"><strong>Na\u010fa Borsk\u00e1<\/strong><\/a><\/em><\/p>\n\n\n\n<p class=\"wp-block-paragraph\"><strong>Na \u201epokryteckou bandu samozvan\u00fdch vyvolen\u00fdch, co jdou jen po na\u0161ich pen\u011bz\u00edch\u201c si ve sv\u00e9m nejnov\u011bj\u0161\u00edm koment\u00e1\u0159i posv\u00edtil publicista Petr Holec. Festival Soundtrack Pod\u011bbrady podle n\u011bj uk\u00e1zal, jak si na\u0161i \u201eum\u011blci\u201c n\u00e1rokuj\u00ed pen\u00edze da\u0148ov\u00fdch poplatn\u00edk\u016f, zat\u00edmco t\u00fdmi\u017e lidmi ve\u0159ejn\u011b pohrdaj\u00ed.<\/strong><\/p>\n\n\n\n<figure class=\"wp-block-image\"><img decoding=\"async\" src=\"https:\/\/cms.parlamentnilisty.cz\/image.ashx?w=632&amp;h=307&amp;f=HNS_7199_639176624858324275.JPG&amp;id=202663\" alt=\"Um\u011blci k nezaplacen\u00ed. Odplata za akci \u201epoplatky za \u010cT jsou moc mal\u00e9\u201c\"\/><figcaption class=\"wp-element-caption\"><small>Foto:&nbsp;<strong>Hans \u0160tembera<\/strong><br>Popisek:&nbsp;<strong>Demonstrace a pochod p\u0159ed \u010ceskou televizi za odvol\u00e1n\u00ed ministra kultury Oto Klemp\u00ed\u0159e a na podporu ve\u0159ejnopr\u00e1vn\u00edch m\u00e9di\u00ed<\/strong><\/small><\/figcaption><\/figure>\n\n\n\n<p class=\"wp-block-paragraph\"><\/p>\n\n\n\n<p class=\"wp-block-paragraph\">Publicista Petr Holec zve\u0159ejnil na platform\u011b Opinio nov\u00fd p\u0159\u00edsp\u011bvek ve sv\u00e9 rubrice \u010cist\u00fd \u0159ez. Aktu\u00e1ln\u00ed&nbsp;<a href=\"https:\/\/pholec.opinio.cz\/nasi-umelci-k-nezaplaceni\">koment\u00e1\u0159<\/a>&nbsp;je o \u201eum\u011blc\u00edch\u201c k&nbsp;nezaplacen\u00ed.<\/p>\n\n\n\n<p class=\"wp-block-paragraph\">V\u011bnuje se v n\u011bm v\u00fdrok\u016fm n\u011bkter\u00fdch \u201eum\u011blc\u016f\u201c, a to nejen na festivalu&nbsp;<a href=\"https:\/\/soundtrackfestival.cz\/\">Soundtrack Pod\u011bbrady<\/a>. O doty\u010dn\u00fdch se vyj\u00e1d\u0159il jako o \u201epokryteck\u00e9 band\u011b samozvan\u00fdch vyvolen\u00fdch, co jdou jen po na\u0161ich pen\u011bz\u00edch\u201c.<\/p>\n\n\n\n<h4 class=\"wp-block-heading\">Festival v \u010derven\u00fdch \u010d\u00edslech<\/h4>\n\n\n\n<p class=\"wp-block-paragraph\">Parlamentn\u00edListy.cz publikovaly&nbsp;<a href=\"https:\/\/www.parlamentnilisty.cz\/zpravy\/kauzy\/-Platte-poplatky-jsou-strasne-male-Rychlikova-na-jevisti-a-urazka-Klempire-796145\">report\u00e1\u017e<\/a>&nbsp;z akce. Na zakon\u010den\u00ed festivalu se odehr\u00e1la diskuse, v n\u00ed\u017e se hovo\u0159ilo tak\u00e9 o tom, \u017ee ve\u0159ejnopr\u00e1vn\u00ed m\u00e9dia d\u00e1vaj\u00ed prostor um\u011blc\u016fm i projekt\u016fm, kter\u00e9 by jinde vzniknout nemusely. Ozvala se kritika z\u00e1m\u011bru vl\u00e1dy zru\u0161it koncesion\u00e1\u0159sk\u00e9 poplatky.<\/p>\n\n\n\n<h2 class=\"wp-block-heading\">Psali jsme:<\/h2>\n\n\n\n<ul class=\"wp-block-list\">\n<li><a href=\"https:\/\/www.parlamentnilisty.cz\/zpravy\/kauzy\/-Platte-poplatky-jsou-strasne-male-Rychlikova-na-jevisti-a-urazka-Klempire-796145\">\u201ePla\u0165te poplatky, jsou stra\u0161n\u011b mal\u00e9.\u201c Rychl\u00edkov\u00e1 na jevi\u0161ti a ur\u00e1\u017eka Klemp\u00ed\u0159e<\/a><\/li>\n<\/ul>\n\n\n\n<p class=\"wp-block-paragraph\">Po\u0159adatel festivalu Michal Dvo\u0159\u00e1k hovo\u0159il o pot\u0159eb\u011b bojovat proti \u201eovl\u00e1dnut\u00ed\u201c \u010cesk\u00e9ho rozhlasu a \u010cesk\u00e9 televize \u201eAndrejem Babi\u0161em a jeho par\u0165\u00e1ky\u201c a n\u00e1sledn\u011b se rozpov\u00eddal i o samotn\u00e9m festivalu a jeho podpo\u0159e. Post\u011b\u017eoval si, \u017ee se mu festival st\u00e1le neda\u0159\u00ed dostat z \u010derven\u00fdch \u010d\u00edsel, jeliko\u017e jde o finan\u010dn\u011b n\u00e1ro\u010dnou akci, kter\u00e1 ale z\u00e1rove\u0148 spad\u00e1 do kategorie alternativn\u00edch festival\u016f a m\u00e1 tedy probl\u00e9m se z\u00edsk\u00e1v\u00e1n\u00edm dotac\u00ed.<\/p>\n\n\n\n<p class=\"wp-block-paragraph\">To, \u017ee festival dle n\u011bj nez\u00edsk\u00e1v\u00e1 v\u00edcero pen\u011bz ze st\u00e1tn\u00edho rozpo\u010dtu, pova\u017euje za \u201esyst\u00e9movou chybu\u201c. \u201eNem\u00e1me \u0161anci za jeden\u00e1ct let z toho ministerstva kultury n\u011bco vyz\u00edskat,\u201c kritizoval zakladatel festivalu Soundtrack Pod\u011bbrady, jen\u017e je rovn\u011b\u017e zakl\u00e1daj\u00edc\u00ed \u010dlen skupiny Lucie a i v r\u00e1mci sv\u00fdch dal\u0161\u00edch projekt\u016f spolupracovn\u00edk \u010cT a \u010cRo.<\/p>\n\n\n\n<p class=\"wp-block-paragraph\">Nar\u00e1\u017eel tak na to, \u017ee akce nedost\u00e1v\u00e1 dotace od resortu kultury. Miliony korun z ve\u0159ejn\u00fdch pen\u011bz chod\u00ed ka\u017edoro\u010dn\u011b na Soundtrack Pod\u011bbrady od tohoto l\u00e1ze\u0148sk\u00e9ho m\u011bsta i od St\u0159edo\u010desk\u00e9ho kraje, av\u0161ak p\u0159esto\u017ee jsou placen\u00e9 i samotn\u00e9 filmov\u00e9 projekce a festival m\u00e1 mnoho sponzor\u016f, ani milionov\u00e9 dotace dle Dvo\u0159\u00e1ka nesta\u010d\u00ed. Dle jeho slov m\u016f\u017ee jeden ve\u010der prom\u00edt\u00e1n\u00ed s orchestrem vyj\u00edt na dva miliony korun a p\u0159\u00edjmy od plat\u00edc\u00edch div\u00e1k\u016f tak nesta\u010d\u00ed.<\/p>\n\n\n\n<h4 class=\"wp-block-heading\">\u201eLep\u0161\u00ed lid\u00e9\u201c ur\u00e1\u017eej\u00ed voli\u010de vl\u00e1dy kv\u016fli pen\u011bz\u016fm<\/h4>\n\n\n\n<p class=\"wp-block-paragraph\"><\/p>\n\n\n\n<p class=\"wp-block-paragraph\">Holec konstatuje, \u017ee \u201ejak vel\u00ed bonton lep\u0161\u00edch lid\u00ed, pozur\u00e1\u017eel voli\u010de vl\u00e1dy\u201c, kdy\u017e \u0159ekl: \u201eJim sta\u010d\u00ed, kdy\u017e Babi\u0161 \u0159ekne, \u017ee jim u\u0161et\u0159\u00ed dv\u011b stovky.\u201c Na\u010de\u017e se za\u010dal od stejn\u00fdch lid\u00ed do\u017eadovat mnohem v\u00edc ne\u017e dvou stovek.<\/p>\n\n\n\n<p class=\"wp-block-paragraph\">Podotkl, \u017ee miliony korun na festival po\u0159adatel \u201edoj\u00ed jen od m\u011bsta a kraje, kter\u00e9 je samoz\u0159ejm\u011b doj\u00ed z lid\u00ed\u201c, zat\u00edmco n\u00e1v\u0161t\u011bvn\u00edci festivalu na vstupn\u00e9m nezaplat\u00ed dost. A proto si n\u00e1rokuje i pen\u00edze z&nbsp;ministerstva kultury.<\/p>\n\n\n\n<p class=\"wp-block-paragraph\">Koment\u00e1tor konstatuje, \u017ee stejn\u011b jako Dvo\u0159\u00e1k si \u201ena\u0161e pen\u00edze po cel\u00e9m \u010cesku st\u00e1le v\u00edce n\u00e1rokuj\u00ed i dal\u0161\u00ed \u201aum\u011blci\u2018, kte\u0159\u00ed n\u00e1mi jinak r\u00e1di pohrdaj\u00ed\u201c.<\/p>\n\n\n\n<p class=\"wp-block-paragraph\">Holec v ironick\u00e9m duchu uvedl, \u017ee \u201emoud\u0159\u00ed lid\u00e9 ze \u201aspr\u00e1vn\u00e9 strany\u2018 jako Dvo\u0159\u00e1k r\u00e1di pou\u010duj\u00ed n\u00e1s z&nbsp;nespr\u00e1vn\u00e9 strany, \u017ee se o sebe m\u00e1me postarat sami, proto\u017ee tu st\u00e1t nen\u00ed od toho, aby se o n\u00e1s staral\u201c. \u201eNa\u010de\u017e se na vlastn\u00edm festivalu rozbre\u010d\u00ed, \u017ee se st\u00e1t nestar\u00e1 o n\u011b,\u201c upozornil publicista.<\/p>\n\n\n\n<p class=\"wp-block-paragraph\">Holcov\u011b \u010cist\u00e9mu \u0159ezu neunikla ani novin\u00e1\u0159ka Apolena Rychl\u00edkov\u00e1, kter\u00e1 tak\u00e9 \u201er\u00e1da \u201atvo\u0159\u00ed\u2018 za pen\u00edze ostatn\u00edch lid\u00ed\u201c, proto se \u201es&nbsp;jej\u00edmi my\u0161lenkami \u010dasto setk\u00e1te ve st\u00e1tn\u00edm \u010cesk\u00e9m rozhlase nebo \u010cesk\u00e9 televizi\u201c. Podle koment\u00e1tora ani nep\u0159ekvap\u00ed, kdy\u017e Rychl\u00edkov\u00e1 v&nbsp;Pod\u011bbradech \u0159ekla, \u017ee za ob\u011b m\u00e9dia plat\u00edme \u201estra\u0161n\u011b m\u00e1lo pen\u011bz\u201c.<\/p>\n\n\n\n<p class=\"wp-block-paragraph\">Cel\u00fd koment\u00e1\u0159 si m\u016f\u017eete p\u0159e\u010d\u00edst&nbsp;<a href=\"https:\/\/pholec.opinio.cz\/nasi-umelci-k-nezaplaceni\">ZDE<\/a>.<\/p>\n\n\n\n<p class=\"wp-block-paragraph\">Vl\u00e1da Andreje Babi\u0161e (ANO) p\u0159itom zpracovala n\u00e1vrh&nbsp;<a href=\"https:\/\/www.komora.cz\/pravni-predpis\/101-26-statni-kulturni-politika-crt4-8-2026\/\" rel=\"noopener\" target=\"_blank\">St\u00e1tn\u00ed kulturn\u00ed politiky vl\u00e1dy \u010cesk\u00e9 republiky na obdob\u00ed 2026\u20132030+<\/a>. C\u00edlem dokumentu je stanovit priority a strategick\u00e9 c\u00edle kulturn\u00ed politiky vl\u00e1dy v n\u00e1vaznosti na Programov\u00e9 prohl\u00e1\u0161en\u00ed vl\u00e1dy \u010cesk\u00e9 republiky, vytvo\u0159it jednotn\u00fd r\u00e1mec pro \u010dinnost Ministerstva kultury a dal\u0161\u00edch dot\u010den\u00fdch org\u00e1n\u016f ve\u0159ejn\u00e9 spr\u00e1vy a zajistit p\u0159edv\u00eddateln\u00e9 \u0159\u00edzen\u00ed rozvoje kultury v \u010cesk\u00e9 republice. N\u00e1sledovala vlna kritiky ze strany um\u011blc\u016f, kte\u0159\u00ed si st\u011b\u017eovali na \u201e<a href=\"https:\/\/www.parlamentnilisty.cz\/arena\/monitor\/Herci-jdou-do-boje-za-kulturu-Natocili-VIDEO-pro-Babise-795605\" target=\"_blank\" rel=\"noopener\">chaotick\u00e9 kroky<\/a>\u201c ministra kultury Oty Klemp\u00ed\u0159e (Motorist\u00e9). Materi\u00e1l pak m\u011bl b\u00fdt z programu jedn\u00e1n\u00ed vl\u00e1dy&nbsp;<a href=\"https:\/\/www.respekt.cz\/cesko\/klempirovu-kulturni-politiku-vlada-probirat-nebude-babis-nechal-spornou-koncepci-stahnout\" rel=\"noopener\" target=\"_blank\">sta\u017een<\/a>.<\/p>\n","protected":false},"excerpt":{"rendered":"<p>PS: po 1. vy\u017e\u00edrce se jich zase vyrojilo&#8230; Spustit \u010dten\u00ed \u010dl\u00e1nku Tato funkce je dostupn\u00e1 jen pro p\u0159ihl\u00e1\u0161en\u00e9 u\u017eivatele&nbsp;s aktivn\u00edm p\u0159edplatn\u00fdm&nbsp;typu Lep\u0161\u00ed \u010dten\u00ed a vy\u0161\u0161\u00ed. P\u0159edplatn\u00e9 i Pr\u00e9miov\u00e9 body PL m\u016f\u017eete z\u00edskat i zdarma,&nbsp;p\u0159e\u010dt\u011bte si v\u00edce v tomto \u010dl\u00e1nku. \u010cten\u00ed \u010dl\u00e1nk\u016f pou\u017e\u00edv\u00e1&nbsp;syntetick\u00fd hlas (AI).&nbsp; 01.09.2026 7:42 | Koment\u00e1\u0159 autor:&nbsp;Na\u010fa Borsk\u00e1 Na \u201epokryteckou bandu samozvan\u00fdch vyvolen\u00fdch, &hellip; <a href=\"https:\/\/www.podivinsky.cz\/?p=24987\" class=\"more-link\">Pokra\u010dov\u00e1n\u00ed textu <span class=\"screen-reader-text\">Um\u011blci k nezaplacen\u00ed. Odplata za akci \u201epoplatky za \u010cT jsou moc mal\u00e9\u201c<\/span> <span class=\"meta-nav\">&rarr;<\/span><\/a><\/p>\n","protected":false},"author":1,"featured_media":0,"comment_status":"closed","ping_status":"closed","sticky":false,"template":"","format":"standard","meta":{"footnotes":""},"categories":[9],"tags":[],"class_list":["post-24987","post","type-post","status-publish","format-standard","hentry","category-pc"],"_links":{"self":[{"href":"https:\/\/www.podivinsky.cz\/index.php?rest_route=\/wp\/v2\/posts\/24987","targetHints":{"allow":["GET"]}}],"collection":[{"href":"https:\/\/www.podivinsky.cz\/index.php?rest_route=\/wp\/v2\/posts"}],"about":[{"href":"https:\/\/www.podivinsky.cz\/index.php?rest_route=\/wp\/v2\/types\/post"}],"author":[{"embeddable":true,"href":"https:\/\/www.podivinsky.cz\/index.php?rest_route=\/wp\/v2\/users\/1"}],"replies":[{"embeddable":true,"href":"https:\/\/www.podivinsky.cz\/index.php?rest_route=%2Fwp%2Fv2%2Fcomments&post=24987"}],"version-history":[{"count":1,"href":"https:\/\/www.podivinsky.cz\/index.php?rest_route=\/wp\/v2\/posts\/24987\/revisions"}],"predecessor-version":[{"id":24988,"href":"https:\/\/www.podivinsky.cz\/index.php?rest_route=\/wp\/v2\/posts\/24987\/revisions\/24988"}],"wp:attachment":[{"href":"https:\/\/www.podivinsky.cz\/index.php?rest_route=%2Fwp%2Fv2%2Fmedia&parent=24987"}],"wp:term":[{"taxonomy":"category","embeddable":true,"href":"https:\/\/www.podivinsky.cz\/index.php?rest_route=%2Fwp%2Fv2%2Fcategories&post=24987"},{"taxonomy":"post_tag","embeddable":true,"href":"https:\/\/www.podivinsky.cz\/index.php?rest_route=%2Fwp%2Fv2%2Ftags&post=24987"}],"curies":[{"name":"wp","href":"https:\/\/api.w.org\/{rel}","templated":true}]}}