{"id":3363,"date":"2019-05-05T07:33:10","date_gmt":"2019-05-05T06:33:10","guid":{"rendered":"http:\/\/www.podivinsky.cz\/?p=3363"},"modified":"2019-05-05T07:33:22","modified_gmt":"2019-05-05T06:33:22","slug":"prezident-srbska","status":"publish","type":"post","link":"https:\/\/www.podivinsky.cz\/?p=3363","title":{"rendered":"Prezident Srbska"},"content":{"rendered":"\n<p> Vu\u010di\u0107 z\u00edskal u\u017e v 1. kole voleb 56 procent hlas\u016f ob\u010dan\u016f. \u00a0<\/p>\n\n\n\n<p>Nov\u011b zvolen\u00fd srbsk\u00fd prezident Aleksander Vu\u010di\u010d se vyj\u00e1d\u0159il ohledn\u011b vstupu Srbska do NATO: \u00a0My, Srbov\u00e9 nikdy nezapomeneme, co NATO ud\u011blalo na\u0161\u00ed\u00a0 zemi, srbsk\u00fd lid nezapom\u00edn\u00e1, a proto nikdy do NATO nevstoup\u00edme. Srbsko nen\u00ed bohat\u00e1 zem\u011b, ale je hrd\u00e1 a\u00a0n\u00e1\u0161 osud bude ur\u010dovat n\u00e1\u0161 n\u00e1rod, ne EU ani NATO.\u00a0\u00a0Stejn\u011b nikdy nedovol\u00edme, aby bylo Srbsko pou\u017eit\u00e9 jako n\u00e1stroj n\u00e1tlaku proti bratrsk\u00e9mu rusk\u00e9mu n\u00e1rodu. Srbsk\u00fd n\u00e1rod a rusk\u00fd n\u00e1rod spole\u010dn\u011b bojovali a um\u00edrali\u00a0 cel\u00e1 stalet\u00ed, proto n\u00e1s spojuje pouto nejsiln\u011bj\u0161\u00ed. Srbsko nikdy neprod\u00e1 svoji hrdost ani svobodu za \u017e\u00e1dn\u00e9 pen\u00edze, ani jin\u00e9 v\u00fdhody. Nikdy nedovol\u00edme, aby n\u00e1m Evropsk\u00e1 unie vnutila fale\u0161nou solidaritu ohledn\u011b p\u0159ijet\u00ed imigrant\u016f. My jsme nebombardovali ani S\u00fdrii ani jin\u00e9 st\u00e1ty, a proto nedovol\u00edme, aby Srbsko ohro\u017eovaly hordy ute\u010denc\u016f.<\/p>\n\n\n\n<p>Sly\u0161eli jste v na\u0161ich m\u00e9di\u00edch o nov\u00e9m prezidentu Srbsk\u00e9 republiky. A o tomto jeho prohl\u00e1\u0161en\u00ed? Ani slovo, ticho po p\u011b\u0161in\u011b.\u00a0 <\/p>\n","protected":false},"excerpt":{"rendered":"<p>Vu\u010di\u0107 z\u00edskal u\u017e v 1. kole voleb 56 procent hlas\u016f ob\u010dan\u016f. \u00a0 Nov\u011b zvolen\u00fd srbsk\u00fd prezident Aleksander Vu\u010di\u010d se vyj\u00e1d\u0159il ohledn\u011b vstupu Srbska do NATO: \u00a0My, Srbov\u00e9 nikdy nezapomeneme, co NATO ud\u011blalo na\u0161\u00ed\u00a0 zemi, srbsk\u00fd lid nezapom\u00edn\u00e1, a proto nikdy do NATO nevstoup\u00edme. Srbsko nen\u00ed bohat\u00e1 zem\u011b, ale je hrd\u00e1 a\u00a0n\u00e1\u0161 osud bude ur\u010dovat n\u00e1\u0161 &hellip; <a href=\"https:\/\/www.podivinsky.cz\/?p=3363\" class=\"more-link\">Pokra\u010dov\u00e1n\u00ed textu <span class=\"screen-reader-text\">Prezident Srbska<\/span> <span class=\"meta-nav\">&rarr;<\/span><\/a><\/p>\n","protected":false},"author":1,"featured_media":0,"comment_status":"closed","ping_status":"closed","sticky":false,"template":"","format":"standard","meta":{"footnotes":""},"categories":[9],"tags":[],"class_list":["post-3363","post","type-post","status-publish","format-standard","hentry","category-pc"],"_links":{"self":[{"href":"https:\/\/www.podivinsky.cz\/index.php?rest_route=\/wp\/v2\/posts\/3363","targetHints":{"allow":["GET"]}}],"collection":[{"href":"https:\/\/www.podivinsky.cz\/index.php?rest_route=\/wp\/v2\/posts"}],"about":[{"href":"https:\/\/www.podivinsky.cz\/index.php?rest_route=\/wp\/v2\/types\/post"}],"author":[{"embeddable":true,"href":"https:\/\/www.podivinsky.cz\/index.php?rest_route=\/wp\/v2\/users\/1"}],"replies":[{"embeddable":true,"href":"https:\/\/www.podivinsky.cz\/index.php?rest_route=%2Fwp%2Fv2%2Fcomments&post=3363"}],"version-history":[{"count":1,"href":"https:\/\/www.podivinsky.cz\/index.php?rest_route=\/wp\/v2\/posts\/3363\/revisions"}],"predecessor-version":[{"id":3364,"href":"https:\/\/www.podivinsky.cz\/index.php?rest_route=\/wp\/v2\/posts\/3363\/revisions\/3364"}],"wp:attachment":[{"href":"https:\/\/www.podivinsky.cz\/index.php?rest_route=%2Fwp%2Fv2%2Fmedia&parent=3363"}],"wp:term":[{"taxonomy":"category","embeddable":true,"href":"https:\/\/www.podivinsky.cz\/index.php?rest_route=%2Fwp%2Fv2%2Fcategories&post=3363"},{"taxonomy":"post_tag","embeddable":true,"href":"https:\/\/www.podivinsky.cz\/index.php?rest_route=%2Fwp%2Fv2%2Ftags&post=3363"}],"curies":[{"name":"wp","href":"https:\/\/api.w.org\/{rel}","templated":true}]}}