{"id":3368,"date":"2019-05-07T05:43:46","date_gmt":"2019-05-07T04:43:46","guid":{"rendered":"http:\/\/www.podivinsky.cz\/?p=3368"},"modified":"2019-05-07T05:43:57","modified_gmt":"2019-05-07T04:43:57","slug":"mate-co-jste-chteli-2","status":"publish","type":"post","link":"https:\/\/www.podivinsky.cz\/?p=3368","title":{"rendered":"M\u00e1te co jste cht\u011bli!"},"content":{"rendered":"\n<p>V\u00c1LKA V D\u00c1NSKU \u2013 \u010cT a dal\u0161\u00ed na\u0161e media jako obvykle ml\u010d\u00ed. V D\u00e1nsku se hrout\u00ed pr\u00e1vn\u00ed st\u00e1t d\u00edky tomu, \u017ee \u201en\u00edzkofrekven\u010dn\u00ed d\u017eih\u00e1d a gangy migrant\u016f p\u0159eb\u00edraj\u00ed ulice. D\u00e1nsk\u00e1 vl\u00e1da by nem\u011bla b\u00fdt p\u0159ekvapena. Ale zd\u00e1 se, \u017ee je.<\/p>\n\n\n\n<p><strong>Tis\u00edce incident\u016f zahrnuj\u00edc\u00ed uvoln\u011bn\u00e9 \u0161rouby kol na vozidlech, velk\u00e9 kameny, traverzy nebo barely s olejem h\u00e1zen\u00e9 z d\u00e1lni\u010dn\u00edch p\u0159ejezd\u016f, a tenk\u00e9 ocelov\u00e9 dr\u00e1ty nap\u00ednan\u00e9 na cyklistick\u00fdch cest\u00e1ch, kter\u00e9 maj\u00ed st\u00ednat hlavy nic netu\u0161\u00edc\u00edm cyklist\u016fm, roz\u0161i\u0159uj\u00ed mezi D\u00e1ny rostouc\u00ed pocit hr\u016fzy.<\/strong><strong><br>Ve v\u011bt\u0161in\u011b p\u0159\u00edpad\u016f se uk\u00e1zalo, \u017ee pachatel\u00e9 poch\u00e1zej\u00ed ze zem\u00ed MENAP (St\u0159edn\u00ed v\u00fdchod a\u017e po Pakist\u00e1n a severn\u00ed Afrika).<\/strong><\/p>\n\n\n\n<p>V posledn\u00edm v\u00fdvoji toho, co bylo charakterizov\u00e1no jako \u201emasivn\u00ed n\u00edzkofrekven\u010dn\u00ed d\u017eih\u00e1d, gangy migrant\u016f a uprchl\u00edk\u016f arabsk\u00e9ho \u010di severoafrick\u00e9ho p\u016fvodu nyn\u00ed n\u00e1hodn\u011b st\u0159\u00edl\u00ed nic netu\u0161\u00edc\u00ed lidi v hlavn\u00edm m\u011bst\u011b Kodani, \u010d\u00edm\u017e ohro\u017euj\u00ed \u017eivot m\u00edstn\u00edch obyvatel i n\u00e1v\u0161t\u011bvn\u00edk\u016f tohoto obl\u00edben\u00e9ho turistick\u00e9ho m\u011bsta.<br>T\u0159i lid\u00e9 byli ji\u017e zast\u0159eleni a mnoho dal\u0161\u00edch poran\u011bno d\u00edky divok\u00e9mu \u00fasil\u00ed migrant\u016f dos\u00e1hnout ovl\u00e1dnut\u00ed&nbsp; &nbsp; &nbsp;&nbsp; &nbsp;prostoru.<br>Vzhledem k tomu, \u017ee \u00fatoky jsou zam\u011b\u0159eny zejm\u00e9na na mlad\u00e9 mu\u017ee \u2013 ve snaze minimalizovat po\u010det budouc\u00edch ob\u011bt\u00ed \u2013 d\u00e1nsk\u00e1 policie nyn\u00ed varuje v\u0161echny mu\u017ee ve v\u011bku 17 a\u017e 25 let, aby se vyhnuli ve\u0159ejn\u00fdm prostor\u016fm v Kodani.<br>Preben Bang Henriksen, mluv\u010d\u00ed d\u00e1nsk\u00e9 v\u011bt\u0161inov\u00e9 vl\u00e1dn\u00ed strany Liberal Venstre je zd\u011b\u0161en tak rychl\u00fdm poklesem bezpe\u010dnosti na ve\u0159ejn\u00fdch prostranstv\u00edch ve d\u0159\u00edve bezpe\u010dn\u00e9m a klidn\u00e9m kr\u00e1lovstv\u00ed: \u201eNem\u011bli jsme takov\u00e1<br>varov\u00e1n\u00ed od policie od druh\u00e9 sv\u011btov\u00e9 v\u00e1lky. Je to naprosto nep\u0159ijateln\u00e9,\u201c prohl\u00e1sil Preben<br>Bang Henriksen. Mluv\u010d\u00ed opozi\u010dn\u00edch soci\u00e1ln\u00edch demokrat\u016f Trine Bramsen v t\u00e9to v\u011bci souhlas\u00ed s liber\u00e1ln\u00ed vl\u00e1dou a ozna\u010dila sou\u010dasnou bezpe\u010dnostn\u00ed situaci za \u201ekatastrofu\u201c. Po cel\u00e1 desetilet\u00ed kritici isl\u00e1mu a muslimsk\u00e9 imigrace varovali p\u0159ed nezodpov\u011bdn\u00fdmi liber\u00e1ln\u00edmi politiky, kte\u0159\u00ed prosazuj\u00ed p\u0159ij\u00edm\u00e1n\u00ed migrant\u016f, zejm\u00e9na uprchl\u00edk\u016f z isl\u00e1msk\u00fdch zem\u00ed. D\u00e1n\u0161t\u00ed politici by proto nem\u011bli b\u00fdt p\u0159ekvapeni vznikem tohoto z\u00e1ke\u0159n\u00e9ho n\u00e1sil\u00ed. Ale p\u0159edst\u00edraj\u00ed \u017ee<br>jsou.<\/p>\n\n\n\n<p>Ve snaze omezit zhor\u0161en\u00ed bezpe\u010dnostn\u00ed situace a stavu pr\u00e1vn\u00edho st\u00e1tu, d\u00e1nsk\u00fd parlament souhlasil s t\u00edm, \u017ee bude na dom\u00e1c\u00edm \u00fazem\u00ed nasazena arm\u00e1da. Toto nasazen\u00ed bude d\u00e1le omezovat schopnosti D\u00e1nska plnit sv\u00e9 z\u00e1vazky v\u016f\u010di NATO, a to navzdory tomu, \u017ee vl\u00e1da sl\u00edbila americk\u00e9mu prezidentovi Donaldu Trumpovi, \u017ee zv\u00fd\u0161\u00ed v\u00fddaje D\u00e1nska na podporu<br>vojensk\u00e9 aliance. *A na\u0161e m\u00e9dia v pop\u0159ed\u00ed s \u010cT tuto \u201cmali\u010dkost\u201d jako obvykle zaml\u010duj\u00ed.* Toto byl voln\u00fd p\u0159eklad n\u00e1sleduj\u00edc\u00ed webov\u00e9 zpr\u00e1vy<\/p>\n\n\n\n<figure class=\"wp-block-embed-wordpress wp-block-embed is-type-wp-embed is-provider-wordpress\"><div class=\"wp-block-embed__wrapper\">\nhttps:\/\/www.10news.one\/danish-government-on-escalating-malicious-migrant-crime-worst-situation-since-2nd-world-war\/\n<\/div><\/figure>\n","protected":false},"excerpt":{"rendered":"<p>V\u00c1LKA V D\u00c1NSKU \u2013 \u010cT a dal\u0161\u00ed na\u0161e media jako obvykle ml\u010d\u00ed. V D\u00e1nsku se hrout\u00ed pr\u00e1vn\u00ed st\u00e1t d\u00edky tomu, \u017ee \u201en\u00edzkofrekven\u010dn\u00ed d\u017eih\u00e1d a gangy migrant\u016f p\u0159eb\u00edraj\u00ed ulice. D\u00e1nsk\u00e1 vl\u00e1da by nem\u011bla b\u00fdt p\u0159ekvapena. Ale zd\u00e1 se, \u017ee je. Tis\u00edce incident\u016f zahrnuj\u00edc\u00ed uvoln\u011bn\u00e9 \u0161rouby kol na vozidlech, velk\u00e9 kameny, traverzy nebo barely s olejem h\u00e1zen\u00e9 &hellip; <a href=\"https:\/\/www.podivinsky.cz\/?p=3368\" class=\"more-link\">Pokra\u010dov\u00e1n\u00ed textu <span class=\"screen-reader-text\">M\u00e1te co jste cht\u011bli!<\/span> <span class=\"meta-nav\">&rarr;<\/span><\/a><\/p>\n","protected":false},"author":1,"featured_media":0,"comment_status":"closed","ping_status":"closed","sticky":false,"template":"","format":"standard","meta":{"footnotes":""},"categories":[9],"tags":[],"class_list":["post-3368","post","type-post","status-publish","format-standard","hentry","category-pc"],"_links":{"self":[{"href":"https:\/\/www.podivinsky.cz\/index.php?rest_route=\/wp\/v2\/posts\/3368","targetHints":{"allow":["GET"]}}],"collection":[{"href":"https:\/\/www.podivinsky.cz\/index.php?rest_route=\/wp\/v2\/posts"}],"about":[{"href":"https:\/\/www.podivinsky.cz\/index.php?rest_route=\/wp\/v2\/types\/post"}],"author":[{"embeddable":true,"href":"https:\/\/www.podivinsky.cz\/index.php?rest_route=\/wp\/v2\/users\/1"}],"replies":[{"embeddable":true,"href":"https:\/\/www.podivinsky.cz\/index.php?rest_route=%2Fwp%2Fv2%2Fcomments&post=3368"}],"version-history":[{"count":1,"href":"https:\/\/www.podivinsky.cz\/index.php?rest_route=\/wp\/v2\/posts\/3368\/revisions"}],"predecessor-version":[{"id":3369,"href":"https:\/\/www.podivinsky.cz\/index.php?rest_route=\/wp\/v2\/posts\/3368\/revisions\/3369"}],"wp:attachment":[{"href":"https:\/\/www.podivinsky.cz\/index.php?rest_route=%2Fwp%2Fv2%2Fmedia&parent=3368"}],"wp:term":[{"taxonomy":"category","embeddable":true,"href":"https:\/\/www.podivinsky.cz\/index.php?rest_route=%2Fwp%2Fv2%2Fcategories&post=3368"},{"taxonomy":"post_tag","embeddable":true,"href":"https:\/\/www.podivinsky.cz\/index.php?rest_route=%2Fwp%2Fv2%2Ftags&post=3368"}],"curies":[{"name":"wp","href":"https:\/\/api.w.org\/{rel}","templated":true}]}}