{"id":3375,"date":"2019-05-10T05:32:20","date_gmt":"2019-05-10T04:32:20","guid":{"rendered":"http:\/\/www.podivinsky.cz\/?p=3375"},"modified":"2019-05-10T05:32:34","modified_gmt":"2019-05-10T04:32:34","slug":"t-okamura-k-notre-dame","status":"publish","type":"post","link":"https:\/\/www.podivinsky.cz\/?p=3375","title":{"rendered":"T. Okamura k Notre-Dame"},"content":{"rendered":"\n<p><a href=\"https:\/\/www.facebook.com\/tomio.cz\/?__tn__=kCH-R&amp;eid=ARAA-oFzUC2_5R9hZk4dL62BnIblzdf9MEsXFlYZitBboUSGBJWjzX7iD0767FKwoVXmyr9WMfkgVuZT&amp;hc_ref=ARRf8fVhK3F-JBKVw54VRWoF8JhHqEfyG--tNRSAxOG7S8WL4d7Kf8nrf7cNfjIIT-4&amp;fref=nf&amp;__xts__%5B0%5D=68.ARAODVe40S8-RxUbBFWmca1Ht6canDpjj4nEVQRyPQmrS90JIajG1kx6lfmMYpwJARCe4GBHO5pmYmyYU8hLl6XP_xE1Qq7zc7ac_nKoAMSHMsVA1ywYD3KAmEY5zykmmpArFAql91HF_A-BYerryHNVsXFF_zxaJ-ixeoOrJChNsuy4khPY06t3sW4OF2UewYcJFjo8PhaocflPHwRbcwFFqWCvVM-m56PY1HEmQQ41K03E4j22UVGsOKC3p1RmF-_xC8KQnbiEqvOB1n7PqpuEcA2q1rZhIfftY_rcTbrpqe9_-i8HAWRyncLkRLteklkKabCiEKnS1WC3vLTbgpqqKA\" target=\"_blank\" rel=\"noreferrer noopener\">Tomio Okamura &#8211; SPD<\/a><a href=\"https:\/\/www.facebook.com\/tomio.cz\/photos\/a.185333081477515\/2546259638718169\/?type=3&amp;__xts__%5B0%5D=68.ARAODVe40S8-RxUbBFWmca1Ht6canDpjj4nEVQRyPQmrS90JIajG1kx6lfmMYpwJARCe4GBHO5pmYmyYU8hLl6XP_xE1Qq7zc7ac_nKoAMSHMsVA1ywYD3KAmEY5zykmmpArFAql91HF_A-BYerryHNVsXFF_zxaJ-ixeoOrJChNsuy4khPY06t3sW4OF2UewYcJFjo8PhaocflPHwRbcwFFqWCvVM-m56PY1HEmQQ41K03E4j22UVGsOKC3p1RmF-_xC8KQnbiEqvOB1n7PqpuEcA2q1rZhIfftY_rcTbrpqe9_-i8HAWRyncLkRLteklkKabCiEKnS1WC3vLTbgpqqKA&amp;__tn__=H-R\" rel=\"noreferrer noopener\" target=\"_blank\">3. kv\u011btna v 20:27<\/a>&nbsp;\u00b7&nbsp;<\/p>\n\n\n\n<p>Muslimov\u00e9 maj\u00ed radost z po\u017e\u00e1ru katedr\u00e1ly Notre-Dame v Pa\u0159\u00ed\u017ei. Hafsa Askar, migrantka z Maroka a v\u00edceprezidentka N\u00e1rodn\u00ed unie student\u016f Francie (UNEF), hlavn\u00ed studentsk\u00e9 organizace ve Francii, napsala na Twitter: \u201eLid\u00e9 pl\u00e1\u010dou kv\u016fli kus\u016fm d\u0159eva&#8230; je to hysterick\u00e1 reakce uboh\u00fdch b\u011bloch\u016f.\u201c A okolo po\u017e\u00e1ru katedr\u00e1ly Notre Dame se za\u010d\u00edn\u00e1 objevovat \u0159ada podez\u0159el\u00fdch okolnost\u00ed, kter\u00e9 nazna\u010duj\u00ed, \u017ee po\u017e\u00e1r nemusel b\u00fdt n\u00e1hodou. Znepokojiv\u00e9 informace o tom p\u0159in\u00e1\u0161\u00ed profesor Pa\u0159\u00ed\u017esk\u00e9 univerzity a autor 27 knih o Francii a o Evrop\u011b Guy Milli\u00e8re z Gatestone Institutu. Ten upozor\u0148uje, \u017ee sotva hodinu pot\u00e9, co plameny za\u010daly pl\u00e1polat nad Notre-Dame \u2013 tedy v dob\u011b, kdy je\u0161t\u011b nikdo nemohl zn\u00e1t p\u0159\u00ed\u010dinu po\u017e\u00e1ru \u2013 p\u0159isp\u011bchaly francouzsk\u00e9 \u00fa\u0159ady s vysv\u011btlen\u00edm, \u017ee po\u017e\u00e1r vznikl v d\u016fsledku \u201enehody\u201c a \u017ee \u201e\u017eh\u00e1\u0159stv\u00ed je vylou\u010deno.\u201c<\/p>\n\n\n\n<p>A Benjamin Mouton, b\u00fdval\u00fd hlavn\u00ed architekt katedr\u00e1ly Notre-Dame, vysv\u011btlil, \u017ee bezpe\u010dnostn\u00ed pravidla byla mimo\u0159\u00e1dn\u011b p\u0159\u00edsn\u00e1 a \u017ee v podkrov\u00ed nebylo mo\u017en\u00e9 um\u00edstit \u017e\u00e1dn\u00fd elektrick\u00fd kabel ani spot\u0159ebi\u010d a ani \u017e\u00e1dn\u00fd zdroj tepla. Dodal, \u017ee v katedr\u00e1le byl instalov\u00e1n velmi sofistikovan\u00fd popla\u0161n\u00fd syst\u00e9m. Spole\u010dnost, kter\u00e1 instalovala le\u0161en\u00ed, nepou\u017eila sva\u0159ov\u00e1n\u00ed a na tento typ pr\u00e1ce se specializuje. Po\u017e\u00e1r vypukl v\u00edce ne\u017e hodinu po odchodu d\u011bln\u00edk\u016f a nikdo z nich nebyl v chr\u00e1mu p\u0159\u00edtomen. Po\u017e\u00e1r se roz\u0161\u00ed\u0159il tak rychle, \u017ee hasi\u010di, kte\u0159\u00ed k po\u017e\u00e1ru p\u0159ijeli, byli \u0161okov\u00e1ni.<\/p>\n\n\n\n<p>Nav\u00edc po\u017e\u00e1r v Katedr\u00e1le Notre-Dame vzplanul necel\u00e9 t\u0159i roky pot\u00e9, co se komando d\u017eih\u00e1distek, pozd\u011bji zat\u010den\u00fdch, pokusilo zni\u010dit katedr\u00e1lu odp\u00e1len\u00edm tlakov\u00fdch plynov\u00fdch lahv\u00ed. D\u017eih\u00e1distick\u00e9 organizace vyd\u00e1vaj\u00ed ji\u017e n\u011bkolik m\u011bs\u00edc\u016f prohl\u00e1\u0161en\u00ed vyz\u00fdvaj\u00edc\u00ed k ni\u010den\u00ed kostel\u016f a k\u0159es\u0165ansk\u00fdch pam\u00e1tek v Evrop\u011b. Katedr\u00e1la Notre-Dame byla opakovan\u011b ozna\u010dena za prim\u00e1rn\u00ed c\u00edl. Na soci\u00e1ln\u00edch m\u00e9di\u00edch \u2013 na Twitteru, Facebooku a webu Al-D\u017eaz\u00edry \u2013 bylo publikov\u00e1no mnoho zpr\u00e1v muslim\u016f vyjad\u0159uj\u00edc\u00edch pot\u011b\u0161en\u00ed z toho, \u017ee byl zni\u010den d\u016fle\u017eit\u00fd k\u0159es\u0165ansk\u00fd symbol.<\/p>\n\n\n\n<p>Nav\u00edc k po\u017e\u00e1ru Katedr\u00e1ly Notre-Dame do\u0161lo v dob\u011b, kdy se zn\u00e1sobily \u00fatoky proti kostel\u016fm ve Francii a v Evrop\u011b. V pr\u016fb\u011bhu roku 2018 bylo ve Francii napadeno v\u00edce ne\u017e 800 kostel\u016f\u2026 Nap\u0159\u00edklad dne 5. b\u0159ezna 2019 byla poni\u010dena p\u00e1kist\u00e1nsk\u00fdm uprchl\u00edkem bazilika svat\u00e9ho Denise, v n\u00ed\u017e byla poh\u0159bena v\u011bt\u0161ina francouzsk\u00fdch kr\u00e1l\u016f. Rozml\u00e1til n\u011bkolik vitr\u00e1\u017eov\u00fdch oken a t\u00e9m\u011b\u0159 zni\u010dil varhany \u2013 n\u00e1rodn\u00ed poklad postaven\u00fd v letech 1834 a\u017e 1841. O dvan\u00e1ct dn\u00ed pozd\u011bji 17. b\u0159ezna 2019 vypukl po\u017e\u00e1r v Kostele sv. Sulpicia, v nejv\u011bt\u0161\u00edm kostele v Pa\u0159\u00ed\u017ei a zp\u016fsobil v\u00e1\u017en\u00e9 \u0161kody. Po n\u011bkolikadenn\u00edm ml\u010den\u00ed policie p\u0159iznala, \u017ee po\u017e\u00e1r byl \u00famysln\u011b zalo\u017een. Politolog Alexander Tomsk\u00fd v t\u00e9to souvislosti nav\u00edc upozor\u0148uje, \u017ee katedr\u00e1la Saint Denis s hroby francouzsk\u00fdch kr\u00e1l\u016f se nach\u00e1z\u00ed v muslimsk\u00e9 \u010dtvrti a c\u00edrkevn\u00ed slavnosti i m\u0161e se odehr\u00e1vaj\u00ed pod policejn\u00ed ochranou.<\/p>\n\n\n\n<p>Pokud nechcete abychom dopadli stejn\u011b jako islamizovan\u00e1 z\u00e1padn\u00ed Evropa, volte pros\u00edm 24. a 25. kv\u011btna hnut\u00ed SPD ve volb\u00e1ch do Evropsk\u00e9ho parlamentu.<\/p>\n","protected":false},"excerpt":{"rendered":"<p>Tomio Okamura &#8211; SPD3. kv\u011btna v 20:27&nbsp;\u00b7&nbsp; Muslimov\u00e9 maj\u00ed radost z po\u017e\u00e1ru katedr\u00e1ly Notre-Dame v Pa\u0159\u00ed\u017ei. Hafsa Askar, migrantka z Maroka a v\u00edceprezidentka N\u00e1rodn\u00ed unie student\u016f Francie (UNEF), hlavn\u00ed studentsk\u00e9 organizace ve Francii, napsala na Twitter: \u201eLid\u00e9 pl\u00e1\u010dou kv\u016fli kus\u016fm d\u0159eva&#8230; je to hysterick\u00e1 reakce uboh\u00fdch b\u011bloch\u016f.\u201c A okolo po\u017e\u00e1ru katedr\u00e1ly Notre Dame se za\u010d\u00edn\u00e1 &hellip; <a href=\"https:\/\/www.podivinsky.cz\/?p=3375\" class=\"more-link\">Pokra\u010dov\u00e1n\u00ed textu <span class=\"screen-reader-text\">T. Okamura k Notre-Dame<\/span> <span class=\"meta-nav\">&rarr;<\/span><\/a><\/p>\n","protected":false},"author":1,"featured_media":0,"comment_status":"closed","ping_status":"closed","sticky":false,"template":"","format":"standard","meta":{"footnotes":""},"categories":[9],"tags":[],"class_list":["post-3375","post","type-post","status-publish","format-standard","hentry","category-pc"],"_links":{"self":[{"href":"https:\/\/www.podivinsky.cz\/index.php?rest_route=\/wp\/v2\/posts\/3375","targetHints":{"allow":["GET"]}}],"collection":[{"href":"https:\/\/www.podivinsky.cz\/index.php?rest_route=\/wp\/v2\/posts"}],"about":[{"href":"https:\/\/www.podivinsky.cz\/index.php?rest_route=\/wp\/v2\/types\/post"}],"author":[{"embeddable":true,"href":"https:\/\/www.podivinsky.cz\/index.php?rest_route=\/wp\/v2\/users\/1"}],"replies":[{"embeddable":true,"href":"https:\/\/www.podivinsky.cz\/index.php?rest_route=%2Fwp%2Fv2%2Fcomments&post=3375"}],"version-history":[{"count":1,"href":"https:\/\/www.podivinsky.cz\/index.php?rest_route=\/wp\/v2\/posts\/3375\/revisions"}],"predecessor-version":[{"id":3376,"href":"https:\/\/www.podivinsky.cz\/index.php?rest_route=\/wp\/v2\/posts\/3375\/revisions\/3376"}],"wp:attachment":[{"href":"https:\/\/www.podivinsky.cz\/index.php?rest_route=%2Fwp%2Fv2%2Fmedia&parent=3375"}],"wp:term":[{"taxonomy":"category","embeddable":true,"href":"https:\/\/www.podivinsky.cz\/index.php?rest_route=%2Fwp%2Fv2%2Fcategories&post=3375"},{"taxonomy":"post_tag","embeddable":true,"href":"https:\/\/www.podivinsky.cz\/index.php?rest_route=%2Fwp%2Fv2%2Ftags&post=3375"}],"curies":[{"name":"wp","href":"https:\/\/api.w.org\/{rel}","templated":true}]}}