{"id":3377,"date":"2019-05-10T05:39:01","date_gmt":"2019-05-10T04:39:01","guid":{"rendered":"http:\/\/www.podivinsky.cz\/?p=3377"},"modified":"2019-05-10T05:39:14","modified_gmt":"2019-05-10T04:39:14","slug":"jak-to-bylo-ve-skutecnosti","status":"publish","type":"post","link":"https:\/\/www.podivinsky.cz\/?p=3377","title":{"rendered":"Jak to bylo ve skute\u010dnosti"},"content":{"rendered":"\n<p><strong>&nbsp;Jak to bylo s panem poslancem v Bor\u0161ic\u00edch doopravdy<\/strong><\/p>\n\n\n\n<p>&#8212;<br><\/p>\n\n\n\n<p>Pos\u00edlajte f\u0161eck\u00fdm, aby v\u011bd\u011bli, jak to bylo s t\u00fdm &#8222;rasismem&#8220; v Bor\u0161ic\u00e1ch.&nbsp;<br>Pan poslanec sa o\u017er\u00e1l, k\u016f\u0159il venku p\u0159ed hospod\u016f, m\u011bl &#8222;chytr\u00fdch &#8222;\u0159e\u010d\u00ed&nbsp;<br>jak opic&#8230;a blech. To\u0161 chytil jednu poctiv\u016f Bor\u0161ick\u016f, druh\u016f vzal o ze\u010f a tam&nbsp;<br>jak na potvoru bylo okno a o plechov\u00fd parapet si roztrhl ko\u0161ulu. Kvi\u010d\u00e1l jak&nbsp;<br>pichl\u00e1 svi\u0148a a proto\u017ee t\u00fdch blb\u00fdch \u0159e\u010d\u00ed nenech\u00e1l, cht\u011bli mu chlapi p\u0159id\u00e1t.&nbsp;<br>Ale proto\u017ee volal policajtov tak teho chlapi nech\u00e1li. Zapomn\u011bl, \u017ee je na&nbsp;<br>Morav\u011b, kde je\u0161t\u011b lud\u00e9 maj\u016f k\u016fska zdrav\u00e9ho sedlack\u00e9ho rozumu. To\u0161&nbsp;<br>takov\u00e9ho borca m\u00e1me za pos.anca.&#8220;&#8220;&#8220;&#8220;&nbsp;<br>A temu teda je\u0161t\u011b ftip:&nbsp;<br>&#8222;&#8220;&#8220;&#8220;&#8220;&nbsp;<br>Z v\u00fdpov\u011bdi sv\u011bdk\u016f &#8211; jak to bylo ve skute\u010dnosti v Bor\u0161ic\u00edch s Ferim. Nyn\u00ed u\u017e&nbsp;<br>je to jasn\u00e9. On toti\u017e poslanec nerozum\u00ed moravsky.&nbsp;<br>\u0160ak do negr\u016f sme mu nenad\u00e1vali. Vy\u0161el sem ven a vid\u011bl toho ogara jak bluje a&nbsp;<br>to\u017e mu pov\u00edd\u00e1m:&#8220; Si NEGRcaj na polobotky!\u201c<\/p>\n","protected":false},"excerpt":{"rendered":"<p>&nbsp;Jak to bylo s panem poslancem v Bor\u0161ic\u00edch doopravdy &#8212; Pos\u00edlajte f\u0161eck\u00fdm, aby v\u011bd\u011bli, jak to bylo s t\u00fdm &#8222;rasismem&#8220; v Bor\u0161ic\u00e1ch.&nbsp;Pan poslanec sa o\u017er\u00e1l, k\u016f\u0159il venku p\u0159ed hospod\u016f, m\u011bl &#8222;chytr\u00fdch &#8222;\u0159e\u010d\u00ed&nbsp;jak opic&#8230;a blech. To\u0161 chytil jednu poctiv\u016f Bor\u0161ick\u016f, druh\u016f vzal o ze\u010f a tam&nbsp;jak na potvoru bylo okno a o plechov\u00fd parapet si roztrhl &hellip; <a href=\"https:\/\/www.podivinsky.cz\/?p=3377\" class=\"more-link\">Pokra\u010dov\u00e1n\u00ed textu <span class=\"screen-reader-text\">Jak to bylo ve skute\u010dnosti<\/span> <span class=\"meta-nav\">&rarr;<\/span><\/a><\/p>\n","protected":false},"author":1,"featured_media":0,"comment_status":"closed","ping_status":"closed","sticky":false,"template":"","format":"standard","meta":{"footnotes":""},"categories":[9],"tags":[],"class_list":["post-3377","post","type-post","status-publish","format-standard","hentry","category-pc"],"_links":{"self":[{"href":"https:\/\/www.podivinsky.cz\/index.php?rest_route=\/wp\/v2\/posts\/3377","targetHints":{"allow":["GET"]}}],"collection":[{"href":"https:\/\/www.podivinsky.cz\/index.php?rest_route=\/wp\/v2\/posts"}],"about":[{"href":"https:\/\/www.podivinsky.cz\/index.php?rest_route=\/wp\/v2\/types\/post"}],"author":[{"embeddable":true,"href":"https:\/\/www.podivinsky.cz\/index.php?rest_route=\/wp\/v2\/users\/1"}],"replies":[{"embeddable":true,"href":"https:\/\/www.podivinsky.cz\/index.php?rest_route=%2Fwp%2Fv2%2Fcomments&post=3377"}],"version-history":[{"count":1,"href":"https:\/\/www.podivinsky.cz\/index.php?rest_route=\/wp\/v2\/posts\/3377\/revisions"}],"predecessor-version":[{"id":3378,"href":"https:\/\/www.podivinsky.cz\/index.php?rest_route=\/wp\/v2\/posts\/3377\/revisions\/3378"}],"wp:attachment":[{"href":"https:\/\/www.podivinsky.cz\/index.php?rest_route=%2Fwp%2Fv2%2Fmedia&parent=3377"}],"wp:term":[{"taxonomy":"category","embeddable":true,"href":"https:\/\/www.podivinsky.cz\/index.php?rest_route=%2Fwp%2Fv2%2Fcategories&post=3377"},{"taxonomy":"post_tag","embeddable":true,"href":"https:\/\/www.podivinsky.cz\/index.php?rest_route=%2Fwp%2Fv2%2Ftags&post=3377"}],"curies":[{"name":"wp","href":"https:\/\/api.w.org\/{rel}","templated":true}]}}