{"id":3387,"date":"2019-05-15T05:29:51","date_gmt":"2019-05-15T04:29:51","guid":{"rendered":"http:\/\/www.podivinsky.cz\/?p=3387"},"modified":"2019-05-15T05:30:03","modified_gmt":"2019-05-15T04:30:03","slug":"slovo-zkuseneho","status":"publish","type":"post","link":"https:\/\/www.podivinsky.cz\/?p=3387","title":{"rendered":"Slovo zku\u0161en\u00e9ho"},"content":{"rendered":"\n<p>Sibylino\nproroctv\u00ed se za\u010d\u00edn\u00e1 napl\u0148ovat &nbsp; &nbsp;&nbsp;\n\n<\/p>\n\n\n\n<p>&#8211;\ndojde ke st\u0159et\u016fm v\u00edry&#8230; \n<\/p>\n\n\n\n<p><br>\n&nbsp;<br>\nTEN\nKONEC SI P\u0158E\u010cTI &nbsp;&nbsp;U\nR \u010c I T \u011a\n\n<\/p>\n\n\n\n<p>&nbsp;<br>\nAutorem\nn\u00e1sleduj\u00edc\u00edch slov je \u00fadajn\u011b Dr.&nbsp;Emanuel STANAY,\n\n<\/p>\n\n\n\n<p>zn\u00e1m\u00fd\na vysoce uzn\u00e1van\u00fd psychiatr. Mu\u017e, jeho\u017e rodina pat\u0159ila p\u0159ed\ndruhou sv\u011btovou v\u00e1lkou k n\u011bmeck\u00e9&nbsp;aristokracii, vlastnil \u0159adu\npr\u016fmyslov\u00fdch podnik\u016f a nemovitost\u00ed. <br>\n&nbsp;<br>\nKdy\u017e\nbyl t\u00e1z\u00e1n,&nbsp;kolik N\u011bmc\u016f bylo skute\u010dn\u00fdmi nacisty,\nodpov\u011bd\u011bl\nzp\u016fsobem,kter\u00fd\nm\u016f\u017ee b\u00fdt ur\u010duj\u00edc\u00ed pro n\u00e1\u0161 postoj k fanatizmu:&nbsp;\n\n<\/p>\n\n\n\n<p>&#8222;Velmi\nm\u00e1lo lid\u00ed&nbsp;bylo skute\u010dn\u00fdmi<br>\nnacisty, ale mnoho dal\u0161\u00edch\nse radovalo z n\u00e1vratu n\u011bmeck\u00e9 hrdosti a dal\u0161\u00ed byli p\u0159\u00edli\u0161\nzanepr\u00e1zdn\u011bni, ne\u017e aby je to zaj\u00edmalo.<br>\nByl\njsem jedn\u00edm z t\u011bch, kdo pokl\u00e1dali nacisty za bandu bl\u00e1zn\u016f.<br>\nTak\u017ee\nv\u011bt\u0161ina se prost\u011b st\u00e1hla&nbsp;a umo\u017enila t\u00edm, aby se to v\u0161e\nstalo. Pak, d\u0159\u00edve ne\u017e jsme to zjistili, n\u00e1s m\u011bli v hrsti,\nztratili jsme kontrolu&nbsp;a\nnastal konec sv\u011bta.\n\n<\/p>\n\n\n\n<p>M\u00e1\nrodina ztratila v\u0161echno. J\u00e1 s\u00e1m jsem skon\u010dil v koncentra\u010dn\u00edm\nt\u00e1bo\u0159e a Spojenci rozbili m\u00e9 tov\u00e1rny. Dnes n\u00e1m znovu a znovu\nr\u016fzn\u00ed experti opakuj\u00ed, \u017ee&nbsp;Isl\u00e1m je n\u00e1bo\u017eenstv\u00ed pokoje a\n\u017ee velk\u00e1 v\u011bt\u0161ina muslim\u016f si p\u0159ece p\u0159eje jedin\u011b \u017e\u00edt v m\u00edru.&nbsp;\n\n<\/p>\n\n\n\n<p>I\nkdy\u017e toto laick\u00e9 uji\u0161\u0165ov\u00e1n\u00ed m\u016f\u017ee b\u00fdt pravdiv\u00e9,\nnem\u00e1&nbsp;pra\u017e\u00e1dn\u00fd v\u00fdznam!!!! Je to bezcenn\u00e9 \u0161id\u00edtko, kter\u00e9\nn\u00e1m m\u00e1 umo\u017enit, abychom se c\u00edtili l\u00e9pe a aby se pon\u011bkud zmen\u0161il\n(psychick\u00fd) \u00fa\u010dinek fanatick\u00e9ho \u0159\u00e1d\u011bn\u00ed ve&nbsp;sv\u011bt\u011b ve\njm\u00e9nu&#8230;ISL\u00c1MU&#8230;!!!!!!!!!!. <br>\nJe\nskute\u010dnost\u00ed, \u017ee v sou\u010dasn\u00e9 f\u00e1zi d\u011bjin vl\u00e1dnou Isl\u00e1mem\nfanatici. Jsou to fanatici, kdo vedou ka\u017edou z 50 v\u00e1lek, kter\u00e9\nzu\u0159\u00ed ve sv\u011bt\u011b. Jsou to&nbsp;fanatici, kdo systematicky masakruj\u00ed\nk\u0159es\u0165any \u010di p\u0159\u00edslu\u0161n\u00edky domorod\u00fdch kmen\u016f v Africe a postupn\u011b\nut\u00e1p\u011bj\u00ed kontinent v p\u0159\u00edvalu Isl\u00e1mu. Jsou to fanatici,\nkdo&nbsp;spou\u0161t\u011bj\u00ed exploze bomb, usek\u00e1vaj\u00ed hlavy, vra\u017ed\u00ed nebo\nzab\u00edjej\u00ed z d\u016fvod\u016f cti. Jsou to fanatici, kdo p\u0159eb\u00edraj\u00ed me\u0161itu\npo me\u0161it\u011b. Jsou to fanatici, kdo se z\u00e1palem&nbsp;\u0161\u00ed\u0159\u00ed\nkamenov\u00e1n\u00ed a v\u011b\u0161en\u00ed ob\u011bt\u00ed, zn\u00e1sil\u0148ov\u00e1n\u00ed, zab\u00edjen\u00ed,\npol\u00e9v\u00e1n\u00ed \u017een kyselinou, likvidac\u00ed homosexu\u00e1l\u016f&#8230;&#8230;&lt; \/sp\nan&gt;<br>\nJsou to fanatici, kdo u\u010d\u00ed mlad\u00e9 zab\u00edjet&nbsp;\n\n<\/p>\n\n\n\n<p>a\nst\u00e1t se sebevra\u017eedn\u00fdmi bombov\u00fdmi &#8230;&#8230;.zabij\u00e1ky&#8230;..<br>\nObt\u00ed\u017en\u011b\nm\u011b\u0159itelnou skute\u010dnost\u00ed je, \u017ee m\u00edrumilovn\u00e1 v\u011bt\u0161ina, ml\u010d\u00edc\u00ed\nv\u011bt\u0161ina&#8230;.!!!!!!!!!&#8220; &#8230;..je vyd\u011b\u0161ena a je\nvy\u0159azena.<br>\nKomunistick\u00e9\nRusko sest\u00e1valo z Rus\u016f, kte\u0159\u00ed pro\u017eili peklo v\u00e1lky a cht\u011bli\npouze \u017e\u00edt v m\u00edru, a p\u0159esto komunistick\u00e9 Rusko bylo odpov\u011bdno za\nvra\u017edu asi 20 milion\u016f lid\u00ed.<br>\nOhromn\u00e1\npopulace \u010c\u00edny byla rovn\u011b\u017e m\u00edrumilovn\u00e1, ale \u010d\u00ednsk\u00fdm\nkomunist\u016fm se poda\u0159ilo zab\u00edt ohromuj\u00edc\u00edch 70 milion\u016f\nlid\u00ed.<br>\nPr\u016fm\u011brn\u00fd\nJaponec p\u0159ed druhou sv\u011btovou v\u00e1lkou rozhodn\u011b nebyl sadistick\u00fdm\nv\u00e1le\u010dn\u00fdm \u0161tv\u00e1\u010dem. P\u0159esto si Japonsko vra\u017ed\u011bn\u00edm a\nkrveprolit\u00edm razilo&nbsp;cestu Jihov\u00fdchodn\u00ed Asi\u00ed v orgi\u00edch\nzab\u00edjen\u00ed, kter\u00e9 zahrnovalo systematick\u00e9 vra\u017edy 12 milion\u016f\n\u010d\u00ednsk\u00fdch civilist\u016f; v\u011bt\u0161inou byli zabiti \u0161avl\u00ed, lopatou a\nbajonetem.<br>\nKdo\nby mohl zapomenout Rwandu, kter\u00e1 se zhroutila v krvav\u00e9m zab\u00edjen\u00ed.\nNen\u00ed snad mo\u017eno tvrdit, \u017ee v\u011bt\u0161ina&nbsp; Rwan\u010fan\u016f byli\nm\u00edrumilovn\u00ed lid\u00e9? <br>\n<br>\nPou\u010den\u00ed z historie jsou \u010dasto\nneuv\u011b\u0159iteln\u011b jednoduch\u00e1 a lapid\u00e1rn\u00ed, ale p\u0159ese v\u0161e, v\u0161echny\nna\u0161e schopnosti logick\u00e9ho my\u0161len\u00ed \u010dasto\np\u0159ehl\u00e9dneme&nbsp;nejz\u00e1kladn\u011bj\u0161\u00ed a zcela nekomplikovan\u00e9 z\u00e1v\u011bry:\nsv\u00fdm ml\u010den\u00edm se m\u00edrumilovn\u00ed muslimov\u00e9 stali zcela\nirelevantn\u00edmi. M\u00edrumilovn\u00ed muslimov\u00e9 se stanou na\u0161imi&nbsp;nep\u0159\u00e1teli,\njestli\u017ee nepozvednou sv\u016fj hlas, proto\u017ee se stejn\u011b jako Dr. Tanay\njednoho dne probud\u00ed a zjist\u00ed, \u017ee se dostali do podru\u010d\u00ed fanatik\u016f\na \u017ee&#8220;nastal konec sv\u011bta&#8220;.\n\n<\/p>\n\n\n\n<p>M\u00edrumilovn\u00ed\nN\u011bmci, Japonci, \u010c\u00ed\u0148an\u00e9, Rusov\u00e9, Rwan\u010fan\u00e9, Srbov\u00e9, Afg\u00e1nci,\nIr\u00e1\u010dan\u00e9, Palestinci, Som\u00e1lci,&nbsp; Nigerijci, Al\u017e\u00ed\u0159an\u00e9 a\nmnoz\u00ed dal\u0161\u00ed&nbsp;zem\u0159eli, proto\u017ee m\u00edrumilovn\u00e1 v\u011bt\u0161ina\nnepromluvila, a\u017e pak bylo pozd\u011b.&nbsp;\n\n<\/p>\n\n\n\n<p>Pro\nn\u00e1s, kte\u0159\u00ed to v\u0161e sledujeme, ani\u017e bychom se anga\u017eovali, plat\u00ed,\n\u017ee mus\u00edme d\u00e1vat&nbsp;pozor na jedinou skupinu, kter\u00e1 se&nbsp;po\u010d\u00edt\u00e1:\nna fanatiky, kte\u0159\u00ed n\u00e1s&#8230;!!!!!&#8230;ohro\u017euj\u00ed&#8230;.!!!!!!!!&#8230; n\u00e1\u0161\nzp\u016fsob \u017eivota..!!!!!.<br>\n\u017d\u00e1dn\u00e1\nme\u0161ita ani minaret v Evrop\u011b..!!!!!, pokud nebude stejn\u00e9 mno\u017estv\u00ed\nkatolick\u00fdch kostel\u016f v arabsk\u00e9m sv\u011bt\u011b a tak\u00e9 stejn\u00e9\nmno\u017estv\u00ed&nbsp;katol\u00edk\u016f..!!!!! &nbsp; &nbsp; &nbsp; &nbsp; &nbsp;\n&nbsp; &nbsp; &nbsp; &nbsp; &nbsp; &nbsp; &nbsp; &nbsp; &nbsp;\nPedofily civilizovan\u00fd sv\u011bt trest\u00e1 &#8230; a co muslimov\u00e9, kte\u0159\u00ed\nsoulo\u017e\u00ed 8 let\u00e9 d\u00edvky a maj\u00ed s nimi d\u011bti.<br>\nP\u0159eje\nsi n\u011bkdo z V\u00e1s, aby za dv\u011b des\u00edtky..!!!! let soulo\u017eil n\u011bjak\u00fd\nmuslimsk\u00fd sta\u0159ec Va\u0161e vnu\u010dky a pravnu\u010dky, aby je kamenovali,\nzab\u00edjeli,&nbsp;pol\u00e9vali kyselinou, prov\u00e1d\u011bli \u017eenskou\nob\u0159\u00edzku..?!!!! <br>\nA\nkone\u010dn\u011b: ka\u017ed\u00fd, kdo pochybuje, \u017ee se jedn\u00e1 o z\u00e1va\u017enou\nz\u00e1le\u017eitost. A kdo vyma\u017ee tento mail, ani\u017e by ho poslal d\u00e1l, ten\nse pod\u00edl\u00ed na pasivit\u011b, kter\u00e1&nbsp;dovoluje, aby probl\u00e9my\nnar\u016fstaly. <br>\nProto\nse trochu rozm\u00e1chn\u011bte a po\u0161lete to d\u00e1l a d\u00e1l, a je\u0161t\u011b dal\u0161\u00edm.\nDoufejme, \u017ee tento mail \u010dtou tis\u00edce lid\u00ed&nbsp; na sv\u011bt\u011b,\np\u0159em\u00fd\u0161lej\u00ed o n\u011bm. \n<\/p>\n","protected":false},"excerpt":{"rendered":"<p>Sibylino proroctv\u00ed se za\u010d\u00edn\u00e1 napl\u0148ovat &nbsp; &nbsp;&nbsp; &#8211; dojde ke st\u0159et\u016fm v\u00edry&#8230; &nbsp; TEN KONEC SI P\u0158E\u010cTI &nbsp;&nbsp;U R \u010c I T \u011a &nbsp; Autorem n\u00e1sleduj\u00edc\u00edch slov je \u00fadajn\u011b Dr.&nbsp;Emanuel STANAY, zn\u00e1m\u00fd a vysoce uzn\u00e1van\u00fd psychiatr. Mu\u017e, jeho\u017e rodina pat\u0159ila p\u0159ed druhou sv\u011btovou v\u00e1lkou k n\u011bmeck\u00e9&nbsp;aristokracii, vlastnil \u0159adu pr\u016fmyslov\u00fdch podnik\u016f a nemovitost\u00ed. &nbsp; Kdy\u017e byl &hellip; <a href=\"https:\/\/www.podivinsky.cz\/?p=3387\" class=\"more-link\">Pokra\u010dov\u00e1n\u00ed textu <span class=\"screen-reader-text\">Slovo zku\u0161en\u00e9ho<\/span> <span class=\"meta-nav\">&rarr;<\/span><\/a><\/p>\n","protected":false},"author":1,"featured_media":0,"comment_status":"closed","ping_status":"closed","sticky":false,"template":"","format":"standard","meta":{"footnotes":""},"categories":[9],"tags":[],"class_list":["post-3387","post","type-post","status-publish","format-standard","hentry","category-pc"],"_links":{"self":[{"href":"https:\/\/www.podivinsky.cz\/index.php?rest_route=\/wp\/v2\/posts\/3387","targetHints":{"allow":["GET"]}}],"collection":[{"href":"https:\/\/www.podivinsky.cz\/index.php?rest_route=\/wp\/v2\/posts"}],"about":[{"href":"https:\/\/www.podivinsky.cz\/index.php?rest_route=\/wp\/v2\/types\/post"}],"author":[{"embeddable":true,"href":"https:\/\/www.podivinsky.cz\/index.php?rest_route=\/wp\/v2\/users\/1"}],"replies":[{"embeddable":true,"href":"https:\/\/www.podivinsky.cz\/index.php?rest_route=%2Fwp%2Fv2%2Fcomments&post=3387"}],"version-history":[{"count":1,"href":"https:\/\/www.podivinsky.cz\/index.php?rest_route=\/wp\/v2\/posts\/3387\/revisions"}],"predecessor-version":[{"id":3388,"href":"https:\/\/www.podivinsky.cz\/index.php?rest_route=\/wp\/v2\/posts\/3387\/revisions\/3388"}],"wp:attachment":[{"href":"https:\/\/www.podivinsky.cz\/index.php?rest_route=%2Fwp%2Fv2%2Fmedia&parent=3387"}],"wp:term":[{"taxonomy":"category","embeddable":true,"href":"https:\/\/www.podivinsky.cz\/index.php?rest_route=%2Fwp%2Fv2%2Fcategories&post=3387"},{"taxonomy":"post_tag","embeddable":true,"href":"https:\/\/www.podivinsky.cz\/index.php?rest_route=%2Fwp%2Fv2%2Ftags&post=3387"}],"curies":[{"name":"wp","href":"https:\/\/api.w.org\/{rel}","templated":true}]}}