{"id":3395,"date":"2019-05-16T10:12:14","date_gmt":"2019-05-16T09:12:14","guid":{"rendered":"http:\/\/www.podivinsky.cz\/?p=3395"},"modified":"2019-05-16T10:20:48","modified_gmt":"2019-05-16T09:20:48","slug":"cccp-versus-eu","status":"publish","type":"post","link":"https:\/\/www.podivinsky.cz\/?p=3395","title":{"rendered":"CCCP versus EU"},"content":{"rendered":"\n<div class=\"wp-block-file\"><a href=\"blob:http:\/\/www.podivinsky.cz\/5a510539-c9f0-42b7-9517-a48a7f289e50\" class=\"wp-block-file__button\" download>St\u00e1hnout<\/a><\/div>\n\n\n\n<p>\n\nN\u011bkde u\u017e na to p\u0159i\u0161li!&nbsp;&nbsp;A jak jsme na tom v \u010cR ??&nbsp;&nbsp; &nbsp; &nbsp; &nbsp; &nbsp; &nbsp; &nbsp; &nbsp; &nbsp; &nbsp; &nbsp; &nbsp; &nbsp; &nbsp; &nbsp; &nbsp; &nbsp; &nbsp; &nbsp; &nbsp; &nbsp; &nbsp;&nbsp;<a href=\"http:\/\/pravdive.eu\/news\/104445\/italove-se-budou-smet-branit-se-zbrani-v-ruce\" target=\"_blank\" rel=\"noreferrer noopener\"><strong>Italov\u00e9 se budou sm\u011bt br\u00e1nit se zbran\u00ed v ruce<\/strong><\/a><strong>&nbsp;<\/strong><strong>!<\/strong>PETR ROBEJ\u0160EK&nbsp;&nbsp;&nbsp;&nbsp;<br><\/p>\n\n\n\n<p>&nbsp; &nbsp; &nbsp;Italsk\u00fd parlament ve st\u0159edu 27.3.19 odsouhlasil z\u00e1kon, kter\u00fd oprav\u0148uje ob\u010dany k tomu, aby se ve&nbsp;vlastn\u00edm byt\u011b nebo v obchod\u011b br\u00e1nili proti vet\u0159elc\u016fm v\u0161emi prost\u0159edky. V \u010desk\u00fdch m\u00e9di\u00edch jsem o&nbsp;tom zat\u00edm moc nena\u0161el a tak tu informa\u010dn\u00ed mezeru trochu vypln\u00edm.&nbsp;&nbsp;&nbsp;Kdy\u017e st\u00e1t neochr\u00e1n\u00ed ob\u010dany&#8230;&nbsp;Italsk\u00fd ministr vnitra Matteo Salvini splnil dal\u0161\u00ed ze sv\u00fdch p\u0159edvolebn\u00edch slib\u016f. Ji\u017e od minul\u00e9ho roku&nbsp;p\u0159ipravuje italsk\u00e1 vl\u00e1da z\u00e1kon o sebeobran\u011b. V \u0159\u00edjnu 2018 to Salvini od\u016fvodnil takto: \u201ePr\u00e1vo ob\u010dan\u016f&nbsp;na sebeobranu je svat\u00e9. Vnikne-li n\u011bkdo do m\u00e9ho obydl\u00ed, jsem opr\u00e1vn\u011bn pou\u017e\u00edt zbra\u0148 k vlastn\u00ed&nbsp;obran\u011b, k obran\u011b jin\u00fdch osob a sv\u00e9ho majetku.\u201d Podsekret\u00e1\u0159 ministerstva vnitra a tv\u016frce nov\u00e9ho&nbsp;z\u00e1kona Nicola Molteni tehdy \u0159ekl: \u201eN\u00e1\u0161 n\u00e1vrh z\u00e1kona je odpov\u011bd\u00ed na po\u017eadavky Ital\u016f po v\u011bt\u0161\u00ed&nbsp;bezpe\u010dnosti.\u201d&nbsp;Doposud byla pr\u00e1vn\u00ed situace v It\u00e1lii podobn\u00e1 jako v N\u011bmecku a v mnoha ostatn\u00edch evropsk\u00fdch&nbsp;zem\u00edch.<strong>P\u0159epaden\u00fd se sm\u011bl br\u00e1nit jen t\u00edm nejm\u00edrn\u011bj\u0161\u00edm mo\u017en\u00fdm zp\u016fsobem.&nbsp;To v\u0161ak logicky posiluje<\/strong><strong>&nbsp;<\/strong><strong>zlo\u010dince, kter\u00fd je ji\u017e tak zv\u00fdhodn\u011bn t\u00edm, \u017ee on vol\u00ed c\u00edl, okam\u017eik a zp\u016fsob \u00fatoku.&nbsp;&nbsp;<\/strong><strong>Matteo Salvini to formuloval takto:&nbsp;\u201cKdy\u017e m\u00e1m n\u011bkoho v masce metr p\u0159ed sebou, tak mus\u00edm,&nbsp;<\/strong><strong>podle<\/strong><strong>&nbsp;<\/strong><strong>dosud platn\u00e9ho z\u00e1kona&nbsp;<\/strong><strong>zva\u017eovat, jestli m\u011b chce skute\u010dn\u011b napadnout, jestli je jeho pistole opravdov\u00e1<\/strong><strong>&nbsp;<\/strong><strong>a jeho n\u016f\u017e naost\u0159en\u00fd.\u201d<\/strong>S takov\u00fdm oslaben\u00edm sv\u00fdch mo\u017enost\u00ed by se lid\u00e9 mohli sm\u00ed\u0159it jen tehdy, kdyby bylo spolehnut\u00ed na to,\u017ee je ochr\u00e1n\u00ed st\u00e1t. To je tak\u00e9 z\u00e1kladem tzv. spole\u010densk\u00e9 smlouvy. Podle n\u00ed ob\u010dan\u00e9 odevzdaj\u00ed, anebo&nbsp;nepou\u017eij\u00ed sv\u00e9 zbran\u011b k sebeobran\u011b a st\u00e1t jim za to sl\u00edb\u00ed, \u017ee je bude chr\u00e1nit on. Ale tato z\u00e1ruka ztr\u00e1c\u00ed&nbsp;nejpozd\u011bji od roku 2015 svou v\u011brohodnost.&nbsp;&nbsp;A to nen\u00ed v\u0161echno. Nejenom, \u017ee st\u00e1t ob\u010dana \u010dasto neochr\u00e1n\u00ed. Dokonce ho i potrest\u00e1 za to, kdy\u017e se on&nbsp;&nbsp;s\u00e1m pokus\u00ed o \u00fa\u010dinnou obranu. Ne n\u00e1hodou nav\u0161t\u00edvil Matteo Salvini ve v\u011bzen\u00ed Angela Peveriho. Ten&nbsp;byl odsouzen na \u010dty\u0159i a p\u016fl roku za to, \u017ee st\u0159\u00edlel na t\u0159i zlod\u011bje, kte\u0159\u00ed mu kradli benzin z jeho bagru.&nbsp;Jeden z nich byl p\u0159itom t\u011b\u017ece zran\u011bn.&nbsp;<strong>Zlo\u010dinec je v\u017edycky ob\u011b\u0165 !!!!!!!!!!<\/strong>&nbsp;&nbsp;Co z toho plyne? Ji\u017e v\u00edme, \u017ee ten, kdo poru\u0161uje z\u00e1kon, je ve v\u00fdhod\u011b t\u00edm, \u017ee vol\u00ed c\u00edl, \u010das a zp\u016fsob&nbsp;\u00fatoku. A kdy\u017e je zlo\u010dinec zat\u010den anebo napaden\u00fdm v sebeobran\u011b zran\u011bn, tak se z pachatele&nbsp;najednou stane ob\u011b\u0165.&nbsp;Soci\u00e1ln\u011b v\u011bdn\u00ed fakulty nep\u0159etr\u017eit\u011b produkuj\u00ed psychoexperty, kte\u0159\u00ed \u201cp\u0159\u00edsn\u011b v\u011bdecky\u201d zd\u016fvodn\u00ed, \u017ee&nbsp;pachatel je vlastn\u011b ob\u011b\u0165. Ka\u017ed\u00fd z n\u00e1s ji\u017e sly\u0161el p\u0159\u00edb\u011bhy o t\u011b\u017ek\u00e9m d\u011btstv\u00ed, slo\u017eit\u00e9m dosp\u00edv\u00e1n\u00ed a jin\u00fdch&nbsp;\u00fatrap\u00e1ch, kter\u00e9 jako by zlo\u010din zd\u016fvod\u0148ovaly nebo aspo\u0148 omlouvaly.&nbsp;Zkratkovit\u011b to popisuje anekdota&nbsp;&nbsp;o vrahovi sv\u00fdch rodi\u010d\u016f, kter\u00fd \u017e\u00e1d\u00e1 poleh\u010duj\u00edc\u00ed okolnosti, proto\u017ee je sirotek.&nbsp;Pomoc\u00ed nov\u00e9ho z\u00e1kona&nbsp;m\u00e1 b\u00fdt v It\u00e1lii nerovnov\u00e1ha mezi zlo\u010dincem a ob\u011bt\u00ed zm\u00edrn\u011bna. Po jeho schv\u00e1len\u00ed bude v\u017edy p\u0159im\u011b\u0159en\u00e9&nbsp;&nbsp;br\u00e1nit sv\u016fj d\u016fm nebo obchod proti vet\u0159elc\u016fm se zbran\u00ed v ruce. P\u0159\u00edpadn\u00e9 n\u00e1klady na&nbsp;obhajobu ob\u010dan\u016f, kte\u0159\u00ed by byli ob\u017ealov\u00e1ni v souvislosti se sebeobranou, ponese italsk\u00fd st\u00e1t. \u201eKdo se&nbsp;br\u00e1n\u00ed, nebude muset platit za obhajobu u soudu, aby dok\u00e1zal svou nevinu,\u201d zd\u016fraznil podsekret\u00e1\u0159&nbsp;Molteni.<\/p>\n\n\n\n<p>&nbsp;&nbsp; &nbsp; &nbsp; &nbsp;&nbsp;<strong>Z\u00e1kon byl v parlament\u011b p\u0159ijat 373 proti 104 hlas\u016fm, se 2 zdr\u017een\u00edmi.<\/strong>&nbsp;A koncem tohoto m\u011bs\u00edce bude&nbsp;p\u0159edlo\u017een k projedn\u00e1n\u00ed a schv\u00e1len\u00ed italsk\u00e9mu sen\u00e1tu.&nbsp;&nbsp;N\u00e1vrhem nov\u00e9ho z\u00e1kona italsk\u00e1 vl\u00e1da (jako prvn\u00ed v Evrop\u011b) nep\u0159\u00edmo uznala, \u017ee ji\u017e nedok\u00e1\u017ee zaru\u010dit bezpe\u010dnost sv\u00fdch ob\u010dan\u016f, a proto jim d\u00e1v\u00e1 v\u00edce z\u00e1konn\u00fdch mo\u017enost\u00ed br\u00e1nit se sami.&nbsp;&nbsp;<\/p>\n\n\n\n<p>&nbsp; &nbsp; &nbsp; &nbsp;<strong>Jist\u011b v\u00e1s<\/strong><strong>&nbsp;<\/strong><strong>napadne, \u017ee jedn\u00e1n\u00ed italsk\u00e9 vl\u00e1dy je v p\u0159\u00edm\u00e9m protikladu s politikou EU.&nbsp;Ta se naopak sna\u017e\u00ed Evropany&nbsp;odzbrojit.<\/strong>&nbsp;&nbsp;&nbsp;&nbsp;<\/p>\n\n\n\n<p>Autor:&nbsp; Petr Robej\u0161ek&nbsp;<\/p>\n","protected":false},"excerpt":{"rendered":"<p>N\u011bkde u\u017e na to p\u0159i\u0161li!&nbsp;&nbsp;A jak jsme na tom v \u010cR ??&nbsp;&nbsp; &nbsp; &nbsp; &nbsp; &nbsp; &nbsp; &nbsp; &nbsp; &nbsp; &nbsp; &nbsp; &nbsp; &nbsp; &nbsp; &nbsp; &nbsp; &nbsp; &nbsp; &nbsp; &nbsp; &nbsp; &nbsp;&nbsp;Italov\u00e9 se budou sm\u011bt br\u00e1nit se zbran\u00ed v ruce&nbsp;!PETR ROBEJ\u0160EK&nbsp;&nbsp;&nbsp;&nbsp; &nbsp; &nbsp; &nbsp;Italsk\u00fd parlament ve st\u0159edu 27.3.19 odsouhlasil z\u00e1kon, kter\u00fd oprav\u0148uje ob\u010dany k &hellip; <a href=\"https:\/\/www.podivinsky.cz\/?p=3395\" class=\"more-link\">Pokra\u010dov\u00e1n\u00ed textu <span class=\"screen-reader-text\">CCCP versus EU<\/span> <span class=\"meta-nav\">&rarr;<\/span><\/a><\/p>\n","protected":false},"author":1,"featured_media":0,"comment_status":"closed","ping_status":"closed","sticky":false,"template":"","format":"standard","meta":{"footnotes":""},"categories":[9],"tags":[],"class_list":["post-3395","post","type-post","status-publish","format-standard","hentry","category-pc"],"_links":{"self":[{"href":"https:\/\/www.podivinsky.cz\/index.php?rest_route=\/wp\/v2\/posts\/3395","targetHints":{"allow":["GET"]}}],"collection":[{"href":"https:\/\/www.podivinsky.cz\/index.php?rest_route=\/wp\/v2\/posts"}],"about":[{"href":"https:\/\/www.podivinsky.cz\/index.php?rest_route=\/wp\/v2\/types\/post"}],"author":[{"embeddable":true,"href":"https:\/\/www.podivinsky.cz\/index.php?rest_route=\/wp\/v2\/users\/1"}],"replies":[{"embeddable":true,"href":"https:\/\/www.podivinsky.cz\/index.php?rest_route=%2Fwp%2Fv2%2Fcomments&post=3395"}],"version-history":[{"count":3,"href":"https:\/\/www.podivinsky.cz\/index.php?rest_route=\/wp\/v2\/posts\/3395\/revisions"}],"predecessor-version":[{"id":3398,"href":"https:\/\/www.podivinsky.cz\/index.php?rest_route=\/wp\/v2\/posts\/3395\/revisions\/3398"}],"wp:attachment":[{"href":"https:\/\/www.podivinsky.cz\/index.php?rest_route=%2Fwp%2Fv2%2Fmedia&parent=3395"}],"wp:term":[{"taxonomy":"category","embeddable":true,"href":"https:\/\/www.podivinsky.cz\/index.php?rest_route=%2Fwp%2Fv2%2Fcategories&post=3395"},{"taxonomy":"post_tag","embeddable":true,"href":"https:\/\/www.podivinsky.cz\/index.php?rest_route=%2Fwp%2Fv2%2Ftags&post=3395"}],"curies":[{"name":"wp","href":"https:\/\/api.w.org\/{rel}","templated":true}]}}