{"id":361,"date":"2014-09-19T13:13:11","date_gmt":"2014-09-19T12:13:11","guid":{"rendered":"http:\/\/www.podivinsky.cz\/?p=361"},"modified":"2014-09-19T13:16:27","modified_gmt":"2014-09-19T12:16:27","slug":"neslychane-prezident-zeman-si-dovolil-poprit-oficialni-propagandu-bruselu-o-ruskych-vojacich-na-ukrajine-v-bruselu-tak-zacali-pomalu-chystat-i-sankce-proti-cesku-jako-trest-za-vyboceni-z-rady","status":"publish","type":"post","link":"https:\/\/www.podivinsky.cz\/?p=361","title":{"rendered":"Nesl\u00fdchan\u00e9! Prezident Zeman si dovolil pop\u0159\u00edt ofici\u00e1ln\u00ed propagandu Bruselu o rusk\u00fdch voj\u00e1c\u00edch na Ukrajin\u011b. V Bruselu tak za\u010dali pomalu chystat i sankce proti \u010cesku jako trest za vybo\u010den\u00ed z \u0159ady!"},"content":{"rendered":"<p>Zaj\u00edmav\u00fd n\u00e1zorov\u00fd obrat prob\u011bhl dnes v postoji \u010desk\u00e9ho prezidenta Milo\u0161e Zemana a je to<br \/>\nobrat vskutku nev\u00eddan\u00fd, z pohledu z\u00e1padn\u00edch politik\u016f \u0161okuj\u00edc\u00ed, ov\u0161em z pohledu \u010desk\u00fdch<br \/>\nob\u010dan\u016f jde o velmi nad\u011bjnou jiskru natolik pot\u0159ebn\u00e9 nad\u011bje na odvr\u00e1cen\u00ed 3. sv. v\u00e1lky. Po<br \/>\npremi\u00e9rovi Bohuslavu Sobotkovi je to tak druh\u00fd vrcholn\u00fd \u010desk\u00fd politik, kter\u00fd pochopil, \u017ee<br \/>\npodl\u00e9h\u00e1n\u00ed tlaku a vyd\u00edr\u00e1n\u00ed ze strany americk\u00fdch diplomat\u016f a jejich tajn\u00fdch slu\u017eeb m\u016f\u017ee v\u00e9st\u00a0a\u017e k zata\u017een\u00ed \u010cesk\u00e9 Republiky do pekla v\u00e1le\u010dn\u00e9ho konfliktu v Evrop\u011b. Zeman toti\u017e prohl\u00e1sil,\u00a0\u017ee nem\u00e1 informace o tom, \u017ee by na Ukrajin\u011b prob\u00edhala rusk\u00e1 vojensk\u00e1 invaze a \u017ee jde pouze o\u00a0rusk\u00e9 dobrovoln\u00edky. Poznamenal, \u017ee invaze vypad\u00e1 \u00fapln\u011b jinak a p\u0159ipomn\u011bl rok 1968, kdy\u00a0spojeneck\u00e1 invaze sp\u0159\u00e1telen\u00fdch vojsk do \u010ceskoslovenska \u010d\u00edtala v prvn\u00ed vln\u011b 150,000 mu\u017e\u016f.<br \/>\n\u010cesk\u00fd prezident Milo\u0161 Zeman si dovolil \u0159\u00edct pravdu o v\u00fdchodn\u00ed Ukrajin\u011b\u2026<br \/>\n\u010ce\u0161t\u00ed politici, minim\u00e1ln\u011b n\u011bkte\u0159\u00ed z nich, kone\u010dn\u011b\u00a0za\u010dali sly\u0161et hlas lidu a nez\u00e1visl\u00fdch<br \/>\nalternativn\u00edch m\u00e9di\u00ed, kter\u00e1 u\u017e dlouh\u00e9 m\u011bs\u00edce p\u0159in\u00e1\u0161ej\u00ed pravdiv\u00e9 a necenzurovan\u00e9 zpravodajstv\u00ed\u00a0o ob\u010da0nsk\u00e9 v\u00e1lce na Ukrajin\u011b. \u010cesko tak jednozna\u010dn\u011b\u00a0a zcela nepokryt\u011b \u0159eklo NE zb\u011bsil\u00e9mu a\u00a0fale\u0161n\u00e9mu bouch\u00e1n\u00ed na ruskou opevn\u011bnou br\u00e1nu ve snaze rozpoutat v\u00e1le\u010dn\u00fd konflikt mezi\u00a0NATO a Ruskou Federac\u00ed, na jeho\u017e konci m\u00e1 b\u00fdt zni\u010den\u00e1 Evropa a americk\u00fd dolar m\u00e1 b\u00fdt\u00a0jako zachr\u00e1nce a americk\u00e9 firmy jako pomocn\u00edci p\u0159i obnov\u011b zni\u010den\u00e9 Evropy, \u010d\u00edm\u017e by se v\u00a0USA nastartovala hospod\u00e1\u0159sk\u00e1 pov\u00e1le\u010dn\u00e1 konjunktura, podobn\u00e1 t\u00e9 z 50. let minul\u00e9ho stolet\u00ed.<br \/>\n<span style=\"color: #ff0000;\">V\u011b\u0159it tajn\u00fdm slu\u017eb\u00e1m nebo zdrav\u00e9mu rozumu?<\/span><br \/>\n\u0160v\u00e9dsk\u00fd ministr zahrani\u010d\u00ed Carl Bildt si p\u0159itom z prezidenta Zemana b\u011bhem zased\u00e1n\u00ed NATO v<br \/>\nCardiffu ve Walesu utahoval, jak je mo\u017en\u00e9, \u017ee Zeman pot\u0159ebuje o rusk\u00e9 invazn\u00ed arm\u00e1d\u011b na<br \/>\nv\u00fdchod\u011b Ukrajiny d\u016fkaz, kdy\u017e to \u0159\u00edkaj\u00ed z\u00e1padn\u00ed rozv\u011bdky, a jestli pr\u00fd \u010cesko v\u016fbec n\u011bjakou<br \/>\nrozv\u011bdku m\u00e1. Milo\u0161 Zeman na to odv\u011btil velmi \u0161tiplavou pozn\u00e1mkou, \u017ee od chv\u00edle, kdy<br \/>\njist\u00e9 americk\u00e9 a britsk\u00e9 tajn\u00e9 slu\u017eby prohla\u0161ovaly s naprostou jistotou, \u017ee Sadd\u00e1m Hussein m\u00e1\u00a0zbran\u011b hromadn\u00e9ho ni\u010den\u00ed a poj\u00edzdn\u00e9 laborato\u0159e na v\u00fdrobu Sarinu a posl\u00e9ze se uk\u00e1zalo, \u017ee nic\u00a0z toho nebyla pravda a ty poj\u00edzdn\u00e9 laborato\u0159e byly ve skute\u010dnosti kami\u00f3ny s p\u0159enosovou\u00a0televizn\u00ed technikou ir\u00e1ck\u00e9 st\u00e1tn\u00ed televize, nem\u00e1 u\u017e bezmeznou d\u016fv\u011bru v tajn\u00e9 slu\u017eby a rad\u011bji si\u00a0nech\u00e1v\u00e1 ov\u011b\u0159ovat informace z v\u00edce zdroj\u016f.<br \/>\nToto zafungovalo jako \u010derven\u00fd hadr na b\u00fdka, nebo\u0165 pozn\u00e1mka se velmi zle dotkla americk\u00e9<br \/>\nadministrativy a americk\u00e1 strana si ihned st\u011b\u017eovala na \u010desk\u00e9ho prezidenta do Prahy a za\u010dala\u00a0rozes\u00edlat do \u010desk\u00fdch m\u00e9di\u00ed \u00fatr\u017eek t\u00e9to epizody, ov\u0161em bez jej\u00ed druh\u00e9 \u010d\u00e1sti se Zemanovo\u00a0pozn\u00e1mkou o zbran\u00edch hromadn\u00e9ho ni\u010den\u00ed v Ir\u00e1ku. Kdy\u017e si projdete \u010desk\u00e1 m\u00e9dia, tedy\u00a0mainstream, nen\u00ed v nich ani slovo o Zemanov\u011b \u0161tiplav\u00e9 odpov\u011bdi Carlu Bildtovi. Ot\u00e1zkou je,\u00a0pro\u010d toto mainstream m\u00e9dia netlumo\u010d\u00ed v cel\u00e9 podob\u011b jak toto prob\u011bhlo? Je snad c\u00edlem m\u00e9di\u00ed\u00a0nasadit Zemanovi ps\u00ed hlavu? Vykreslit ho jako neschopn\u00e9ho \u00fa\u0159adu, i p\u0159esto, \u017ee h\u00e1j\u00ed z\u00e1jmy \u010ceska a sna\u017e\u00ed se nevt\u00e1hnout \u010ceskou Republiku do nepodlo\u017een\u00fdch sankc\u00ed proti Rusku ab\u00a0zabr\u00e1nit v\u00e1lce s Ruskem?<br \/>\n<span style=\"color: #ff0000;\">\u0160v\u00e9dsk\u00fd ministr zahrani\u010d\u00ed Carl Bildt si r\u00fdpnul do Zemana, ten mu to vr\u00e1til a<\/span><br \/>\n<span style=\"color: #ff0000;\"> Ameri\u010dan\u00e9 to nerozd\u00fdchali\u2026<\/span><br \/>\nPodobn\u00e9 nasazov\u00e1n\u00ed ps\u00ed hlavy toti\u017e za\u010dalo prob\u00edhat u\u017e p\u0159ed n\u011bkolika dny ve vztahu k<br \/>\npremi\u00e9rovi Sobotkovi. Proti n\u011bmu dokonce opozice, na podn\u011bt americk\u00e9ho velvyslanectv\u00ed v\u00a0Praze, to je nutno dodat, svolala mimo\u0159\u00e1dn\u00e9 zased\u00e1n\u00ed parlamentu. Pamatujete na Petra<br \/>\nNe\u010dase, jak si dovolil kritizovat Pussy Riot a p\u0159i n\u00e1v\u0161t\u011bv\u011b Moskvy utrousil pozn\u00e1mku, \u017ee<br \/>\nrusk\u00fd Atomstrojexport m\u00e1 nejlep\u0161\u00ed v\u00fdchoz\u00ed p\u0159edpoklady pro v\u00edt\u011bzstv\u00ed v tendru pro dostavbu v\u00a0Temel\u00edna? Tedy lep\u0161\u00ed pozici, ne\u017e m\u011bl americk\u00fd Westinghouse? A co n\u00e1sledovalo pot\u00e9?\u00a0Americk\u00e1 ambas\u00e1da v Praze, ve spolupr\u00e1ci s agentem CIA Karlem Jane\u010dkem a n\u011bkolika d\u016fstojn\u00edky rozv\u011bdky p\u0159ipravili medi\u00e1ln\u00ed v\u00e1lku a divadeln\u011b zdramatizovan\u00e9 sest\u0159elen\u00ed vl\u00e1dy vl\u00e1dy\u00a0Petra Ne\u010dase kv\u016fli tomu, \u017ee Ne\u010das za\u010dal p\u0159edstavovat bezpe\u010dnostn\u00ed hrozbu pro americk\u00e9\u00a0z\u00e1jmy v \u010cesk\u00e9 Republice. Karel Jane\u010dek u\u017e na ja\u0159e lo\u0148sk\u00e9ho roku pronesl: \u201eKdy\u017e se to dob\u0159e\u00a0zmana\u017euje, vl\u00e1da padne a volby budou do konce roku\u2026\u201e, k \u010demu\u017e nakonec do\u0161lo.\u00a0Americk\u00e9 velvyslanectv\u00ed v Praze jako deta\u0161ovan\u00e9\u00a0pracovi\u0161t\u011b CIA<br \/>\nTady je t\u0159eba si rozebrat \u00falohu americk\u00e9ho velvyslanectv\u00ed v Praze a jeho vliv na ud\u00e1losti ve<br \/>\nvrcholn\u00e9 \u010desk\u00e9 politice. Americk\u00e1 ambas\u00e1da je de facto deta\u0161ovan\u00fdm operativn\u00edm<br \/>\npracovi\u0161t\u011bm americk\u00e9 rozv\u011bdky. P\u0159edstavitel\u00e9 ambas\u00e1dy se \u00fa\u010dastn\u00ed opera\u010dn\u00edch \u00fakol\u016f,<br \/>\ndezinforma\u010dn\u00edch kamapan\u00ed, zpravodajsk\u00fdch her nam\u00ed\u0159en\u00fdch proti p\u0159edstavitel\u016fm \u010desk\u00e9 moci,\u00a0na ve\u0159ejnosti se \u00fa\u010dastn\u00ed velmi kontroverzn\u00edch a princip rodiny rozvracej\u00edc\u00edch akc\u00ed, jako nap\u0159.\u00a0byl patron\u00e1t nad pr\u016fvodem homosexu\u00e1l\u016f GayPride.<br \/>\nV \u010dele pr\u016fvodu homosexu\u00e1l\u016f v Praze jde americk\u00fd velvyslanec Eisen, s\u00a0transparentem z Berl\u00edna (v\u011bd\u00ed v\u016fbec ti Ameri\u010dan\u00e9 na fotografii, v jak\u00e9 zemi se zrovna\u00a0nach\u00e1z\u00ed?) a s mal\u00fdm chlapcem, kter\u00fd tomu l\u00edb\u00e1n\u00ed p\u00e1n\u016f v pr\u016fvodu nerozum\u00ed, a tak dr\u017e\u00ed\u00a0alespo\u0148 gay vlajku mezi nohama\u2026 to je mor\u00e1ln\u00ed gigantismus v pod\u00e1n\u00ed americk\u00e9ho\u00a0velvyslanectv\u00ed v Praze!<br \/>\nCo v\u0161ak je nejd\u016fle\u017eit\u011bj\u0161\u00ed, to jsou pravideln\u00e9 konzultace na ambas\u00e1d\u011b, a to se v\u0161emi \u010dleny<br \/>\n\u010desk\u00fdch politick\u00fdch stran, nejen vl\u00e1dn\u00edch, ale i opozi\u010dn\u00edch a dokonce i t\u011bch<br \/>\nmimoparlamentn\u00edch a neziskov\u00fdch. C\u00edlem je pochopiteln\u011b podchycen\u00ed t\u011bchto lid\u00ed, jejich<br \/>\nodposlechy, archivace a vyhodnocov\u00e1n\u00ed takto z\u00edskan\u00fdch informac\u00ed a jejich p\u0159\u00edpadn\u00e9 pou\u017eit\u00ed<br \/>\n(zneu\u017eit\u00ed) v budoucnosti proti nim, jako n\u00e1tlakov\u00fd prvek p\u0159i prosazov\u00e1n\u00ed americk\u00fdch z\u00e1jm\u016f,\u00a0a\u017e tito politici jednoho dne budou u moci v \u010cesk\u00e9 Republice. P\u0159esn\u011b takto si americk\u00e1\u00a0rozv\u011bdka vytipovala Angelu Merkel v N\u011bmecku, a to v dob\u011b, kdy s politikou teprve za\u010d\u00ednala. \u00a0N\u011bmeck\u00e1 kancl\u00e9\u0159ka m\u00e1 kostlivce ve sk\u00ed\u00edni, Ameri\u010dan\u00e9 j\u00ed\u00a0d\u00edky n\u011bmu vyd\u00edraj\u00ed.\u00a0Pro\u010d je Angela Merkel v takov\u00e9m vleku americk\u00e9 adminsitrativy? Co na Angelu m\u00e1 americk\u00e1\u00a0rozv\u011bdka? No, bude to asi p\u0159ekvapen\u00ed, ale podle \u010dasopisu Spiegel a dal\u0161\u00edch zdroj\u016f \u00a0m\u011bla\u00a0b\u00fdt Angela jako studentka velmi radik\u00e1ln\u00ed a levicov\u011b orientovan\u00e1, a to podobn\u011b jako slavn\u00fd\u00a0rebel, mlad\u00fd komunista zapaluj\u00edc\u00ed auta a pozd\u011bji p\u0159ed\u00e1k n\u011bmeck\u00fdch Zelen\u00fdch Joschka\u00a0Fischer. Hlavn\u00edm trumfem americk\u00e9 rozv\u011bdky proti n\u00ed jsou z\u0159ejm\u011b n\u011bjak\u00e9 d\u016fkazy, mo\u017en\u00e1\u00a0odposlechy nebo p\u00edsemnosti ve vci jej\u00ed podpory Frakci Rud\u00e9 Arm\u00e1dy (RAF), co\u017e byla\u00a0z\u00e1padon\u011bmeck\u00e1 ultralevicov\u00e1 teroristick\u00e1 organizace.<br \/>\nAngela Merkel v ml\u00e1d\u00ed byla komunistka a koketovala s ide\u00e1ly RAF, zde v uniform\u011b<br \/>\nSvobodn\u00e9 N\u011bmeck\u00e9 Ml\u00e1de\u017ee v NDR, Angela vyr\u016fstala v tehdej\u0161\u00edm V\u00fdchodn\u00edm N\u011bmecku<br \/>\nLevi\u010d\u00e1ctv\u00ed se s Angelou t\u00e1hlo v jej\u00edm mlad\u00e9m v\u011bku, to p\u0159izn\u00e1v\u00e1 ona sama, ov\u0161em na<br \/>\nve\u0159ejnosti dosud razantn\u011b odm\u00edt\u00e1, \u017ee by kdy sympatizovala s RAF. Nemus\u00edme b\u00fdt \u017e\u00e1dn\u00ed<br \/>\ng\u00e9niov\u00e9 k tomu, abychom si dali dohromady, kolik je jedna a jedna. Pro\u010d Angela poslouch\u00e1<br \/>\nna slovo americkou administrativu ve v\u011bci sankc\u00ed proti Rusku, p\u0159i\u010dem\u017e ka\u017ed\u00e1 z t\u011bch sankc\u00ed<br \/>\nt\u011b\u017ece po\u0161kozuje hlavn\u011b n\u011bmeck\u00fd pr\u016fmysl a n\u011bmeck\u00e9 z\u00e1jmy? Pro\u010d v p\u0159\u00edtomnosti Vladim\u00edra<br \/>\nPutina (viz. So\u010di nebo MS ve fotbale v Braz\u00edlii) je Angela usm\u011bvav\u00e1, uvoln\u011bn\u00e1, ale p\u0159i<br \/>\nvyhla\u0161ov\u00e1n\u00ed sankc\u00ed proti Rusku ustaran\u00e1, vystra\u0161en\u00e1, nerv\u00f3zn\u00ed a n\u011bkdy a\u017e skoro vyd\u011b\u0161en\u00e1?<br \/>\nKdo j\u00ed dr\u017e\u00ed pomyslnou pistoli u hlavy?<br \/>\nVladimir Putin a Angela Merkel v So\u010di\u2026 takhle dob\u0159e se s Obamou nikdy nebavila\u2026<br \/>\nInu, dost\u00e1vat ka\u017edou chv\u00edli kart\u00e1\u010d od americk\u00e9 administrativy a americk\u00fdch diplomat\u016f, kte\u0159\u00ed ji\u00a0d\u00e1vaj\u00ed instrukce, co m\u00e1 \u0159\u00edkat, co m\u00e1 d\u011blat, jak\u00e9 dal\u0161\u00ed sankce m\u00e1 Rusku vyhla\u0161ovat, to mus\u00ed m\u00edtn\u00a0katastrof\u00e1ln\u00ed dopad na jej\u00ed nervy, to by nezvl\u00e1dl ani leckter\u00fd chlap. Proti Zemanovi a\u00a0Sobotkovi, jak se zd\u00e1, Ameri\u010dan\u00e9 \u017e\u00e1dn\u00e9 \u0161pinav\u00e9 svinstvo nemaj\u00ed. Pokud by ho m\u011bli, u\u017e d\u00e1vno\u00a0by pohrozili jeho pou\u017eit\u00edm a oba politici by nikdy ne\u0159ekli ani zlomek z toho, co \u0159ekli ve\u00a0vztahu k pl\u00e1novan\u00fdm sankc\u00edm proti Rusku.\u00a0Sv\u011btlo na konci tunelu, nad\u011bje pro m\u00edr?<br \/>\nJe to dobr\u00e9 znamen\u00ed toho, \u017ee ne v\u0161ichni politici na \u010desk\u00e9 sc\u00e9n\u011b mus\u00ed zvedat americk\u00e9mu<br \/>\nvelvyslanci telefonn\u00ed hovory a poslouchat americk\u00e9 p\u0159\u00edkazy a doporu\u010den\u00ed, znamen\u00e1 to, \u017ee ne\u00a0v\u0161ichni politici jsou zkorumpovan\u00ed a se \u0161p\u00ednou ve sv\u00e9 minulosti. M\u016f\u017ee to b\u00fdt i t\u00edm, \u017ee n\u011bkte\u0159\u00ed politici jsou opatrn\u00ed a neprob\u00edraj\u00ed citliv\u00e9 v\u011bci po telefonech ani po emailech, a tud\u00ed\u017e americk\u00e9\u00a0tajn\u00e9 slu\u017eby potom nemaj\u00ed kde n\u011bjak\u00e9 to svinstvo na politika nasb\u00edrat. Nen\u00ed to mnoho let\u00a0zp\u011btn\u011b, co V\u00e1clav Havel posm\u011b\u0161n\u011b v jednom rozhovoru poznamenal, \u017ee \u0160trougalova vl\u00e1dam p\u0159ed Sametovou revoluc\u00ed musela konzultovat s Moskvou a se sov\u011btskou ambas\u00e1dou v Praze i\u00a0zm\u011bnu letn\u00edho \u010dasu.<br \/>\nDo mrtv\u00fdch lid\u00ed se nem\u00e1 r\u00fdpat, ale zaj\u00edmalo by mne, co by \u0159\u00edkal Havel dnes tomu, \u017ee tyt\u00e9\u017e<br \/>\nkonzultace a v mnohem v\u011bt\u0161\u00edm m\u011b\u0159\u00edtku prov\u00e1d\u00ed dnes s americkou ambas\u00e1dou nejen vl\u00e1da, ale i opozice, neziskov\u00e9 organizace, ob\u010dansk\u00e1 hnut\u00ed, sdru\u017een\u00ed a dokonce i neparlamentn\u00ed strany.<br \/>\nTakov\u00fd z\u00e1b\u011br nem\u011bla ani KGB. Tak\u017ee, d\u00e1my a p\u00e1nov\u00e9, kde to \u017eijeme? Je toto snad<br \/>\ndemokracie, kdy\u017e n\u00e1\u0161 prezident je ciz\u00edm ministrem zahrani\u010d\u00ed ciz\u00ed zem\u011b peskov\u00e1n a vl\u00e1\u010den<br \/>\nbulv\u00e1rem za sv\u016fj politick\u00fd postoj ve v\u011bci diplomatick\u00e9ho a v\u011bcn\u00e9ho urovn\u00e1n\u00ed ukrajinsk\u00e9<br \/>\nkrize?<br \/>\nMilo\u0161 Zeman a Bohuslav Sobotka, konee\u010dn\u011b n\u011bkdo, kdo \u0159ekl stop v \u0161\u00edlen\u00e9 honb\u011b za\u00a0rozpout\u00e1n\u00edm v\u00e1lky s Ruskem.\u00a0Brusel je postojem \u010desk\u00e9 politick\u00e9 reprezentace znepokojen. Odst\u0159ediv\u00fd pohyb a kroky \u010desk\u00e9\u00a0diplomacie sm\u011brem od sankc\u00ed a od v\u00e1le\u010dn\u00e9 konfrontace s Ruskem se tak m\u016f\u017ee zm\u011bnit i v\u00a0sankce p\u0159\u00edmo proti \u010cesku. Brusel zastavil na\u0161\u00ed zemi dota\u010dn\u00ed tituly p\u0159ed \u010dasem, pro\u0161et\u0159uje se\u00a0jejich \u010derp\u00e1n\u00ed a pokud \u010cesko za\u010dne takto j\u00edt proti Bruselu ve v\u011bci sankc\u00ed proti Rusku,\u00a0do\u010dk\u00e1me se sankc\u00ed i proti na\u0161\u00ed zemi. Pamatujte na Ma\u010farsko, kter\u00e9 p\u0159i\u0161lo po n\u00e1stupu\u00a0Orb\u00e1novy vl\u00e1dy o n\u011bkolik des\u00edtek dota\u010dn\u00edch program\u016f z EU a dosud je nedostalo zp\u011bt.\u00a0Ma\u010farsko za\u010dalo zlobit u\u017e v roce 2009 a dosud v Bruselu je vn\u00edm\u00e1no jako rebel.<br \/>\nM\u016f\u017eeme si o Zemanovi myslet cokoliv, ale jeho postoj k Ukrajin\u011b je t\u00edm jedin\u00fdm spr\u00e1vn\u00fdm,<br \/>\nbez ohledu na \u0161tvav\u00e9 novinov\u00e9 \u010dl\u00e1nky mainstreamu, bez ohledu na v\u00fdk\u0159iky v\u00e1le\u010dn\u00fdch \u0161tv\u00e1\u010d\u016f,\u00a0bez ohledu na nelibost americk\u00e9 strany. Toto je na\u0161e zem\u011b, na\u0161e vlast a \u017e\u00e1dn\u00e1 ciz\u00ed mocnost\u00a0nebude na\u0161\u00ed politick\u00e9 reprezentaci diktovat, co m\u00e1 d\u011blat! U\u017e jenom proto si Zeman zaslou\u017e\u00ed\u00a0na\u0161\u00ed podporu. Ne v\u00e1lce, ne fale\u0161n\u00e9mu obvi\u0148ov\u00e1n\u00ed Ruska, ne poh\u00e1dk\u00e1m kyjevsk\u00e9 junty o rusk\u00e9\u00a0vojensk\u00e9 invazi!<\/p>\n<p>Zdroj<br \/>\nhttp:\/\/aeronet.cz\/news\/neslychane-prezident-zeman-si-dovolil-poprit-oficialni-propagandubruselu-o-ruskych-vojacich-na-ukrajine\/<\/p>\n","protected":false},"excerpt":{"rendered":"<p>Zaj\u00edmav\u00fd n\u00e1zorov\u00fd obrat prob\u011bhl dnes v postoji \u010desk\u00e9ho prezidenta Milo\u0161e Zemana a je to obrat vskutku nev\u00eddan\u00fd, z pohledu z\u00e1padn\u00edch politik\u016f \u0161okuj\u00edc\u00ed, ov\u0161em z pohledu \u010desk\u00fdch ob\u010dan\u016f jde o velmi nad\u011bjnou jiskru natolik pot\u0159ebn\u00e9 nad\u011bje na odvr\u00e1cen\u00ed 3. sv. v\u00e1lky. Po premi\u00e9rovi Bohuslavu Sobotkovi je to tak druh\u00fd vrcholn\u00fd \u010desk\u00fd politik, kter\u00fd pochopil, \u017ee podl\u00e9h\u00e1n\u00ed &hellip; <a href=\"https:\/\/www.podivinsky.cz\/?p=361\" class=\"more-link\">Pokra\u010dov\u00e1n\u00ed textu <span class=\"screen-reader-text\">Nesl\u00fdchan\u00e9! Prezident Zeman si dovolil pop\u0159\u00edt ofici\u00e1ln\u00ed propagandu Bruselu o rusk\u00fdch voj\u00e1c\u00edch na Ukrajin\u011b. V Bruselu tak za\u010dali pomalu chystat i sankce proti \u010cesku jako trest za vybo\u010den\u00ed z \u0159ady!<\/span> <span class=\"meta-nav\">&rarr;<\/span><\/a><\/p>\n","protected":false},"author":1,"featured_media":0,"comment_status":"open","ping_status":"open","sticky":false,"template":"","format":"standard","meta":{"footnotes":""},"categories":[9],"tags":[],"class_list":["post-361","post","type-post","status-publish","format-standard","hentry","category-pc"],"_links":{"self":[{"href":"https:\/\/www.podivinsky.cz\/index.php?rest_route=\/wp\/v2\/posts\/361","targetHints":{"allow":["GET"]}}],"collection":[{"href":"https:\/\/www.podivinsky.cz\/index.php?rest_route=\/wp\/v2\/posts"}],"about":[{"href":"https:\/\/www.podivinsky.cz\/index.php?rest_route=\/wp\/v2\/types\/post"}],"author":[{"embeddable":true,"href":"https:\/\/www.podivinsky.cz\/index.php?rest_route=\/wp\/v2\/users\/1"}],"replies":[{"embeddable":true,"href":"https:\/\/www.podivinsky.cz\/index.php?rest_route=%2Fwp%2Fv2%2Fcomments&post=361"}],"version-history":[{"count":4,"href":"https:\/\/www.podivinsky.cz\/index.php?rest_route=\/wp\/v2\/posts\/361\/revisions"}],"predecessor-version":[{"id":365,"href":"https:\/\/www.podivinsky.cz\/index.php?rest_route=\/wp\/v2\/posts\/361\/revisions\/365"}],"wp:attachment":[{"href":"https:\/\/www.podivinsky.cz\/index.php?rest_route=%2Fwp%2Fv2%2Fmedia&parent=361"}],"wp:term":[{"taxonomy":"category","embeddable":true,"href":"https:\/\/www.podivinsky.cz\/index.php?rest_route=%2Fwp%2Fv2%2Fcategories&post=361"},{"taxonomy":"post_tag","embeddable":true,"href":"https:\/\/www.podivinsky.cz\/index.php?rest_route=%2Fwp%2Fv2%2Ftags&post=361"}],"curies":[{"name":"wp","href":"https:\/\/api.w.org\/{rel}","templated":true}]}}