{"id":397,"date":"2014-12-20T12:29:54","date_gmt":"2014-12-20T11:29:54","guid":{"rendered":"http:\/\/www.podivinsky.cz\/?p=397"},"modified":"2014-12-20T12:40:00","modified_gmt":"2014-12-20T11:40:00","slug":"projev-putina-na-valdajskem-klubu","status":"publish","type":"post","link":"https:\/\/www.podivinsky.cz\/?p=397","title":{"rendered":"Projev Putina na Valdajsk\u00e9m klubu"},"content":{"rendered":"<p align=\"JUSTIFY\"><strong>V\u00e1\u017een\u00ed kolegov\u00e9! D\u00e1my a p\u00e1nov\u00e9! V\u00e1\u017een\u00ed p\u0159\u00e1tel\u00e9! Cht\u011bl bych v\u00e1s srde\u010dn\u011b p\u0159iv\u00edtat na dne\u0161n\u00ed 11. konferenci debatn\u00edho klubu Valdaj.<\/strong><\/p>\n<p align=\"JUSTIFY\">Ji\u017e zde zazn\u011blo, \u017ee se letos ke klubu p\u0159ipojili nov\u00ed spoluorganiz\u00e1to\u0159i. Mezi nimi jsou rusk\u00e9 nevl\u00e1dn\u00ed a expertn\u00ed struktury \u010di vedouc\u00ed univerzity. Z\u00e1rove\u0148 zde mimo jin\u00e9 zazn\u011bl n\u00e1vrh na to, aby se krom\u011b rusk\u00e9 problematiky diskutovalo o ot\u00e1zk\u00e1ch glob\u00e1ln\u00ed politiky a ekonomiky.<\/p>\n<p align=\"JUSTIFY\">P\u0159edpokl\u00e1d\u00e1m, \u017ee tyto organiza\u010dn\u00ed i obsahov\u00e9 zm\u011bny potvrd\u00ed kl\u00ed\u010dovou pozici tohoto debatn\u00edho a expertn\u00edho klubu. Tak\u00e9 douf\u00e1m, \u017ee se poda\u0159\u00ed udr\u017eet tzv. valdajsk\u00e9ho ducha a spolu s n\u00edm i otev\u0159enou a svobodomyslnou atmosf\u00e9ru, d\u00edky kter\u00e9 zde budeme moci i nad\u00e1le vyslovovat t\u0159eba i odli\u0161n\u00e9, ale z\u00e1rove\u0148 up\u0159\u00edmn\u011b m\u00edn\u011bn\u00e9 postoje.<\/p>\n<p align=\"JUSTIFY\">V\u00a0t\u00e9to souvislosti bych cht\u011bl \u0159\u00edci, \u017ee v\u00e1s nezklamu. S\u00e1m budu mluvit otev\u0159en\u011b a up\u0159\u00edmn\u011b. Je mo\u017en\u00e9, \u017ee se budou n\u011bkter\u00e1 m\u00e1 slova zd\u00e1t a\u017e p\u0159\u00edli\u0161 drsn\u00e1. Ale pokud bychom nehovo\u0159ili otev\u0159en\u011b a up\u0159\u00edmn\u011b o tom, co si doopravdy mysl\u00edme, tak by nem\u011blo v\u016fbec smysl se zde spole\u010dn\u011b sch\u00e1zet. V\u00a0takov\u00e9m p\u0159\u00edpad\u011b by snad bylo lep\u0161\u00ed potk\u00e1vat se na diplomatick\u00fdch rautech, na kter\u00fdch se nikdo nebav\u00ed o ni\u010dem smyslupln\u00e9m. Vzpom\u00edn\u00e1m na slova jednoho diplomata, kter\u00fd \u0159ekl, \u017ee jazyk byl diplomatovi d\u00e1n proto, aby ne\u0159\u00edkal pravdu.<\/p>\n<p align=\"JUSTIFY\">My se zde v\u0161ak sch\u00e1z\u00edme z\u00a0jin\u00e9ho d\u016fvodu. Jsem tu proto, abychom mluvili otev\u0159en\u011b. B\u00fdt up\u0159\u00edmn\u00fd a mluvit bez obalu v\u0161ak neznamen\u00e1, \u017ee bychom cht\u011bli z\u00e1m\u011brn\u011b vyvol\u00e1vat vz\u00e1jemnou konfrontaci. Mluvit nap\u0159\u00edmo a bez zbyte\u010dn\u00fdch diplomatick\u00fdch fr\u00e1z\u00ed je v\u0161ak nutn\u00e9 proto, abychom si mohli l\u00e9pe ujasnit, co se ve skute\u010dnosti kolem n\u00e1s d\u011bje. Pro\u010d se sv\u011bt st\u00e1v\u00e1 \u010d\u00edm d\u00e1l v\u00edce nebezpe\u010dn\u011bj\u0161\u00ed a m\u00e9n\u011b \u010diteln\u00fd, pro\u010d se neust\u00e1le objevuj\u00ed dal\u0161\u00ed hrozby.<\/p>\n<p align=\"JUSTIFY\">Ve sv\u011bt\u011b si mnoho v\u011bc\u00ed proti\u0159e\u010d\u00ed. Bohu\u017eel nem\u00e1me jistotu, \u017ee glob\u00e1ln\u00ed a region\u00e1ln\u00ed syst\u00e9m bezpe\u010dnosti n\u00e1s m\u016f\u017ee ochr\u00e1nit p\u0159ed ne\u0161t\u011bst\u00edm. Mezin\u00e1rodn\u00ed a region\u00e1ln\u00ed org\u00e1ny pro politickou, ekonomickou a kulturn\u00ed spolupr\u00e1ci to dnes skute\u010dn\u011b nemaj\u00ed zrovna jednoduch\u00e9.<\/p>\n<p align=\"JUSTIFY\">N\u00e1zev dne\u0161n\u00ed diskuze by mohl zn\u00edt Nov\u00e1 pravidla hry nebo Hra bez pravidel. Domn\u00edv\u00e1m se, \u017ee tento n\u00e1zev p\u0159esn\u011b vystihuje historick\u00fd bod, kter\u00e9ho jsme pr\u00e1v\u011b nyn\u00ed dos\u00e1hli, a stejn\u011b tak pregnantn\u011b vyjad\u0159uje v\u00fdzvy, kter\u00fdm nyn\u00ed \u010del\u00edme.<\/p>\n<p align=\"JUSTIFY\">My\u0161lenka o tom, \u017ee se sou\u010dasn\u00fd sv\u011bt velice rychle m\u011bn\u00ed, nen\u00ed nov\u00e1. I j\u00e1 jsem si v\u011bdom, \u017ee b\u011bhem t\u00e9to debaty tato my\u0161lenka zazn\u011bla. Je opravdu velice t\u011b\u017ek\u00e9 nepov\u0161imnout si z\u00e1sadn\u00edch zm\u011bn ve sf\u00e9\u0159e glob\u00e1ln\u00ed politiky, ekonomiky, ve\u0159ejn\u00e9ho \u017eivota, pr\u016fmyslu, informac\u00ed nebo soci\u00e1ln\u00edch technologi\u00ed.<\/p>\n<p align=\"JUSTIFY\">P\u0159edem se omlouv\u00e1m, jestli budu opakovat to, co zde ji\u017e bylo \u00fa\u010dastn\u00edky debaty \u0159e\u010deno. Je nemo\u017en\u00e9 se tomu vyhnout, jeliko\u017e jste se vyjad\u0159ovali dost podrobn\u011b. Budu v\u0161ak vyjad\u0159ovat sv\u016fj n\u00e1zor, kter\u00fd se m\u016f\u017ee s t\u00edm va\u0161\u00edm v\u00a0n\u011b\u010dem shodovat a v\u00a0n\u011b\u010dem naopak li\u0161it. P\u0159i anal\u00fdze dne\u0161n\u00ed situace bychom nem\u011bli opom\u00edjet historii. V prv\u00e9 \u0159ad\u011b je to zm\u011bna sv\u011btov\u00e9ho \u0159\u00e1du (v dne\u0161n\u00edm rozsahu), kter\u00e1 byla doprov\u00e1zena, jestli\u017ee ne p\u0159\u00edmo glob\u00e1ln\u00ed v\u00e1lkou nebo glob\u00e1ln\u00edm konfliktem, tak \u0159et\u011bzcem intenzivn\u00edch region\u00e1ln\u00edch konflikt\u016f. A za druh\u00e9, sv\u011btov\u00e1 politika p\u0159edev\u0161\u00edm zahrnuje ekonomick\u00e9 veden\u00ed, ot\u00e1zky v\u00e1lky a m\u00edru, humanit\u00e1rn\u00ed sf\u00e9ry a pat\u0159\u00ed sem samoz\u0159ejm\u011b i lidsk\u00e1 pr\u00e1va.<\/p>\n<p align=\"JUSTIFY\">Ve sv\u011bt\u011b si mnoh\u00e9 proti\u0159e\u010d\u00ed. A m\u011bli bychom se up\u0159\u00edmn\u011b sami sebe zeptat, zda existuje spolehliv\u00fd bezpe\u010dnostn\u00ed syst\u00e9m. Bohu\u017eel, nem\u00e1me garanci, \u017ee existuj\u00edc\u00ed bezpe\u010dnostn\u00ed syst\u00e9m n\u00e1s m\u016f\u017ee zcela ochr\u00e1nit. Tento syst\u00e9m je znateln\u011b oslaben a deformov\u00e1n.<\/p>\n<p align=\"JUSTIFY\">Ano, mnoh\u00e9 mechanizmy zabezpe\u010den\u00ed po\u0159\u00e1dku se vytvo\u0159ily u\u017e p\u0159ed n\u011bjakou dobou, p\u0159edev\u0161\u00edm na z\u00e1klad\u011b v\u00fdsledk\u016f druh\u00e9 sv\u011btov\u00e9 v\u00e1lky. Stabilita t\u011bchto mechanizm\u016f z\u00e1visela nejen na rovnov\u00e1ze sil a na pr\u00e1vech v\u00edt\u011bze, ale i na tom, \u017ee \u201eotcov\u00e9 zakladatel\u00e9\u201c t\u011bchto bezpe\u010dnostn\u00edch syst\u00e9m\u016f se nesna\u017eili z\u00edskat pro sebe co nejv\u00edce, ale sna\u017eili se n\u011bjak\u00fdm zp\u016fsobem domluvit.<\/p>\n<p align=\"JUSTIFY\">D\u016fle\u017eit\u00e9 je si uv\u011bdomit, \u017ee tento syst\u00e9m se mus\u00ed d\u00e1le rozv\u00edjet. Navzdory v\u0161em sv\u00fdm nedostatk\u016fm mus\u00ed b\u00fdt alespo\u0148 schopen udr\u017eet probl\u00e9my a regulovat m\u00edru p\u0159irozen\u00e9 sout\u011b\u017eivosti mezi jednotliv\u00fdmi st\u00e1ty.<\/p>\n<p align=\"JUSTIFY\">Syst\u00e9m \u201ezadr\u017eov\u00e1n\u00ed a protiv\u00e1hy\u201c, kter\u00fd se minul\u00e1 desetilet\u00ed tak t\u011b\u017ece tvo\u0159il, se stejn\u011b tak \u010dasto obt\u00ed\u017en\u011b realizoval. Nebylo v\u0161ak spr\u00e1vn\u00e9 tento syst\u00e9m ni\u010dit, pokud jsme nevytvo\u0159ili syst\u00e9m nov\u00fd, kter\u00fd by jej vyst\u0159\u00eddal. V takov\u00e9m p\u0159\u00edpad\u011b nen\u00ed jin\u00e1 mo\u017enost ne\u017e pou\u017e\u00edt hrubou s\u00edlu. M\u011bla se v ka\u017ed\u00e9m p\u0159\u00edpad\u011b prov\u00e9st rekonstrukce a p\u0159izp\u016fsobit se nov\u00fdm syst\u00e9m\u016fm mezin\u00e1rodn\u00edch vztah\u016f.<\/p>\n<p align=\"JUSTIFY\">Ale Spojen\u00e9 st\u00e1ty, kter\u00e9 samy sebe pova\u017euj\u00ed za v\u00edt\u011bze studen\u00e9 v\u00e1lky, se sebev\u011bdom\u011b rozhodly, \u017ee to jednodu\u0161e nen\u00ed t\u0159eba. A nam\u00edsto toho, aby se vytvo\u0159ila nov\u00e1 rovnov\u00e1ha sil, jako\u017eto z\u00e1sadn\u00edho faktoru po\u0159\u00e1dku a stability, do\u0161lo naopak ur\u010dit\u00fdm jedn\u00e1n\u00edm k\u00a0\u00fapln\u00e9mu naru\u0161en\u00ed rovnov\u00e1hy.<\/p>\n<p align=\"JUSTIFY\">Studen\u00e1 v\u00e1lka je za n\u00e1mi. Nebyla v\u0161ak ukon\u010dena sm\u00edrem, jasn\u00fdm a transparentn\u00edm ujedn\u00e1n\u00edm o dodr\u017eov\u00e1n\u00ed existuj\u00edc\u00edch pravidel nebo vytvo\u0159en\u00edm nov\u00fdch pravidel a standard\u016f. Zd\u00e1 se, \u017ee tzv. v\u00edt\u011bzov\u00e9 studen\u00e9 v\u00e1lky se rozhodli rozporcovat cel\u00fd sv\u011bt podle sv\u00fdch p\u0159edstav. Tedy tak, aby na z\u00e1klad\u011b nov\u00e9ho uspo\u0159\u00e1d\u00e1n\u00ed z\u00edskali co nejv\u00edce v\u00fdhod. A v\u00a0p\u0159\u00edpad\u011b, \u017ee syst\u00e9m mezin\u00e1rodn\u00edch vztah\u016f, mezin\u00e1rodn\u00edho pr\u00e1va, tedy syst\u00e9m \u201ezadr\u017eov\u00e1n\u00ed a protiv\u00e1hy\u201c, st\u00e1ly v\u00a0cest\u011b k\u00a0dosa\u017een\u00ed t\u011bchto c\u00edl\u016f, tak se v\u0161echny syst\u00e9my ozna\u010dily jako nepot\u0159ebn\u00e9 a zasluhuj\u00edc\u00ed likvidaci.<\/p>\n<p align=\"JUSTIFY\"><strong>Promi\u0148te mi to srovn\u00e1n\u00ed, ale v\u00edt\u011bzov\u00e9 studen\u00e9 v\u00e1lky se chovali stejn\u011b jako na\u0161i ru\u0161t\u00ed zbohatl\u00edci, kter\u00fdm ne\u010dekan\u011b spadlo do kl\u00edna ohromn\u00e9 bohatstv\u00ed.<\/strong> V p\u0159\u00edpad\u011b z\u00e1padn\u00edch mocnost\u00ed zase \u0161lo o sv\u011btovou nadvl\u00e1du. A m\u00edsto toho, aby tuto neuv\u011b\u0159itelnou p\u0159\u00edze\u0148 \u0161t\u011bst\u011bny moud\u0159e vyu\u017e\u00edvaly, samoz\u0159ejm\u011b i ve sv\u016fj prosp\u011bch, tak podle m\u00e9ho n\u00e1zoru ud\u011blaly mnoho hloupost\u00ed.<\/p>\n<p align=\"JUSTIFY\">Vstoupili jsme do historick\u00e9ho obdob\u00ed, ve kter\u00e9m je sv\u011btov\u00e1 politika charakterizov\u00e1na mnoha nesrovnalostmi a pop\u00edr\u00e1n\u00edm fakt\u016f. Pod tlakem pr\u00e1vn\u00edho nihilismu za\u010dalo b\u00fdt mezin\u00e1rodn\u00ed pr\u00e1vo postupn\u011b upoza\u010fov\u00e1no. Objektivita a spravedlnosti byly ob\u011btov\u00e1ny na olt\u00e1\u0159i prosp\u011bch\u00e1\u0159sk\u00e9 politiky. Pr\u00e1vn\u00ed normy vyst\u0159\u00eddaly sv\u00e9voln\u00e1 interpretace a zkreslen\u00e9 pohledy. V r\u00e1mci absolutn\u00ed kontroly nad m\u00e9dii lze vyd\u00e1vat b\u00edl\u00e9 za \u010dern\u00e9 a \u010dern\u00e9 za b\u00edl\u00e9.<\/p>\n<p align=\"JUSTIFY\">V\u00a0situaci, kdy sv\u011btov\u00e9mu d\u011bn\u00ed dominuje jedna zem\u011b a jej\u00ed spojenci, \u010dasto ozna\u010dovan\u00e9 za \u201esatelity\u201c, jev\u00ed se \u00fadajn\u00e9 hled\u00e1n\u00ed glob\u00e1ln\u00edch \u0159e\u0161en\u00ed sp\u00ed\u0161 jako propagace jejich vlastn\u00edch z\u00e1jm\u016f. Ambice t\u00e9to skupiny vzrostly natolik, \u017ee n\u00e1zory, kter\u00e9 vznikaj\u00ed v\u00a0jejich kruz\u00edch, za\u010dala vyd\u00e1vat za n\u00e1zory cel\u00e9ho sv\u011btov\u00e9ho spole\u010denstv\u00ed. Takov\u00fd pohled na v\u011bc p\u0159itom neodpov\u00edd\u00e1 realit\u011b.<\/p>\n<p align=\"JUSTIFY\">N\u00e1rodn\u00ed svrchovanost se v\u00a0mnoha st\u00e1tech stala term\u00ednem s\u00a0relativn\u00ed hodnotou. Byla vypracov\u00e1na n\u00e1sleduj\u00edc\u00ed formule, kter\u00e1 \u0159\u00edk\u00e1, \u017ee \u010d\u00edm v\u00edce je st\u00e1t loaj\u00e1ln\u00ed k\u00a0jedin\u00e9mu sv\u011btov\u00e9mu centru vl\u00e1dy, t\u00edm v\u00edce se utvrzuje legitimita toho \u010di jin\u00e9ho vl\u00e1dnouc\u00edho re\u017eimu.<\/p>\n<p align=\"LEFT\">Pozd\u011bji p\u0159ijde na \u0159adu voln\u00e1 diskuze, v pr\u016fb\u011bhu kter\u00e9 r\u00e1d zodpov\u00edm va\u0161e dotazy a rovn\u011b\u017e s\u00e1m vyu\u017eiji mo\u017enost polo\u017eit ot\u00e1zky i v\u00e1m. B\u011bhem t\u00e9to debaty budete m\u00edt samoz\u0159ejm\u011b p\u0159\u00edle\u017eitost vyvr\u00e1tit teze, kter\u00e9 jsem nyn\u00ed vyslovil.<\/p>\n<p>Opat\u0159en\u00ed v\u016f\u010di t\u011bm, kte\u0159\u00ed se nehodlaj\u00ed podvolit, jsou n\u00e1m dob\u0159e zn\u00e1ma. Mnohokr\u00e1t jsme byli sv\u011bdky toho, jak byla tato opat\u0159en\u00ed vyzkou\u0161ena v praxi. Zahrnuj\u00ed pou\u017eit\u00ed silov\u00fdch prost\u0159edk\u016f, d\u00e1le ekonomick\u00fd a propagandistick\u00fd tlak, z\u00e1sahy do vnit\u0159n\u00edch z\u00e1le\u017eitost\u00ed, odvol\u00e1v\u00e1n\u00ed se k\u00a0tzv. \u201enadpr\u00e1vn\u00ed\u201c legitimit\u011b, kdy\u017e je t\u0159eba ospravedlnit \u0159e\u0161en\u00ed konflikt\u016f pomoc\u00ed protipr\u00e1vn\u00edch n\u00e1stroj\u016f a n\u00e1sledn\u00e9 odstran\u011bn\u00ed ne\u017e\u00e1douc\u00edch re\u017eim\u016f.<\/p>\n<p align=\"LEFT\">V\u00a0posledn\u00ed dob\u011b se objevuj\u00ed d\u016fkazy, \u017ee jsou nepohodln\u00ed v\u016fdci t\u011bchto st\u00e1t\u016f bezohledn\u011b vyd\u00edr\u00e1n\u00ed. Nen\u00ed divu, \u017ee tzv. \u201eVelk\u00fd bratr\u201c utr\u00e1c\u00ed miliardy dolar\u016f ro\u010dn\u011b na sledov\u00e1n\u00ed cel\u00e9ho sv\u011bta v\u010detn\u011b sv\u00fdch nejbli\u017e\u0161\u00edch spojenc\u016f.<\/p>\n<p align=\"JUSTIFY\">Zeptejme se sami sebe, nakolik se c\u00edt\u00edme v takov\u00e9m sv\u011bt\u011b bezpe\u010dn\u011b a komfortn\u011b. Nakolik je takov\u00fd sv\u011bt spravedliv\u00fd a racion\u00e1ln\u00ed. Mo\u017en\u00e1 ani nem\u00e1me p\u00e1dn\u00fd d\u016fvod se ob\u00e1vat, p\u0159\u00edt se a pokl\u00e1dat nep\u0159\u00edjemn\u00e9 ot\u00e1zky? Mo\u017en\u00e1, \u017ee Spojen\u00e9 st\u00e1ty uplat\u0148uj\u00ed sv\u00e9 sv\u011btov\u00e9 v\u016fdcovstv\u00ed zp\u016fsobem, p\u0159isp\u00edvaj\u00edc\u00edm ke\u00a0v\u0161eobecn\u00e9mu blahu. Mo\u017en\u00e1, \u017ee Spojen\u00e9 st\u00e1ty p\u0159in\u00e1\u0161ej\u00ed sv\u011btu klid, pokoj, demokracii a my se d\u00edky nim m\u016f\u017eeme v\u0161ichni uvolnit a u\u017e\u00edvat si \u017eivota?<\/p>\n<p align=\"JUSTIFY\">Dovol\u00edm si \u0159\u00edci, \u017ee to tak rozhodn\u011b nen\u00ed. <strong>Rozhodn\u011b ne<\/strong>.<\/p>\n<p align=\"JUSTIFY\">Jednostrann\u00fd dikt\u00e1t a navazov\u00e1n\u00ed sv\u00fdch vlastn\u00edch idej\u00ed maj\u00ed opa\u010dn\u00fd dopad. M\u00edsto odstran\u011bn\u00ed konflikt\u016f doch\u00e1z\u00ed naopak k jejich eskalaci. M\u00edsto suver\u00e9nn\u00edch a pevn\u00fdch st\u00e1t\u016f vznik\u00e1 chaos a nepo\u0159\u00e1dek. M\u00edsto demokracie jsou podporov\u00e1na pochybn\u00e1 uskupen\u00ed, od neonacist\u016f a\u017e po isl\u00e1msk\u00e9 radik\u00e1ly.<\/p>\n<p align=\"JUSTIFY\">A pro\u010d je podporuj\u00ed? Proto\u017ee je v\u00a0ur\u010dit\u00fd okam\u017eik vyu\u017e\u00edvaj\u00ed k\u00a0dosa\u017een\u00ed vlastn\u00edch c\u00edl\u016f. Potom se sp\u00e1l\u00ed a st\u00e1hnou se zp\u00e1tky. Nesta\u010d\u00edm se divit, jak na\u0161i partne\u0159i opakuj\u00ed st\u00e1le stejn\u00e9 chyby.<\/p>\n<p align=\"JUSTIFY\"><span style=\"color: #ff0000;\">V\u00a0minulosti financovali isl\u00e1msk\u00e1 radik\u00e1ln\u00ed hnut\u00ed pro boj proti Sov\u011btsk\u00e9mu svazu. Tito bojovn\u00edci pro\u0161li v\u00e1le\u010dnou zkou\u0161kou v\u00a0Afgh\u00e1nist\u00e1nu. Pozd\u011bji se z t\u011bchto z\u00e1klad\u016f zrodila Al-K\u00e1ida a T\u00e1lib\u00e1n.<\/span> Jestli\u017ee je Z\u00e1pad p\u0159\u00edmo nepodporoval, tak p\u0159inejmen\u0161\u00edm nad neblah\u00fdm v\u00fdvojem p\u0159iv\u00edral o\u010di. J\u00e1 bych ov\u0161em sp\u00ed\u0161 \u0159ekl, \u017ee podporoval. A to politicky, zpravodajsky a v neposledn\u00ed \u0159ad\u011b i finan\u010dn\u011b aby mohli vniknout tito mezin\u00e1rodn\u00ed terorist\u00e9 i do Ruska. A\u017e pot\u00e9, co se na \u00fazem\u00ed samotn\u00fdch St\u00e1t\u016f odehr\u00e1ly hrozn\u00e9 teroristick\u00e9 \u00fatoky, tak se za\u010dalo ve\u0159ejn\u011b v\u00edce mluvit o obecn\u00e9m nebezpe\u010d\u00ed glob\u00e1ln\u00edho terorismu. Chci p\u0159ipomenout, \u017ee jsme tehdy jako prvn\u00ed podpo\u0159ili n\u00e1rod Spojen\u00fdch st\u00e1t\u016f. Na ud\u00e1losti 11. z\u00e1\u0159\u00ed jsme skute\u010dn\u011b reagovali jako p\u0159\u00e1tel\u00e9 a partne\u0159i.<\/p>\n<p align=\"JUSTIFY\">B\u011bhem spole\u010dn\u00fdch diskuz\u00ed s\u00a0politick\u00fdmi l\u00eddry USA a Evropy jsem po\u0159\u00e1d mluvil o nezbytnosti postupovat v boji proti terorismu spole\u010dn\u011b. Nen\u00ed mo\u017en\u00e9 rezignovat a s touto glob\u00e1ln\u00ed hrozbou se jen tak ne\u010dinn\u011b sm\u00ed\u0159it. Stejn\u011b tak ov\u0161em nen\u00ed mo\u017en\u00e9 ji uml\u010det s\u00a0vyu\u017eit\u00edm dvoj\u00edch standard\u016f. Souhlasili s\u00a0n\u00e1mi, ale po n\u011bjak\u00e9 dob\u011b se v\u0161e vr\u00e1tilo do star\u00fdch kolej\u00ed. N\u00e1sledoval z\u00e1sah do Ir\u00e1ku a Libye, kter\u00e1 byla na hranici kolapsu. A pro\u010d se vlastn\u011b musela Libye dostat do t\u00e9to situace? Te\u010f je tato zem\u011b \u00fato\u010di\u0161t\u011bm terorist\u016f a ide\u00e1ln\u00ed z\u00e1kladnou, odkud mohou podnikat v\u00fdpady do cel\u00e9ho sv\u011bta.<\/p>\n<p align=\"JUSTIFY\">Pouze pevn\u00e9 odhodl\u00e1n\u00ed a moudrost sou\u010dasn\u00e9 egyptsk\u00e9 vl\u00e1dy zabr\u00e1nily tomu, aby se v t\u00e9to d\u016fle\u017eit\u00e9 arabsk\u00e9 zemi roz\u0161\u00ed\u0159il chaos a k moci se dostali extremist\u00e9. V minulosti Spojen\u00e9 st\u00e1ty jejich spojence p\u0159\u00edmo financovaly, dod\u00e1valy zbran\u011b a umo\u017enily j\u00edm z\u00edsk\u00e1vat \u017eold\u00e1ky z\u00a0cel\u00e9ho sv\u011bta. Odkud maj\u00ed bojovn\u00edci zbran\u011b, pen\u00edze \u010di v\u00e1le\u010dn\u011b experty? Kde se to v\u0161echno bere? Jak se z\u00a0nev\u00fdznamn\u00e9ho Isl\u00e1msk\u00e9ho st\u00e1tu (IS) stalo nebezpe\u010dn\u00e9 v\u00e1le\u010dn\u00e9 seskupen\u00ed, kter\u00e9 m\u00e1 k dispozici skute\u010dn\u011b zna\u010dnou vojenskou s\u00edlu?<\/p>\n<p align=\"JUSTIFY\">Financov\u00e1n\u00ed t\u011bchto extremist\u016f prob\u00edh\u00e1 nejen d\u00edky prodeji drog, kter\u00fd mimochodem v dob\u011b p\u0159\u00edtomnosti mezin\u00e1rodn\u00edch sil v\u00a0Afgh\u00e1nist\u00e1nu n\u011bkolikr\u00e1t vzrostl. D\u011bje se tak i d\u00edky t\u011b\u017eb\u011b ropy, kter\u00e1 je na \u00fazem\u00ed terorist\u016f siln\u011b rozvinut\u00e1. Prod\u00e1vaj\u00ed ji za v\u00fdhodn\u00e9 ceny, t\u011b\u017e\u00ed ji ve velk\u00e9m mno\u017estv\u00ed a dod\u00e1vaj\u00ed do cel\u00e9ho sv\u011bta. N\u011bkdo ji kupuje a vyd\u011bl\u00e1v\u00e1 na tom, ani\u017e by se zamyslel nad t\u00edm, \u017ee tak financuje teroristy, kte\u0159\u00ed mohou za n\u011bjakou dobu ovl\u00e1dnout i jeho zemi.<\/p>\n<p align=\"JUSTIFY\">Odkud p\u0159ich\u00e1z\u00ed posily? V\u00a0Ir\u00e1ku byly po smrti Sadd\u00e1ma Husajna zni\u010deny v\u0161echny vl\u00e1dn\u00ed struktury v\u010detn\u011b arm\u00e1dy. U\u017e tehdy jsme \u0159\u00edkali, bu\u010fte opatrn\u00ed. Vyhnali jste lidi do ulic, ale co tam te\u010f budou d\u011blat? Nezapome\u0148te, \u017ee st\u00e1li (bez ohledu na to, kam ji p\u0159ivedli) ve veden\u00ed velk\u00e9 zem\u011b a nikdo nev\u00ed, jak\u00fdm sm\u011brem se bude kon\u00e1n\u00ed ub\u00edrat nyn\u00ed.<\/p>\n<p align=\"JUSTIFY\">A ve v\u00fdsledku jsou dnes des\u00edtky tis\u00edc voj\u00e1k\u016f na ulic\u00edch a p\u0159id\u00e1vaj\u00ed se k\u00a0bojovn\u00edk\u016fm IS. Mo\u017en\u00e1 to vysv\u011btluje, pro\u010d je Isl\u00e1msk\u00fd st\u00e1t tolik \u00fasp\u011b\u0161n\u00fd? Z vojensk\u00e9ho hlediska jsou velice efektivn\u00ed a maj\u00ed ve sv\u00e9m veden\u00ed mnoho schopn\u00fdch profesion\u00e1l\u016f.<\/p>\n<p align=\"JUSTIFY\">Rusko opakovan\u011b varovalo p\u0159ed hrozbou protipr\u00e1vn\u00edch vojensk\u00fdch akc\u00ed a vm\u011b\u0161ov\u00e1n\u00ed se do vnit\u0159n\u00edch z\u00e1le\u017eitost\u00ed suver\u00e9nn\u00edch st\u00e1t\u016f, stejn\u011b jako p\u0159ed koketov\u00e1n\u00edm s extremisty a n\u00e1bo\u017eensk\u00fdmi radik\u00e1ly. Trvali jsme na tom, aby byly teroristick\u00e9 skupiny bojuj\u00edc\u00ed proti centr\u00e1ln\u00ed syrsk\u00e9 vl\u00e1d\u011b d\u00e1ny na seznam teroristick\u00fdch organizac\u00ed. Nebyli jsme bohu\u017eel vysly\u0161eni.<\/p>\n<p align=\"LEFT\">N\u011bkdy m\u00e1me pocit, \u017ee na\u0161i kolegov\u00e9 a p\u0159\u00e1tel\u00e9 \u010dasto bojuj\u00ed proti n\u00e1sledk\u016fm sv\u00e9 vlastn\u00ed politiky. V\u011bnuj\u00ed ve\u0161ker\u00e9 sv\u00e9 \u00fasil\u00ed v boji proti n\u011b\u010demu, co sami vytvo\u0159ili a plat\u00ed za to n\u00e1sledn\u011b vysokou cenu.<\/p>\n<p align=\"LEFT\">V\u00e1\u017een\u00ed kolegov\u00e9! Obdob\u00ed, ve kter\u00e9m dominovala pouze jedna velmoc, se uk\u00e1zalo, \u017ee nevede ke zlep\u0161en\u00ed realizace glob\u00e1ln\u00edch proces\u016f. Naopak tato nestabiln\u00ed konstrukce dokl\u00e1d\u00e1 neschopnost \u00fa\u010dinn\u011b bojovat proti hrozb\u00e1m, kter\u00e9 zahrnuj\u00ed region\u00e1ln\u00ed konflikty, terorismus, obchodov\u00e1n\u00ed s drogami, n\u00e1bo\u017eensk\u00fd fanatismus, \u0161ovinismus a neonacismus. V t\u00e9 sam\u00e9 dob\u011b byla otev\u0159ena cesta k p\u0159ehnan\u00e9mu nacionalismu, manipulaci s ve\u0159ejn\u00fdm m\u00edn\u011bn\u00edm a k hrub\u00e9mu potla\u010dov\u00e1n\u00ed slab\u0161\u00edch siln\u011bj\u0161\u00edmi.<\/p>\n<p align=\"JUSTIFY\">Ve sv\u00e9 podstat\u011b je sv\u011bt, ve kter\u00e9m dominuje pouze jedna velmoc, apologi\u00ed diktatury nad lidmi i st\u00e1ty. Nav\u00edc je to sv\u011bt nepohodln\u00fd a obt\u00ed\u017en\u011b kontrolovateln\u00fd i pro \u201esamozvan\u00e9ho\u201c v\u016fdce. Dnes jsme op\u011bt sv\u011bdky nov\u00fdch pokus\u016f o obnovu n\u011bkter\u00e9 formy kvazibipol\u00e1rn\u00edho sv\u011bta, kvazibipol\u00e1rn\u00edho syst\u00e9mu jako v\u00fdhodn\u00e9ho modelu pro reprodukci americk\u00e9 nadvl\u00e1dy. A nen\u00ed d\u016fle\u017eit\u00e9, kdo v\u00a0o\u010d\u00edch americk\u00e9 propagandy bude p\u0159edstavovat \u201ecentrum zla\u201c. Jestli \u00cdr\u00e1n jako zem\u011b s\u00a0jadern\u00fdmi technologiemi, \u010c\u00edna jako prvn\u00ed sv\u011btov\u00e1 ekonomika nebo Rusko jako jadern\u00e1 velmoc.<\/p>\n<p align=\"JUSTIFY\">Dnes op\u011bt vid\u00edme pokusy o rozd\u011blen\u00ed sv\u011bta, prov\u00e9st linii, vytv\u00e1\u0159en\u00ed koalic nikoli ve prosp\u011bch, ale proti n\u011bkomu. Pat\u0159\u00ed sem i pokusy vykreslit obraz nep\u0159\u00edtele, stejn\u011b jako v\u00a0dob\u011b studen\u00e9 v\u00e1lky, a z\u00edskat pr\u00e1vo na nik\u00fdm neomezovan\u00e9 v\u016fdcovstv\u00ed. Chcete-li dikt\u00e1t. Jak se tyto z\u00e1le\u017eitosti posuzovaly v\u00a0dob\u011b studen\u00e9 v\u00e1lky, v\u0161ichni v\u00edme. Spojenc\u016fm USA se v\u017edy \u0159\u00edkalo: \u201e<span style=\"color: #3366ff;\">M\u00e1me spole\u010dn\u00e9ho nep\u0159\u00edtele, je hr\u016fzostra\u0161n\u00fd, je to centrum zla a my v\u00e1s od n\u011bj chr\u00e1n\u00edme, proto m\u00e1me pr\u00e1vo v\u00e1s kontrolovat a nutit v\u00e1s ob\u011btovat svoje politick\u00e9 a ekonomick\u00e9 z\u00e1jmy, n\u00e9st n\u00e1klady za kolektivn\u00ed obranu, kterou v\u0161ak stanov\u00edme, samoz\u0159ejm\u011b, my.<\/span>\u201c Dnes je vid\u011bt touha realizovat obvykl\u00e1 sch\u00e9mata glob\u00e1ln\u00edho \u0159\u00edzen\u00ed, a to v\u0161echno proto, aby se zajistila v\u00fdlu\u010dnost a z\u00edskaly politick\u00e9 a ekonomick\u00e9 dividendy.<\/p>\n<p align=\"JUSTIFY\">Tyto pokusy se rozch\u00e1z\u00ed s\u00a0realitou a proti\u0159e\u010d\u00ed s\u00a0mnohostrannost\u00ed sv\u011bta. To m\u016f\u017ee v\u00e9st ke vzpou\u0159e s naprosto opa\u010dn\u00fdm efektem. Kdy\u017e se politika plete do\u00a0ekonomiky, logika \u00fa\u010delnosti ustupuje logice konfrontace. A to i v\u00a0p\u0159\u00edpad\u011b, \u017ee naru\u0161uje vlastn\u00ed ekonomick\u00e9 pozice a z\u00e1jmy, v\u010detn\u011b n\u00e1rodn\u00edch podnik\u016f.<\/p>\n<p align=\"JUSTIFY\">Spole\u010dn\u00e9 projekty a investice objektivn\u011b sbli\u017euj\u00ed zem\u011b a rovn\u011b\u017e zm\u00edr\u0148uj\u00ed probl\u00e9my v\u00a0mezin\u00e1rodn\u00edch vztaz\u00edch. Dnes se bohu\u017eel sv\u011btov\u00e9 obchodn\u00ed spole\u010denstv\u00ed podrobuje tlaku z\u00e1padn\u00edch st\u00e1t\u016f. Jak\u00fd byznys nebo pragmatismus je mo\u017en\u00fd, kdy\u017e v\u0161ude vid\u00edte slogan: Vlast je v\u00a0nebezpe\u010d\u00ed, demokracie je v\u00a0nebezpe\u010d\u00ed, svobodn\u00fd sv\u011bt je v\u00a0nebezpe\u010d\u00ed!? Mus\u00edme se mobilizovat. To je politika mobilizace. Sankce u\u017e dnes podkop\u00e1vaj\u00ed z\u00e1klady sv\u011btov\u00e9ho obchodu, pravidla WTO, model globalizace, svobodu a konkurenci. Hlavn\u00edmi p\u0159\u00edjemci t\u011bchto model\u016f jsou hlavn\u011b z\u00e1padn\u00ed st\u00e1ty. Te\u010f riskuj\u00ed ztr\u00e1tu d\u016fv\u011bru, jako\u017eto v\u016fdci globalizace. K\u00a0\u010demu to v\u0161echno je? Blahobyt Spojen\u00fdch st\u00e1t\u016f z\u00e1vis\u00ed na d\u016fv\u011b\u0159e investor\u016f, zahrani\u010dn\u00edch dr\u017eitel\u016f dolaru a americk\u00fdch cenn\u00fdch pap\u00edr\u016f. D\u016fv\u011bra se zpochyb\u0148uje a p\u0159\u00edznaky roz\u010darov\u00e1n\u00ed ve v\u00fdsledc\u00edch globalizace jsou patrn\u00e9 v\u00a0mnoha zem\u00edch.<\/p>\n<p align=\"JUSTIFY\">Politicky motivovan\u00e9 sankce pouze podpo\u0159ily odhodl\u00e1n\u00ed st\u00e1t\u016f nebo jejich region\u00e1ln\u00edch sdru\u017een\u00ed n\u011bjak\u00fdm zp\u016fsobem se ochr\u00e1nit proti riziku vn\u011bj\u0161\u00edho tlaku. Tak\u017ee se dnes u\u017e \u010d\u00edm d\u00e1l t\u00edm v\u00edce st\u00e1t\u016f sna\u017e\u00ed vyhnout z\u00e1vislosti na dolaru, vytv\u00e1\u0159et alternativn\u00ed financov\u00e1n\u00ed, platebn\u00ed syst\u00e9my a rezervn\u00ed m\u011bnu. Podle m\u011b si na\u0161i ameri\u010dt\u00ed partne\u0159i pod\u0159ez\u00e1vaj\u00ed v\u011btev, na kter\u00e9 sami sed\u00ed. M\u00edchat ekonomiku a politiku nen\u00ed optim\u00e1ln\u00edm \u0159e\u0161en\u00edm. To ostatn\u011b nyn\u00ed vid\u00edme na vlastn\u00ed o\u010di. Politicky motivovan\u00e9 sankce byly chybou, kter\u00e1 po\u0161kod\u00ed v\u0161echny. O tom se ale je\u0161t\u011b d\u00e1le pobav\u00edme podrobn\u011bji&#8230;<\/p>\n<p align=\"JUSTIFY\">Ch\u00e1peme, pod jak\u00fdm tlakem se p\u0159istoupilo k\u00a0t\u011bmto opat\u0159en\u00edm. Rusko se nebude na nikoho roz\u010dilovat, ani d\u011blat hysterick\u00e9 sc\u00e9ny. Nebudeme na druhou stranu nikoho ani o nic prosit. Rusko je sob\u011bsta\u010dn\u00fd st\u00e1t. Budeme pracovat za takov\u00fdch vnit\u0159n\u00edch ekonomick\u00fdch podm\u00ednek, jak\u00e9 nyn\u00ed m\u00e1me k dispozici. Budeme pokra\u010dovat v rozvoji na\u0161\u00ed v\u00fdroby a technologi\u00ed. Budeme jednat rozhodn\u011bji p\u0159i prov\u00e1d\u011bn\u00ed transformac\u00ed. A tlak, kter\u00fd je na n\u00e1s nyn\u00ed ze v\u0161ech stran vyv\u00edjen, pouze konsoliduje na\u0161i spole\u010dnost a pom\u016f\u017ee n\u00e1m soust\u0159edit se na hlavn\u00ed c\u00edle rozvoje na\u0161\u00ed zem\u011b.<\/p>\n<p align=\"JUSTIFY\">Samoz\u0159ejm\u011b, \u017ee n\u00e1m sankce vad\u00ed. Proto\u017ee jejich prost\u0159ednictv\u00edm n\u00e1m cht\u011bj\u00ed u\u0161kodit, zablokovat n\u00e1\u0161 rozvoj a dohnat n\u00e1s do politick\u00e9, ekonomick\u00e9 a kulturn\u00ed izolace. Cht\u011bj\u00ed, abychom zaost\u00e1vali za okoln\u00edm sv\u011btem. Jenom\u017ee sv\u011bt, to bych cht\u011bl zd\u016fraznit, ostatn\u011b ji\u017e n\u011bkolikr\u00e1t jsem to zm\u00ednil a opakuji to znovu, sv\u011bt se z\u00e1sadn\u00edm zp\u016fsobem zm\u011bnil. Nen\u00ed na\u0161\u00edm c\u00edlem se p\u0159ed sv\u011btem uzav\u00edrat a j\u00edt cestou jak\u00e9hosi uzav\u0159en\u00e9ho rozvoje. Naopak jsme neust\u00e1le p\u0159ipraveni k dialogu, v\u010detn\u011b dialogu o normalizaci ekonomick\u00fdch vztah\u016f, stejn\u011b jako t\u011bch politick\u00fdch. Spol\u00e9h\u00e1me se p\u0159itom na pragmatick\u00fd p\u0159\u00edstup a pozici nejv\u00fdznamn\u011bj\u0161\u00ed zem\u011b sv\u011bta v oblasti obchodu.<\/p>\n<p align=\"JUSTIFY\">V sou\u010dasn\u00e9 dob\u011b zazn\u00edvaj\u00ed hlasy, podle kter\u00fdch se Rusko \u00fadajn\u011b odvrac\u00ed od Evropy. Pravd\u011bpodobn\u011b to zazn\u011blo i zde, b\u011bhem diskuz\u00ed. Rusko pr\u00fd hled\u00e1 jin\u00e9 obchodn\u00ed partnery p\u0159edev\u0161\u00edm v Asii. Cht\u011bl bych zd\u016fraznit, \u017ee to rozhodn\u011b nen\u00ed pravda. Na\u0161e aktivn\u00ed politika v oblastech Asie a Tichomo\u0159\u00ed neza\u010dala nyn\u00ed a v z\u00e1vislosti na sankc\u00edch. Za\u010dali jsme ji prosazovat ji\u017e p\u0159ed n\u011bkolika lety. Vych\u00e1zeli jsme, tak jako mnoh\u00e9 zem\u011b, v\u010detn\u011b t\u011bch z\u00e1padn\u00edch, z toho, \u017ee V\u00fdchod zauj\u00edm\u00e1 \u010d\u00edm d\u00e1le t\u00edm v\u00fdznamn\u011bj\u0161\u00ed m\u00edsto ve sv\u011bt\u011b. V oblasti ekonomiky, ale i v politice &#8211; a p\u0159ed t\u00edm zkr\u00e1tka nelze zav\u00edrat o\u010di.<\/p>\n<p align=\"JUSTIFY\">Je\u0161t\u011b jednou bych cht\u011bl zd\u016fraznit, \u017ee tak postupuj\u00ed v\u0161ichni, a budeme tak postupovat i my. T\u00edm sp\u00ed\u0161e, \u017ee zna\u010dn\u00e1 \u010d\u00e1st na\u0161eho \u00fazem\u00ed le\u017e\u00ed v Asii. Pro\u010d bychom tedy takov\u00e9 v\u00fdhody nevyu\u017eili? To by bylo jednodu\u0161e kr\u00e1tkozrak\u00e9.<\/p>\n<p align=\"JUSTIFY\">Navazov\u00e1n\u00ed a rozv\u00edjen\u00ed ekonomick\u00fdch vztah\u016f s asijsk\u00fdmi st\u00e1ty a budov\u00e1n\u00ed spole\u010dn\u00fdch integra\u010dn\u00edch projekt\u016f je nesm\u00edrn\u011b d\u016fle\u017eit\u00fd stimul pro n\u00e1\u0161 vlastn\u00ed vnit\u0159n\u00ed rozvoj. Sou\u010dasn\u00e9 demografick\u00e9, ekonomick\u00e9 a kulturn\u00ed tendence ukazuj\u00ed, \u017ee z\u00e1vislost na jedn\u00e9 supervelmoci se pochopiteln\u011b bude objektivn\u011b sni\u017eovat. O tom ostatn\u011b hovo\u0159\u00ed a p\u00ed\u0161\u00ed i sami evrop\u0161t\u00ed a ameri\u010dt\u00ed experti.<\/p>\n<p align=\"JUSTIFY\">Je mo\u017en\u00e9, \u017ee ve sv\u011btov\u00e9 politice n\u00e1s \u010dekaj\u00ed podobn\u00e9 jevy jako v glob\u00e1ln\u00ed ekonomice. Tedy siln\u00e1 a intenzivn\u00ed konkurence v nejr\u016fzn\u011bj\u0161\u00edch konkr\u00e9tn\u00edch sf\u00e9r\u00e1ch \u010dinnosti a \u010dast\u00e1 v\u00fdm\u011bna l\u00eddr\u016f v konkr\u00e9tn\u00edch oblastech. To v\u0161echno je mo\u017en\u00e9.<\/p>\n<p align=\"JUSTIFY\">Nem\u016f\u017ee b\u00fdt pochyb o tom, \u017ee v glob\u00e1ln\u00ed sout\u011b\u017ei vzr\u016fst\u00e1 role humanit\u00e1rn\u00edch faktor\u016f: vzd\u011bl\u00e1n\u00ed, v\u011bdy, zdravotnictv\u00ed a kultury. Tyto aspekty, krom\u011b jin\u00fdch, budou m\u00edt v\u00fdznamn\u00fd vliv na mezin\u00e1rodn\u00ed vztahy. Mimo jin\u00e9 i proto, \u017ee zdroje takzvan\u00e9 m\u011bkk\u00e9 s\u00edly budou ve zna\u010dn\u00e9 m\u00ed\u0159e z\u00e1viset pr\u00e1v\u011b na re\u00e1ln\u00fdch \u00fasp\u011b\u0161\u00edch p\u0159i vytv\u00e1\u0159en\u00ed lidsk\u00e9ho kapit\u00e1lu. Ur\u010dit\u011b v\u00edce ne\u017e na vybrou\u0161enosti propagandistick\u00fdch kampan\u00ed.<\/p>\n<p align=\"JUSTIFY\">Z\u00e1rove\u0148 bych cht\u011bl zd\u016fraznit, d\u00e1my a p\u00e1nov\u00e9, v\u00e1\u017een\u00ed kolegov\u00e9, \u017ee vytv\u00e1\u0159en\u00ed takzvan\u00e9ho unipol\u00e1rn\u00edho sv\u011bta samo o sob\u011b neupev\u0148uje stabilitu, dokonce sp\u00ed\u0161e naopak. <strong>\u00dakol dosa\u017een\u00ed glob\u00e1ln\u00ed rovnov\u00e1hy se m\u011bn\u00ed v dosti slo\u017eit\u00fd hlavolam, v rovnici s mnoha nezn\u00e1m\u00fdmi.<\/strong><\/p>\n<p align=\"JUSTIFY\">Co n\u00e1s \u010dek\u00e1, kdy\u017e d\u00e1me p\u0159ednost tomu \u017e\u00edt bez pravidel, by\u0165 p\u0159\u00edsn\u00fdch a nep\u0159\u00edjemn\u00fdch? A pr\u00e1v\u011b takov\u00fd sc\u00e9n\u00e1\u0159 je zcela re\u00e1ln\u00fd. Vylou\u010dit ho nelze, bereme-li v \u00favahu vyost\u0159en\u00ed situace v sou\u010dasn\u00e9m sv\u011bt\u011b. Sledujeme-li sou\u010dasn\u00e9 tendence, m\u016f\u017eeme ji\u017e v tomto okam\u017eiku vyslovit celou \u0159adu progn\u00f3z, kter\u00e9, bohu\u017eel, nejsou v\u016fbec optimistick\u00e9. Pokud nevytvo\u0159\u00edme jasn\u00fd a transparentn\u00ed syst\u00e9m z\u00e1vazk\u016f a dohod, nevytvo\u0159\u00edme mechanizmy \u0159e\u0161en\u00ed krizov\u00fdch situac\u00ed. P\u0159\u00edznaky sv\u011btov\u00e9 anarchie budou nevyhnuteln\u011b nar\u016fstat.<\/p>\n<p align=\"JUSTIFY\">Ji\u017e v sou\u010dasn\u00e9 dob\u011b prudce vzrostla pravd\u011bpodobnost cel\u00e9 \u0159ady ostr\u00fdch v\u00e1le\u010dn\u00fdch konflikt\u016f za p\u0159\u00edm\u00e9 nebo nep\u0159\u00edm\u00e9 \u00fa\u010dasti velmoc\u00ed. Hlavn\u00edmi rizikov\u00fdmi faktory p\u0159itom nejsou jen tradi\u010dn\u00ed antagonizmy mezi st\u00e1ty, ale i vnit\u0159n\u00ed nestabilita jednotliv\u00fdch zem\u00ed, zejm\u00e9na t\u011bch, kter\u00e9 le\u017e\u00ed na rozhran\u00ed geopolitick\u00fdch z\u00e1jm\u016f mocn\u00fdch st\u00e1t\u016f nebo na hranici kulturn\u011b-historick\u00fdch a ekonomick\u00fdch \u201ekontinent\u016f\u201c.<\/p>\n<p align=\"JUSTIFY\">Ukrajina, o kter\u00e9 se zde nejsp\u00ed\u0161 tak\u00e9 hodn\u011b diskutovalo a je\u0161t\u011b se diskutovat bude, je jedn\u00edm z p\u0159\u00edklad\u016f takov\u00e9ho typu konflikt\u016f, kter\u00e9 maj\u00ed vliv na celosv\u011btov\u00e9 rozlo\u017een\u00ed sil. A j\u00e1 se domn\u00edv\u00e1m, \u017ee zdaleka nen\u00ed posledn\u00ed. Z toho vypl\u00fdv\u00e1 re\u00e1ln\u00e1 a bl\u00edzk\u00e1 perspektiva rozpadu sou\u010dasn\u00e9ho syst\u00e9mu dohod o omezen\u00ed a kontrole zbrojen\u00ed. Prvn\u00ed krok v tomto bezesporu nebezpe\u010dn\u00e9m procesu podnikly Spojen\u00e9 st\u00e1ty, kdy\u017e v roce 2002 jednostrann\u011b odstoupily od dohody ABM a n\u00e1sledn\u011b p\u0159istoupily k vytv\u00e1\u0159en\u00ed vlastn\u00edho glob\u00e1ln\u00edho syst\u00e9mu protiraketov\u00e9 obrany, kterou dnes nad\u00e1le aktivn\u011b rozv\u00edjej\u00ed.<\/p>\n<p align=\"JUSTIFY\">V\u00e1\u017een\u00e9 kolegov\u00e9, draz\u00ed p\u0159\u00e1tel\u00e9! R\u00e1d bych v\u00e1s znovu upozornil, \u017ee to nebylo Rusko, kter\u00e9 tento proces zah\u00e1jilo. Znovu sklouz\u00e1v\u00e1me do dob, kdy jednotliv\u00e9 zem\u011b neodrazuje od v\u00e1le\u010dn\u00e9ho st\u0159etu vyv\u00e1\u017eenost z\u00e1jm\u016f a vz\u00e1jemn\u00fdch z\u00e1ruk, ale pouze strach z toho, \u017ee se zni\u010d\u00ed navz\u00e1jem. Z d\u016fvodu neexistence pr\u00e1vn\u00edch a politick\u00fdch n\u00e1stroj\u016f se vrac\u00ed do centra glob\u00e1ln\u00edho d\u011bn\u00ed zbran\u011b, k jejich\u017e pou\u017eit\u00ed doch\u00e1z\u00ed libovoln\u011b a kdekoli, bez jak\u00fdchkoli sankc\u00ed Rady bezpe\u010dnosti OSN. A pokud Rada bezpe\u010dnosti OSN odm\u00edt\u00e1 p\u0159ij\u00edmat podobn\u00e1 rozhodnut\u00ed, obna\u017euje skute\u010dnost, \u017ee je zastaralou a neefektivn\u00ed instituc\u00ed.<\/p>\n<p align=\"JUSTIFY\"><span style=\"color: #ff0000;\">Mnoh\u00e9 st\u00e1ty nevid\u00ed jin\u00fd zp\u016fsob z\u00e1ruk zabezpe\u010den\u00ed vlastn\u00ed suverenity ne\u017e ten, \u017ee si po\u0159\u00edd\u00ed vlastn\u00ed jadernou bombu. A to je mimo\u0159\u00e1dn\u011b nebezpe\u010dn\u00e9. Proto trv\u00e1me na pokra\u010dov\u00e1n\u00ed jedn\u00e1n\u00ed, a nejsme jen pro ledajak\u00e1 jedn\u00e1n\u00ed, ale pro pokra\u010dov\u00e1n\u00ed st\u00e1vaj\u00edc\u00edch rozhovor\u016f o sn\u00ed\u017een\u00ed po\u010dtu jadern\u00fdch zbran\u00ed. \u010c\u00edm m\u00e9n\u011b bude na sv\u011bt\u011b jadern\u00fdch zbran\u00ed, t\u00edm l\u00e9pe. A jsme dokonce p\u0159ipraven\u00ed naprosto seri\u00f3zn\u011b jednat o ot\u00e1zk\u00e1ch jadern\u00e9ho odzbrojen\u00ed, ale skute\u010dn\u011b seri\u00f3zn\u011b. Jak se \u0159\u00edk\u00e1, bez \u201edvoj\u00edho metru\u201c.<\/span><\/p>\n<p align=\"JUSTIFY\">Co t\u00edm m\u00e1m vlastn\u011b na mysli? V sou\u010dasnosti se ji\u017e mnoh\u00e9 typy vysoce p\u0159esn\u00fdch zbran\u00ed sv\u00fdmi charakteristikami a mo\u017enostmi p\u0159ibl\u00ed\u017eily ke zbran\u00edm hromadn\u00e9ho ni\u010den\u00ed. V p\u0159\u00edpad\u011b, \u017ee se vzd\u00e1me jadern\u00e9ho potenci\u00e1lu nebo jednostrann\u011b kriticky sn\u00ed\u017e\u00edme jeho objem v Rusk\u00e9 federaci, tak potom zem\u011b, kter\u00e9 jsou l\u00eddry ve v\u00fdvoji a v\u00fdrob\u011b vysoce p\u0159esn\u00fdch zbra\u0148ov\u00fdch syst\u00e9m\u016f, z\u00edskaj\u00ed jasnou vojenskou p\u0159evahu. To by poru\u0161ilo strategickou rovnov\u00e1hu a zp\u016fsobilo destabilizaci. Mnohdy toti\u017e vznik\u00e1 poku\u0161en\u00ed vyu\u017e\u00edt takzvan\u00fd prvn\u00ed glob\u00e1ln\u00ed odzbrojovac\u00ed \u00fader. Jin\u00fdmi slovy, rizika se nesni\u017euj\u00ed, ale rostou.<\/p>\n<p align=\"JUSTIFY\">Dal\u0161\u00ed o\u010dividnou hrozbou je roz\u0161i\u0159ov\u00e1n\u00ed konflikt\u016f na etnick\u00e9m, n\u00e1bo\u017eensk\u00e9m a soci\u00e1ln\u00edm z\u00e1klad\u011b. Takov\u00e9 konflikty nejsou nebezpe\u010dn\u00e9 jen samy o sob\u011b, ale nav\u00edc kolem sebe vytv\u00e1\u0159ej\u00ed z\u00f3ny bezvl\u00e1d\u00ed a chaosu, kter\u00e9 jsou \u00farodnou p\u016fdou pro teroristy i oby\u010dejn\u00e9 \u0159adov\u00e9 krimin\u00e1ln\u00edky. N\u00e1sledn\u011b se da\u0159\u00ed pir\u00e1tstv\u00ed, obchodu s lidmi a narkotiky.<\/p>\n<p align=\"JUSTIFY\">Mimochodem, na\u0161i kolegov\u00e9 se sv\u00e9ho \u010dasu pokou\u0161eli zm\u00edn\u011bn\u00e9 procesy n\u011bjak\u00fdm zp\u016fsobem \u0159\u00eddit. <strong><span style=\"color: #000000;\">Cht\u011bli vyu\u017e\u00edvat lok\u00e1ln\u00ed konflikty a organizovat \u201ebarevn\u00e9 revoluce\u201c pro sv\u00e9 vlastn\u00ed mocensk\u00e9 z\u00e1jmy. Jenom\u017ee vypustili d\u017eina z lahve.<\/span><\/strong> A co s n\u00edm te\u010f maj\u00ed d\u011blat, to nejsp\u00ed\u0161 nev\u011bd\u00ed ani samotn\u00ed auto\u0159i teorie \u0159\u00edzen\u00e9ho chaosu. V jejich \u0159ad\u00e1ch zavl\u00e1dly rozpory a pochybnosti.<\/p>\n<p align=\"JUSTIFY\">Pozorn\u011b sledujeme debaty, kter\u00e9 vedou vl\u00e1dnouc\u00ed elity i odborn\u00e1 ve\u0159ejnost. Sta\u010d\u00ed se pod\u00edvat na titulky z\u00e1padn\u00edho tisku za posledn\u00ed rok: Jedny a ty sam\u00e9 lidi naz\u00fdvaj\u00ed jednou bojovn\u00edky za demokracii, a potom zase islamisty. <strong>Nejd\u0159\u00edve p\u00ed\u0161\u00ed o revoluc\u00edch, potom o pogromech a st\u00e1tn\u00edch p\u0159evratech. V\u00fdsledek je z\u0159ejm\u00fd. Doch\u00e1z\u00ed k dal\u0161\u00edmu \u0161\u00ed\u0159en\u00ed glob\u00e1ln\u00edho chaosu.<\/strong><\/p>\n<p align=\"JUSTIFY\">V\u00e1\u017een\u00ed kolegov\u00e9! V takov\u00e9 situaci nade\u0161el \u010das, abychom ve sv\u011bt\u011b za\u010dali diskutovat o z\u00e1sadn\u00edch ot\u00e1zk\u00e1ch. Je to mimo\u0159\u00e1dn\u011b d\u016fle\u017eit\u00e9 a nezbytn\u00e9. A je to tak\u00e9 mnohem lep\u0161\u00ed varianta, ne\u017e abychom se schov\u00e1vali ka\u017ed\u00fd ve sv\u00e9m kout\u011b. T\u00edm sp\u00ed\u0161e, \u017ee se v\u0161ichni setk\u00e1v\u00e1me se spole\u010dn\u00fdmi probl\u00e9my. Nach\u00e1z\u00edme se, jak se \u0159\u00edk\u00e1, na jedn\u00e9 lodi. Logick\u00fdm v\u00fdchodiskem je spolupr\u00e1ce zem\u00ed, spole\u010denstv\u00ed a hled\u00e1n\u00ed spole\u010dn\u00fdch odpov\u011bd\u00ed na st\u00e1le \u010dast\u011bj\u0161\u00ed v\u00fdzvy. Mus\u00edme \u010delit rizik\u016fm spole\u010dn\u011b. Je ov\u0161em pravda, \u017ee n\u011bkte\u0159\u00ed na\u0161i partne\u0159i si na to z n\u011bjak\u00e9ho d\u016fvodu vzpomenou pouze ve chv\u00edli, kdy to odpov\u00edd\u00e1 jejich z\u00e1jm\u016fm<\/p>\n<p align=\"JUSTIFY\">Praktick\u00e1 zku\u0161enost dokazuje, \u017ee spole\u010dn\u00e9 odpov\u011bdi na v\u00fdzvy za prv\u00e9 nejsou zdaleka v\u017edy v\u0161el\u00e9kem, to si samoz\u0159ejm\u011b mus\u00edme p\u0159iznat. A za druh\u00e9, ve v\u011bt\u0161in\u011b p\u0159\u00edpad\u016f jsou t\u011b\u017eko dosa\u017eiteln\u00e9, proto\u017ee je p\u0159\u00edli\u0161 slo\u017eit\u00e9 p\u0159ekonat rozd\u00edly v n\u00e1rodn\u00edch z\u00e1jmech a subjektivn\u00edch p\u0159\u00edstupech. Zvl\u00e1\u0161t\u011b kdy\u017e je \u0159e\u010d o zem\u00edch s rozd\u00edln\u00fdmi kulturn\u011b-historick\u00fdmi tradicemi. Ale p\u0159esto se najdou p\u0159\u00edklady, kdy se dok\u00e1\u017eeme shodnout na spole\u010dn\u00fdch c\u00edlech, jednat na z\u00e1klad\u011b spole\u010dn\u00fdch krit\u00e9ri\u00ed a dosahovat tak re\u00e1ln\u00fdch \u00fasp\u011bch\u016f.<\/p>\n<p align=\"JUSTIFY\">R\u00e1d bych p\u0159ipomn\u011bl vy\u0159e\u0161en\u00ed probl\u00e9mu syrsk\u00fdch chemick\u00fdch zbran\u00ed a smyslupln\u00fd dialog o \u00edr\u00e1nsk\u00e9m jadern\u00e9m programu. A tak\u00e9 na\u0161e pr\u00e1ce se Severn\u00ed Koreou p\u0159inesla n\u011bkter\u00e9 pozitivn\u00ed v\u00fdsledky. Nevid\u00edm jedin\u00fd d\u016fvod, pro\u010d bychom nem\u011bli uplatnit tyto na\u0161e zku\u0161enosti i v budoucnu p\u0159i \u0159e\u0161en\u00ed lok\u00e1ln\u00edch a glob\u00e1ln\u00edch probl\u00e9m\u016f.<\/p>\n<p align=\"JUSTIFY\">Jak by m\u011bl vypadat pr\u00e1vn\u00ed, politick\u00fd a ekonomick\u00fd z\u00e1klad nov\u00e9ho sv\u011btov\u00e9ho po\u0159\u00e1dku, kter\u00fd by zajistil stabilitu a bezpe\u010dnost, ale z\u00e1rove\u0148 umo\u017e\u0148oval zdravou konkurenci a nedovolil vytv\u00e1\u0159en\u00ed nov\u00fdch monopol\u016f, je\u017e by br\u00e1nily dal\u0161\u00edmu rozvoji? V sou\u010dasn\u00e9 dob\u011b m\u016f\u017ee st\u011b\u017e\u00ed n\u011bkdo p\u0159ij\u00edt s vy\u010derp\u00e1vaj\u00edc\u00edm, hotov\u00fdm receptem. Zde je t\u0159eba dlouhodob\u00e9 pr\u00e1ce za \u00fa\u010dasti \u0161irok\u00e9ho okruhu st\u00e1t\u016f, sv\u011btov\u00e9ho byznysu, ob\u010dansk\u00e9 spole\u010dnosti i takov\u00fdch expertn\u00edch f\u00f3r jako je toto. Ale stejn\u011b je z\u0159ejm\u00e9, \u017ee \u00fasp\u011bchu p\u0159i dosa\u017een\u00ed re\u00e1ln\u00e9ho v\u00fdsledku je mo\u017en\u00e9 pouze tehdy, kdy\u017e budou kl\u00ed\u010dov\u00ed \u00fa\u010dastn\u00edci mezin\u00e1rodn\u00edho d\u011bn\u00ed schopni se dohodnout na schv\u00e1len\u00ed z\u00e1kladn\u00edch z\u00e1jm\u016f, na rozumn\u00fdch \u00fastupc\u00edch. A kdy\u017e p\u0159ijdou s p\u0159\u00edkladem pozitivn\u00edho a zodpov\u011bdn\u00e9ho p\u0159evzet\u00ed odpov\u011bdnosti.<\/p>\n<p align=\"JUSTIFY\">Je t\u0159eba p\u0159esn\u011b ur\u010dit, kde jsou hranice mezi jednostrann\u00fdmi kroky a kde vznik\u00e1 pot\u0159eba mnohostrann\u00fdch mechanizm\u016f. Je t\u0159eba vy\u0159e\u0161it dilema mezi kroky mezin\u00e1rodn\u00edho spole\u010denstv\u00ed k zaji\u0161t\u011bn\u00ed bezpe\u010dnosti a lidsk\u00fdch pr\u00e1v a principy n\u00e1rodn\u00ed suverenity a nevm\u011b\u0161ov\u00e1n\u00ed se do vnit\u0159n\u00edch z\u00e1le\u017eitost\u00ed st\u00e1t\u016f.<\/p>\n<p align=\"JUSTIFY\">Pr\u00e1v\u011b takov\u00e9 kolize toti\u017e nej\u010dast\u011bji vedou ke sv\u00e9voln\u00e9mu zahrani\u010dn\u00edmu zasahov\u00e1n\u00ed do slo\u017eit\u00fdch vnit\u0159n\u00edch proces\u016f a postupn\u011b vyvol\u00e1vaj\u00ed nebezpe\u010dn\u00e9 rozpory vedouc\u00edch sv\u011btov\u00fdch hr\u00e1\u010d\u016f. Ot\u00e1zka o zachov\u00e1n\u00ed suverenity je nejsp\u00ed\u0161e v\u016fbec z\u00e1sadn\u00ed pro zachov\u00e1n\u00ed a upevn\u011bn\u00ed sv\u011btov\u00e9 stability.<\/p>\n<p align=\"JUSTIFY\">Je pochopiteln\u00e9, \u017ee debata o krit\u00e9ri\u00edch pou\u017eit\u00ed s\u00edly je mimo\u0159\u00e1dn\u011b slo\u017eit\u00e1 a prakticky neodd\u011bliteln\u00e1 od z\u00e1jm\u016f jedn\u00e9 nebo druh\u00e9 zem\u011b. Jenom\u017ee je\u0161t\u011b daleko nebezpe\u010dn\u011bj\u0161\u00ed je absence srozumiteln\u00fdch dohod a jasn\u00fdch podm\u00ednek, p\u0159i nich\u017e se vm\u011b\u0161ov\u00e1n\u00ed st\u00e1v\u00e1 nezbytn\u00fdm a leg\u00e1ln\u00edm.<\/p>\n<p align=\"JUSTIFY\"><span style=\"color: #ff0000;\">R\u00e1d bych jen dodal, \u017ee mezin\u00e1rodn\u00ed vztahy je t\u0159eba budovat na z\u00e1klad\u011b mezin\u00e1rodn\u00edho pr\u00e1va zalo\u017een\u00e9ho na mor\u00e1ln\u00edch principech, jako je spravedlnost, rovnopr\u00e1vnost a pravda. Ale to nejz\u00e1sadn\u011bj\u0161\u00ed je v\u00e1\u017eit si sv\u00fdch partner\u016f a jejich z\u00e1jm\u016f. Je to jednoduch\u00fd vzorec, ale jeho dodr\u017eov\u00e1n\u00ed m\u00e1 tu moc zm\u011bnit situaci ve sv\u011bt\u011b od z\u00e1klad\u016f.<\/span><\/p>\n<p align=\"JUSTIFY\">Jsem p\u0159esv\u011bd\u010den, \u017ee budeme-li m\u00edt dost v\u016fle, jsme schopni obnovit efektivitu syst\u00e9mu mezin\u00e1rodn\u00edch a region\u00e1ln\u00edch instituc\u00ed. V tomto p\u0159\u00edpad\u011b ani nen\u00ed nutn\u00e9 vytv\u00e1\u0159et n\u011bco zcela nov\u00e9ho od nuly, nejde o \u017e\u00e1dnou stavbu na zelen\u00e9 louce, t\u00edm sp\u00ed\u0161e, \u017ee instituce, kter\u00e9 byly vytvo\u0159eny po druh\u00e9 sv\u011btov\u00e9 v\u00e1lce, jsou dostate\u010dn\u011b univerz\u00e1ln\u00ed a jejich role m\u016f\u017ee b\u00fdt napln\u011bna sou\u010dasn\u011bj\u0161\u00edm obsahem, adekv\u00e1tn\u00ed aktu\u00e1ln\u00ed situaci.<\/p>\n<p align=\"JUSTIFY\">Tot\u00e9\u017e se t\u00fdk\u00e1 i zdokonalen\u00ed \u010dinnosti OSN, jej\u00ed\u017e \u00fast\u0159edn\u00ed role je nezam\u011bniteln\u00e1. Stejn\u011b tak OBSE, kter\u00e1 za 40 let z\u00edskala pov\u011bst efektivn\u00edho mechanizmu pro zaji\u0161t\u011bn\u00ed bezpe\u010dnosti a spolupr\u00e1ce v euroatlantick\u00e9m prostoru. Je t\u0159eba \u0159\u00edci, \u017ee i dnes, p\u0159i \u0159e\u0161en\u00ed krize na jihov\u00fdchod\u011b Ukrajiny, sehr\u00e1v\u00e1 OBSE veskrze pozitivn\u00ed roli.<\/p>\n<p align=\"JUSTIFY\">Na pozad\u00ed fundament\u00e1ln\u00edch zm\u011bn v mezin\u00e1rodn\u00edm prost\u0159ed\u00ed, ztr\u00e1ty kontroly nad d\u011bn\u00edm a nejr\u016fzn\u011bj\u0161\u00edch hrozeb je t\u0159eba naj\u00edt nov\u00fd glob\u00e1ln\u00ed konsenzus zodpov\u011bdn\u00fdch sil. Nem\u016f\u017ee tu b\u00fdt \u0159e\u010d ani o n\u011bjak\u00fdch lok\u00e1ln\u00edch dohod\u00e1ch, ani o rozd\u011blen\u00ed sf\u00e9r vlivu v duchu klasick\u00e9 diplomacie, ani o dominanci \u017e\u00e1dn\u00e9ho ze subjekt\u016f. Mysl\u00edm, \u017ee bude t\u0159eba vytvo\u0159it zcela novou podobu vz\u00e1jemn\u00e9 z\u00e1vislosti. Nen\u00ed t\u0159eba se j\u00ed ob\u00e1vat. Naopak, bude to funk\u010dn\u00ed n\u00e1stroj nalezen\u00ed spole\u010dn\u00fdch pozic. Je t\u00edm aktu\u00e1ln\u011bj\u0161\u00ed, bereme-li v \u00favahu pos\u00edlen\u00ed a r\u016fst jednotliv\u00fdch oblast\u00ed planety, \u017ee bude schopen vytv\u00e1\u0159et objektivn\u00ed popt\u00e1vku po institucion\u00e1ln\u00edm zafixov\u00e1n\u00ed takov\u00fdch pozic a po vytv\u00e1\u0159en\u00ed efektivn\u00edch region\u00e1ln\u00edch organizac\u00ed a vypracov\u00e1n\u00ed pravidel jejich sou\u010dinnosti.<\/p>\n<p align=\"JUSTIFY\">Kooperace t\u011bchto center by v\u00fdznamn\u011b stabilizovala sv\u011btovou bezpe\u010dnost, politiku a ekonomiku. Ale aby bylo mo\u017en\u00e9 nav\u00e1zat takov\u00fd dialog, je t\u0159eba vych\u00e1zet z toho, \u017ee v\u0161echna region\u00e1ln\u00ed centra a integra\u010dn\u00ed projekty, kter\u00e9 by se kolem nich vytv\u00e1\u0159ely, mus\u00ed m\u00edt stejn\u00e1 pr\u00e1va na rozvoj, Tak, aby se vz\u00e1jemn\u011b dopl\u0148ovaly a nikdo je nepodn\u011bcoval proti sob\u011b navz\u00e1jem. Pokud by toti\u017e k takov\u00e9 destruktivn\u00ed \u010dinnosti do\u0161lo, naru\u0161ily by se vztahy mezi st\u00e1ty, kter\u00e9 by t\u00edm p\u00e1dem byly vystaveny t\u011b\u017ek\u00fdm zkou\u0161k\u00e1m vedouc\u00edm a\u017e k jejich definitivn\u00edmu rozpadu.<\/p>\n<p align=\"JUSTIFY\">Cht\u011bl bych p\u0159ipomenout ud\u00e1losti lo\u0148sk\u00e9ho roku. Tehdy jsme na\u0161im partner\u016fm, i americk\u00fdm, i evropsk\u00fdm, \u0159\u00edkali \u017ee usp\u011bchan\u00e1 z\u00e1kulisn\u00ed rozhodnut\u00ed o sbl\u00ed\u017een\u00ed Ukrajiny a EU v sob\u011b skr\u00fdvaj\u00ed z\u00e1va\u017en\u00e1 rizika. Dokonce jsme ani nemluvili o politice, mluvili jsme pouze o ekonomice. Varovali jsme, \u017ee podobn\u00e9 n\u00e1razov\u00e9 kroky zasahuj\u00ed do z\u00e1jm\u016f mnoh\u00fdch t\u0159et\u00edch zem\u00ed, v\u010detn\u011b Ruska jako hlavn\u00edho obchodn\u00edho partnera Ukrajiny a \u017ee je nezbytn\u00e9 \u0161ir\u0161\u00ed posouzen\u00ed t\u011bchto ot\u00e1zek.<\/p>\n<p align=\"JUSTIFY\">Mimochodem, cht\u011bl bych v t\u00e9to souvislosti p\u0159ipomenout, \u017ee jedn\u00e1n\u00ed o vstupu Ruska nap\u0159\u00edklad do WTO trvala 19 let. Byla to mimo\u0159\u00e1dn\u011b n\u00e1ro\u010dn\u00e1 pr\u00e1ce, ale bylo dosa\u017eeno ur\u010dit\u00e9ho konsenzu.<\/p>\n<p align=\"JUSTIFY\">Pro\u010d o tom mluv\u00edm? Proto\u017ee p\u0159i realizaci projektu dohody o p\u0159idru\u017een\u00ed s Ukrajinou k n\u00e1m jakoby zadn\u00edmi vr\u00e1tky p\u0159ich\u00e1zej\u00ed na\u0161i partne\u0159i se sv\u00fdm zbo\u017e\u00edm a slu\u017ebami, ani\u017e by se o tom s n\u00e1mi dop\u0159edu dohodli. N\u00e1s se na to nikdo neptal. My jsme o v\u0161ech t\u00e9matech, souvisej\u00edc\u00edch s asociac\u00ed Ukrajiny s EU diskutovali d\u016frazn\u011b, ale, a to bych cht\u011bl zd\u016fraznit, naprosto civilizovan\u011b. Nastolovali jsme jasn\u00e9 argumenty a ot\u00e1zky, poukazovali jsme na mo\u017en\u00e9 probl\u00e9my. Ale nikdo n\u00e1m necht\u011bl naslouchat, ani s n\u00e1mi jednat. Prost\u011b n\u00e1m \u0159ekli, do toho se neple\u0165te. A to bylo v\u0161echno, to byla ve\u0161ker\u00e1 diskuze. M\u00edsto slo\u017eit\u00e9ho, ale zd\u016fraz\u0148uji civilizovan\u00e9ho dialogu, dovedli celou z\u00e1le\u017eitost a\u017e ke st\u00e1tn\u00edmu p\u0159evratu. Uvrhli zemi do chaosu, k \u00fapadku ekonomiky a soci\u00e1ln\u00ed sf\u00e9ry, a nakonec do ob\u010dansk\u00e9 v\u00e1lky, kter\u00e1 si vy\u017e\u00e1dala ohromn\u00e9 ob\u011bti.<\/p>\n<p align=\"JUSTIFY\">A pro\u010d? Kdy\u017e se pt\u00e1m sv\u00fdch koleg\u016f pro\u010d, nedostanu \u017e\u00e1dnou odpov\u011b\u010f, nikdo nic ne\u0159\u00edk\u00e1, tak je to. V\u0161ichni jen rozhod\u00ed rukama a \u0159eknou, \u017ee to tak prost\u011b dopadlo. To se ov\u0161em rozhodn\u011b nem\u011blo dopustit, a pak by to tak nedopadlo. <strong>V\u017edy\u0165, u\u017e jsem to \u0159\u00edkal, b\u00fdval\u00fd ukrajinsk\u00fd prezident Janukovy\u010d v\u0161echno podepsal, se v\u0161\u00edm souhlasil.<\/strong> Jak\u00fd to potom m\u011blo cel\u00e9 smysl, pro\u010d to bylo t\u0159eba hn\u00e1t tak daleko? Co\u017epak toto je civilizovan\u00fd zp\u016fsob \u0159e\u0161en\u00ed probl\u00e9m\u016f? Je z\u0159ejm\u00e9, \u017ee ti, kdo upl\u00e1c\u00e1vaj\u00ed po\u0159\u00e1d dokola nov\u00e9 a nov\u00e9 barevn\u00e9 revoluce, pova\u017euj\u00ed sami sebe za geni\u00e1ln\u00ed um\u011blce a za \u017e\u00e1dnou cenu s t\u00edm nemohou p\u0159estat.<\/p>\n<p align=\"JUSTIFY\">Jsem p\u0159esv\u011bd\u010den o tom, \u017ee \u010dinnost integra\u010dn\u00edch sdru\u017een\u00ed a vz\u00e1jemn\u00e1 spolupr\u00e1ce region\u00e1ln\u00edch struktur mus\u00ed b\u00fdt postaveny na transparentn\u00edm z\u00e1klad\u011b. Dobr\u00fdm p\u0159\u00edkladem takov\u00e9 otev\u0159enosti je proces vytv\u00e1\u0159en\u00ed Euroasijsk\u00e9 ekonomick\u00e9 unie. St\u00e1ty, kter\u00e9 jsou \u010dleny tohoto projektu, v p\u0159edstihu informovaly sv\u00e9 partnery o pl\u00e1nech a parametrech unie. Otev\u0159en\u011b hovo\u0159ily o principech jej\u00ed \u010dinnosti, kter\u00e9 jsou pln\u011b v souladu s normami Sv\u011btov\u00e9 obchodn\u00ed organizace. Dod\u00e1v\u00e1m, \u017ee bychom dokonce p\u0159iv\u00edtali i zah\u00e1jen\u00ed v\u011bcn\u00e9ho dialogu mezi Euroasijskou a Evropskou uni\u00ed. Mimochodem, v t\u00e9to z\u00e1le\u017eitosti n\u00e1s tak\u00e9 neust\u00e1le odm\u00edtali. Z naprosto nepochopiteln\u00fdch d\u016fvod\u016f. Co je na tom tak hrozn\u00e9ho, \u010deho se tak boj\u00ed? Je pochopiteln\u00e9, \u017ee p\u0159i takov\u00e9 spolupr\u00e1ci bychom po\u010d\u00edtali s t\u00edm, \u017ee je zapot\u0159eb\u00ed o tom je\u0161t\u011b d\u00e1le jednat. \u010casto jsem o tom mluvil a sly\u0161el souhlasn\u00e9 reakce mnoh\u00fdch na\u0161ich z\u00e1padn\u00edch partner\u016f, p\u0159inejmen\u0161\u00edm t\u011bch evropsk\u00fdch, \u017ee je nezbytn\u00e9 vytvo\u0159it spole\u010dn\u00fd prostor ekonomick\u00e9 a humanit\u00e1rn\u00ed spolupr\u00e1ce, kter\u00fd by sahal od Atlantiku a\u017e po Tich\u00fd oce\u00e1n.<\/p>\n<p align=\"JUSTIFY\">V\u00e1\u017een\u00ed kolegov\u00e9! Rusko ji\u017e svou volbu u\u010dinilo. Na\u0161\u00ed prioritou je dal\u0161\u00ed zdokonalov\u00e1n\u00ed demokratick\u00fdch instituc\u00ed a organizac\u00ed podporuj\u00edc\u00edch otev\u0159enou ekonomiku, urychlen\u00fd vnit\u0159n\u00ed rozvoj vyu\u017e\u00edvaj\u00edc\u00ed v\u0161ech pozitivn\u00edch modern\u00edch tendenc\u00ed ve sv\u011bt\u011b a konsolidace spole\u010dnosti na z\u00e1klad\u011b tradi\u010dn\u00edch hodnot a vlastenectv\u00ed.<\/p>\n<p align=\"JUSTIFY\">N\u00e1\u0161 program je integra\u010dn\u00ed, pozitivn\u00ed a m\u00edrov\u00fd, sna\u017e\u00edme se aktivn\u011b spolupracovat s na\u0161imi kolegy z Euroasijsk\u00e9 ekonomick\u00e9 unie. \u0160anghajsk\u00e9 organizace pro spolupr\u00e1ci, s BRICS a dal\u0161\u00edmi partnery. Tento program je zam\u011b\u0159en na rozvoj vztah\u016f mezi st\u00e1ty, nikoli na jejich rozd\u011blov\u00e1n\u00ed. Nem\u00e1me v pl\u00e1nu d\u00e1vat narychlo dohromady jak\u00e9koli bloky, ani se nechat vt\u00e1hnout do vz\u00e1jemn\u00fdch souboj\u016f a koloto\u010de odvetn\u00fdch \u00fader\u016f. Tvrzen\u00ed, \u017ee se Rusko pokou\u0161\u00ed obnovit jak\u00e9si sv\u00e9 imp\u00e9rium a ohro\u017eovat suverenitu na\u0161ich soused\u016f, nemaj\u00ed nejmen\u0161\u00ed opodstatn\u011bn\u00ed. Rusko pro sebe nepo\u017eaduje nic zvl\u00e1\u0161tn\u00edho, pouze chce m\u00edt sv\u00e9 m\u00edsto na sv\u011bt\u011b, to bych r\u00e1d zd\u016fraznil. Respektujeme z\u00e1jmy ostatn\u00edch a chceme pouze to, aby byly respektov\u00e1ny i na\u0161e z\u00e1jmy a postoje.<\/p>\n<p align=\"JUSTIFY\">Dob\u0159e si uv\u011bdomujeme, \u017ee sv\u011bt vstoupil do epochy zm\u011bn a hlubok\u00fdch transforma\u010dn\u00edch proces\u016f, kdy budeme v\u0161ichni muset projevit zna\u010dnou d\u00e1vku ostra\u017eitosti a schopnosti vyh\u00fdbat se nepromy\u0161len\u00fdm krok\u016fm. Hlavn\u00edm hr\u00e1\u010d\u016fm sv\u011btov\u00e9 politiky se t\u011bchto vlastnost\u00ed v obdob\u00ed po skon\u010den\u00ed studen\u00e9 v\u00e1lky pon\u011bkud nedost\u00e1valo. Te\u010f by si je m\u011bli znovu p\u0159ipomenout. V opa\u010dn\u00e9m p\u0159\u00edpad\u011b se stanou nad\u011bje na m\u00edrov\u00fd a stabiln\u00ed rozvoj nebezpe\u010dnou iluz\u00ed a sou\u010dasn\u00e9 ot\u0159esy budou p\u0159edzv\u011bst\u00ed krachu sv\u011btov\u00e9ho \u0159\u00e1du.<\/p>\n<p align=\"JUSTIFY\">Ano, u\u017e jsem o tom samoz\u0159ejm\u011b hovo\u0159il, vybudov\u00e1n\u00ed spolehliv\u011bj\u0161\u00edho syst\u00e9mu sv\u011btov\u00e9ho \u0159\u00e1du je n\u00e1ro\u010dn\u00fd \u00fakol. Je to ot\u00e1zka dlouh\u00e9 a z principu tvrd\u00e9 pr\u00e1ce. <strong>Ale kdy\u017e jsme byli schopni vytvo\u0159it pravidla vz\u00e1jemn\u00e9 spolupr\u00e1ce po druh\u00e9 sv\u011btov\u00e9 v\u00e1lce, kdy\u017e jsme se byli schopni dohodnout v 70. letech v Helsink\u00e1ch, je na\u0161\u00ed povinnost\u00ed vy\u0159e\u0161it tuto fundament\u00e1ln\u00ed \u00falohu i v sou\u010dasn\u00e9, nov\u00e9 etap\u011b rozvoje.<\/strong><\/p>\n<p align=\"JUSTIFY\">D\u011bkuji v\u00e1m za pozornost.<\/p>\n<p align=\"JUSTIFY\">\n<p align=\"JUSTIFY\">PS: zv\u00fdrazn\u011bn\u00ed provedl administr\u00e1tor<\/p>\n","protected":false},"excerpt":{"rendered":"<p>V\u00e1\u017een\u00ed kolegov\u00e9! D\u00e1my a p\u00e1nov\u00e9! V\u00e1\u017een\u00ed p\u0159\u00e1tel\u00e9! Cht\u011bl bych v\u00e1s srde\u010dn\u011b p\u0159iv\u00edtat na dne\u0161n\u00ed 11. konferenci debatn\u00edho klubu Valdaj. Ji\u017e zde zazn\u011blo, \u017ee se letos ke klubu p\u0159ipojili nov\u00ed spoluorganiz\u00e1to\u0159i. Mezi nimi jsou rusk\u00e9 nevl\u00e1dn\u00ed a expertn\u00ed struktury \u010di vedouc\u00ed univerzity. Z\u00e1rove\u0148 zde mimo jin\u00e9 zazn\u011bl n\u00e1vrh na to, aby se krom\u011b rusk\u00e9 problematiky diskutovalo &hellip; <a href=\"https:\/\/www.podivinsky.cz\/?p=397\" class=\"more-link\">Pokra\u010dov\u00e1n\u00ed textu <span class=\"screen-reader-text\">Projev Putina na Valdajsk\u00e9m klubu<\/span> <span class=\"meta-nav\">&rarr;<\/span><\/a><\/p>\n","protected":false},"author":1,"featured_media":0,"comment_status":"open","ping_status":"open","sticky":false,"template":"","format":"standard","meta":{"footnotes":""},"categories":[9],"tags":[],"class_list":["post-397","post","type-post","status-publish","format-standard","hentry","category-pc"],"_links":{"self":[{"href":"https:\/\/www.podivinsky.cz\/index.php?rest_route=\/wp\/v2\/posts\/397","targetHints":{"allow":["GET"]}}],"collection":[{"href":"https:\/\/www.podivinsky.cz\/index.php?rest_route=\/wp\/v2\/posts"}],"about":[{"href":"https:\/\/www.podivinsky.cz\/index.php?rest_route=\/wp\/v2\/types\/post"}],"author":[{"embeddable":true,"href":"https:\/\/www.podivinsky.cz\/index.php?rest_route=\/wp\/v2\/users\/1"}],"replies":[{"embeddable":true,"href":"https:\/\/www.podivinsky.cz\/index.php?rest_route=%2Fwp%2Fv2%2Fcomments&post=397"}],"version-history":[{"count":3,"href":"https:\/\/www.podivinsky.cz\/index.php?rest_route=\/wp\/v2\/posts\/397\/revisions"}],"predecessor-version":[{"id":400,"href":"https:\/\/www.podivinsky.cz\/index.php?rest_route=\/wp\/v2\/posts\/397\/revisions\/400"}],"wp:attachment":[{"href":"https:\/\/www.podivinsky.cz\/index.php?rest_route=%2Fwp%2Fv2%2Fmedia&parent=397"}],"wp:term":[{"taxonomy":"category","embeddable":true,"href":"https:\/\/www.podivinsky.cz\/index.php?rest_route=%2Fwp%2Fv2%2Fcategories&post=397"},{"taxonomy":"post_tag","embeddable":true,"href":"https:\/\/www.podivinsky.cz\/index.php?rest_route=%2Fwp%2Fv2%2Ftags&post=397"}],"curies":[{"name":"wp","href":"https:\/\/api.w.org\/{rel}","templated":true}]}}