{"id":4485,"date":"2020-05-24T18:36:41","date_gmt":"2020-05-24T17:36:41","guid":{"rendered":"https:\/\/www.podivinsky.cz\/?p=4485"},"modified":"2020-05-24T18:36:56","modified_gmt":"2020-05-24T17:36:56","slug":"moudra-slova-prof-kellera","status":"publish","type":"post","link":"https:\/\/www.podivinsky.cz\/?p=4485","title":{"rendered":"Moudr\u00e1 slova prof. Kellera"},"content":{"rendered":"\n<h1 class=\"wp-block-heading\">Keller: Vysok\u00e9 \u0161koly? Zbyte\u010dn\u00e9 obory a nezam\u011bstnateln\u00ed lid\u00e9 s diplomem<\/h1>\n\n\n\n<p>18.05.2020 13:12<\/p>\n\n\n\n<p><strong>V rozhovoru pro m\u011bs\u00ed\u010dn\u00edk &#8218;My&#8216; se b\u00fdval\u00fd europoslanec \u010cSSD Jan Keller tvrd\u011b op\u0159el do Evropsk\u00e9 unie. Pr\u00fd funguje jenom v dobr\u00fdch \u010dasech a krize nezvl\u00e1d\u00e1. Velk\u00e9 probl\u00e9my si nep\u0159ipou\u0161t\u00ed. A nakonec mo\u017en\u00e1 dojde k tomu, \u017ee se scvrkne na zakl\u00e1daj\u00edc\u00ed j\u00e1dro. Budeme do n\u011bho pat\u0159it? \u201eTo z\u00e1le\u017e\u00ed p\u0159edev\u0161\u00edm na N\u011bmecku. Pokud Berl\u00edn usoud\u00ed, \u017ee n\u00e1m bude l\u00e9pe v Evropsk\u00e9 unii, z\u016fstaneme v Evropsk\u00e9 unii,&#8220; tvrd\u00ed profesor Jan Keller.<\/strong><\/p>\n\n\n\n<figure class=\"wp-block-image\"><img decoding=\"async\" src=\"https:\/\/mail.google.com\/mail\/u\/0?ui=2&amp;ik=483f57b080&amp;attid=0.1&amp;permmsgid=msg-f:1667584443553674040&amp;th=1724733756fbf338&amp;view=fimg&amp;sz=s0-l75-ft&amp;attbid=ANGjdJ_tKuzcDdgauvyvpxlfMsINyDZyLdK3op4vdbIRaAQeQvtrY2XpvLAuFjZShvmPiSxDVC0XPXnQQVdA7AtnX1D42rytQ8DXZ2W9boemcmB5dgzF5hoglGQN7_k&amp;disp=emb\" alt=\"Keller: Vysok\u00e9 \u0161koly? Zbyte\u010dn\u00e9 obory a nezam\u011bstnateln\u00ed lid\u00e9 s diplomem\"\/><\/figure>\n\n\n\n<p>Foto:&nbsp;<strong>Jan \u0160t\u011bp\u00e1n<\/strong><br>Popisek:&nbsp;<strong>Europoslanec Jan Keller.<\/strong>&nbsp;reklama<\/p>\n\n\n\n<p><a href=\"https:\/\/www.mesicnikmy.cz\/single-post\/2020\/05\/13\/A%C5%BE-co-%C5%99ekne-Berl%C3%ADn\" target=\"_blank\" rel=\"noreferrer noopener\">V&nbsp;rozhovoru se prob\u00edrala p\u0159\u00edpadn\u00e1 st\u00e1tn\u00ed pomoc<\/a>&nbsp;a Keller m\u00ednil, \u017ee by st\u00e1t m\u011bl pom\u00e1hat p\u0159ednostn\u011b tam, kde by byly dopady na spole\u010dnost v p\u0159\u00edpad\u011b absence st\u00e1tn\u00ed pomoci dra\u017e\u0161\u00ed, ne\u017e na kolik p\u0159ijde samotn\u00e1 pomoc. A vyj\u00e1d\u0159il d\u016fv\u011bru, \u017ee ekonomov\u00e9 jsou schopn\u00ed tato odv\u011btv\u00ed identifikovat. \u201ePokud se ekonomov\u00e9 nestref\u00ed, mohou se st\u00e1tu jeho \u00faspory po\u0159\u00e1dn\u011b prodra\u017eit,\u201c varoval.<\/p>\n\n\n\n<p>Keller tak\u00e9 odpov\u00eddal na ot\u00e1zku kde \u0161et\u0159it. \u201eOsobn\u011b si mysl\u00edm, \u017ee by se v\u016fbec nic nestalo, pokud by za\u010dala \u0161krtat v\u00fddaje na na\u0161e expedi\u010dn\u00ed vojensk\u00e9 jednotky a na n\u00e1kup zbran\u00ed,\u201c vyj\u00e1d\u0159il se a naopak by podle n\u011bho bylo z\u00e1hodno investovat v\u00edce ve vojensk\u00e9m l\u00e9ka\u0159stv\u00ed a v&nbsp;oblasti obrany \u00fazem\u00ed \u010cR.<\/p>\n\n\n\n<p>\u201eVelk\u00fdm polem pro \u00faspory jsou v\u00fddaje na \u010d\u00e1st neziskov\u00fdch organizac\u00ed. Nem\u011bl by b\u00fdt probl\u00e9m odli\u0161it ty neziskovky, kter\u00e9 se v\u011bnuj\u00ed vysoce u\u017eite\u010dn\u00fdm \u010dinnostem, od spolk\u016f, kter\u00e9 za pen\u00edze da\u0148ov\u00fdch poplatn\u00edk\u016f d\u011blaj\u00ed politiku, ani\u017e by se nam\u00e1haly kandidovat ve volb\u00e1ch,\u201c upozornil Keller na dal\u0161\u00ed oblast, kde by se podle n\u011bho dalo uspo\u0159it.<\/p>\n\n\n\n<p>A do t\u0159etice hovo\u0159il o \u0161kolstv\u00ed: \u201eV&nbsp;oblasti vysok\u00e9ho \u0161kolstv\u00ed existuj\u00ed obory p\u0159edimenzovan\u00e9, a dokonce obory zbyte\u010dn\u00e9. P\u0159edimenzovan\u00e9 jsou p\u0159edev\u0161\u00edm n\u011bkter\u00e9 humanitn\u00ed v\u011bdy, vylo\u017een\u011b zbyte\u010dn\u00e9 jsou humanitn\u00ed pav\u011bdy. Ale ot\u00e1zka t\u0159eba takov\u00fdch genderov\u00fdch studi\u00ed nen\u00ed na\u0161t\u011bst\u00ed p\u0159edm\u011btem na\u0161eho rozhovoru, tak\u017ee se k&nbsp;nim nemus\u00edm vyjad\u0159ovat. P\u0159edimenzovan\u00e9 a zbyte\u010dn\u00e9 obory vedou nejen k&nbsp;produkci nezam\u011bstnateln\u00fdch lid\u00ed s&nbsp;diplomem, ale sni\u017euj\u00ed v\u00e1hu vzd\u011bl\u00e1n\u00ed v&nbsp;o\u010d\u00edch populace obecn\u011b, co\u017e je snad je\u0161t\u011b v\u011bt\u0161\u00ed trag\u00e9die.\u201c Dodal, \u017ee se smutkem o\u010dek\u00e1v\u00e1, \u017ee o tom, kde bude mo\u017en\u00e9 u\u0161et\u0159it, nebudou rozhodovat odborn\u00edci, ale n\u00e1tlakov\u00e9 skupiny. \u201eA t\u0159eba v&nbsp;oblasti genderov\u00fdch studi\u00ed jsou n\u00e1tlakov\u00e9 skupiny v&nbsp;evropsk\u00e9m rozm\u011bru velice vlivn\u00e9. Ur\u010dit\u011b vlivn\u011bj\u0161\u00ed, ne\u017e v&nbsp;oblasti vojensk\u00e9ho l\u00e9ka\u0159stv\u00ed,\u201c pravil.<\/p>\n\n\n\n<p>Doplnil, \u017ee jak spole\u010dnost p\u0159ijme utahov\u00e1n\u00ed opask\u016f bude z\u00e1le\u017eet na tom, kdo si opasek bude muset ut\u00e1hnout. \u201eT\u011b\u017eko vysv\u011btl\u00edte rodin\u00e1m \u017eij\u00edc\u00edm na hranici existen\u010dn\u00edho minima, \u017ee se maj\u00ed uskrov\u0148ovat, pokud z\u00e1rove\u0148 porostou \u0159ekn\u011bme zisky bank a dal\u0161\u00edch finan\u010dn\u00edch \u00fastav\u016f, kter\u00e9 jsou t\u00e9m\u011b\u0159 bez v\u00fdjimky v&nbsp;zahrani\u010dn\u00edch rukou. Faktem je, \u017ee vl\u00e1da m\u016f\u017ee zhor\u0161it den ze dne \u017eivotn\u00ed podm\u00ednky t\u011bm nejchud\u0161\u00edm, ale nem\u016f\u017ee si dovolit ani nazna\u010dit pot\u0159ebu \u00faspor dce\u0159in\u00fdm pobo\u010dk\u00e1m zahrani\u010dn\u00edch bank,\u201c podotkl. Dodal, \u017ee situace se m\u016f\u017ee vyhrotit velmi rychle, tak\u017ee je s&nbsp;podivem, \u017ee se opozice v\u016fbec dere k&nbsp;vl\u00e1d\u011b. \u201eAle mo\u017en\u00e1 jim k\u0159ivd\u00edm a ony se k&nbsp;moci vlastn\u011b ani dostat necht\u011bj\u00ed. \u0158ada jejich po\u010din\u016f a mnoh\u00e1 vystupov\u00e1n\u00ed n\u011bkter\u00fdch jejich l\u00eddr\u016f by se t\u00edm vysv\u011btlila,\u201c po\u0161k\u00e1dlil nevl\u00e1dn\u00ed strany b\u00fdval\u00fd europoslanec.<\/p>\n\n\n\n<p>Co se t\u00fd\u010de EU, Jan Keller konstatoval, \u017ee je jen do hezk\u00e9ho po\u010das\u00ed. \u201eNezvl\u00e1dla dopady bankovn\u00ed krize, kter\u00e1 p\u0159i\u0161la v&nbsp;roce 2009 ze z\u00e1padu, nezvl\u00e1dla masovou migraci, kter\u00e1 dorazila z&nbsp;jihu, a nezvl\u00e1d\u00e1 koronavirus, kter\u00fd doputoval z&nbsp;v\u00fdchodu. Eurooptimist\u00e9 jist\u011b vyzvednou, \u017ee sm\u011brem od severu probl\u00e9my zat\u00edm zvl\u00e1d\u00e1, ale kdy\u017e se pod\u00edv\u00e1m na to, jak to dneska vypad\u00e1 ve \u0160v\u00e9dsku, nejsem si t\u00edm tak zcela jist.\u201c Tak\u00e9 vyzdvihl \u00falohu n\u00e1rodn\u00edch st\u00e1t\u016f, jejich\u017e identitu p\u0159ijali lid\u00e9 za svou. \u201e\u017d\u00e1dn\u00fd evropsk\u00fd lid neexistuje, proto m\u00e1 Brusel v&nbsp;dob\u011b kriz\u00ed hol\u00e9 ruce,\u201c odtu\u0161il.<\/p>\n\n\n\n<p>Tak\u00e9 upozornil na to, \u017ee sou\u010dasn\u00e1 krize se od t\u011bch p\u0159edchoz\u00edch li\u0161\u00ed, proto\u017ee p\u0159i nich existovaly st\u00e1ty zasa\u017een\u00e9 a nezasa\u017een\u00e9. \u201eV p\u0159\u00edpad\u011b \u0158ecka m\u011bla ta solidarita znamenat, \u017ee se zem\u011b euroz\u00f3ny budou skl\u00e1dat a pos\u00edlat pen\u00edze nikoliv snad \u0158ecku, ale p\u0159edev\u0161\u00edm n\u011bmeck\u00fdm a francouzsk\u00fdm bank\u00e1m, jejich\u017e \u00fav\u011bry nedok\u00e1zalo \u0158ecko spl\u00e1cet.<\/p>\n\n\n\n<p>V p\u0159\u00edpad\u011b masov\u00e9 migrace m\u011bla solidarita vypadat tak, \u017ee zem\u011b, kter\u00e9 nebyly zat\u00edm vlnou migrant\u016f zasa\u017eeny, budou od\u010derp\u00e1vat migranty ze zem\u00ed p\u0159et\u00ed\u017een\u00fdch a\u017e do t\u00e9 doby, ne\u017e jimi budou zahlceny tak jako ony. Co se stane potom, o tom se v Bruselu z\u00e1sadn\u011b neuva\u017eovalo. Takov\u00e1 ot\u00e1zka byla pova\u017eov\u00e1na za neslu\u0161nou a poznal jsem to na vlastn\u00ed k\u016f\u017ei, kdy\u017e jsem ji vznesl v r\u00e1mci frakce socialist\u016f a demokrat\u016f.<\/p>\n\n\n\n<p>Dne\u0161n\u00ed situace je odli\u0161n\u00e1, proto\u017ee v\u0161echny \u010dlensk\u00e9 st\u00e1ty jsou v principu ohro\u017eeny stejn\u011b. Solidarita by vypadala tak, \u017ee si budou It\u00e1lie a \u0160pan\u011blsko navz\u00e1jem pos\u00edlat rou\u0161ky. Ob\u00e1v\u00e1m se, \u017ee p\u0159\u00ed\u0161t\u00ed n\u00e1vrh Komise vyzn\u00ed pr\u00e1v\u011b v tomto smyslu. Ale bu\u010fme optimisty, europarlament ho ur\u010dit\u011b schv\u00e1l\u00ed.\u201c<\/p>\n\n\n\n<p>Keller rozd\u011blil i probl\u00e9my v&nbsp;EU do t\u0159\u00ed kategori\u00ed. \u201eTy velk\u00e9 a skute\u010dn\u011b kl\u00ed\u010dov\u00e9 se pro jistotu ani nepojmenov\u00e1vaj\u00ed, proto\u017ee by to mohlo ohrozit jednotu na\u0161\u00ed velk\u00e9 evropsk\u00e9 rodiny. Drobn\u011bj\u0161\u00ed probl\u00e9my se \u0159e\u0161\u00ed tak, \u017ee Komise, kter\u00e1 nen\u00ed komis\u00ed, ale vl\u00e1dou, navrhne \u0159e\u0161en\u00ed. Toto \u0159e\u0161en\u00ed pak n\u00e1sledn\u011b schv\u00e1l\u00ed Rada ministr\u016f, kter\u00e1 nen\u00ed radou ministr\u016f, ale horn\u00ed komorou eurosn\u011bmovny, a z\u00e1rove\u0148 ji schv\u00e1l\u00ed Evropsk\u00fd parlament, kter\u00fd je doln\u00ed komorou eurosn\u011bmovny ov\u0161em bez pravomoc\u00ed doln\u00edch komor. Procedura schvalov\u00e1n\u00ed m\u00e1 p\u0159ibli\u017en\u011b stejnou d\u00e9lku jako jedna migra\u010dn\u00ed vlna, anebo jedna vlna pandemie. T\u00edm se vysv\u011btluje, pro\u010d Evropsk\u00e1 unie je\u0161t\u011b ani jednou ve sv\u00e9 historii nedok\u00e1zala na cokoli reagovat v\u010das, anebo dokonce s&nbsp;p\u0159edstihem. No a pak tady m\u00e1me t\u0159et\u00ed kategorii probl\u00e9m\u016f, co\u017e jsou nejr\u016fzn\u011bj\u0161\u00ed pseudoprobl\u00e9my. V\u011bnuje se jim zdaleka nejv\u011bt\u0161\u00ed pozornost, aby u\u017e nezbyl \u010das na vznesen\u00ed ot\u00e1zek pat\u0159\u00edc\u00edch do prvn\u00ed kategorie.\u201c<\/p>\n\n\n\n<p>Co se t\u00fd\u010de budoucnosti Evropsk\u00e9 unie, b\u00fdval\u00fd europoslanec jako nejpravd\u011bpodobn\u011bj\u0161\u00ed vid\u00ed, \u017ee se smrskne na sv\u00e9 zakl\u00e1daj\u00edc\u00ed j\u00e1dro. \u201eToto hospod\u00e1\u0159sky i politicky siln\u00e9 j\u00e1dro bude uzav\u00edrat smlouvy se zbyl\u00fdmi zem\u011bmi, p\u0159i\u010dem\u017e se bude sna\u017eit, aby zem\u011b, kter\u00e9 z&nbsp;EU vypadnou, nem\u011bly \u017e\u00e1dn\u00e1 pr\u00e1va, ale p\u0159\u00edli\u0161 jim neubylo povinnost\u00ed,\u201c tvrd\u00ed a dod\u00e1v\u00e1, \u017ee i v&nbsp;zem\u00edch mimo EU bude st\u00e1le p\u016fsobit \u201esiln\u00e1, medi\u00e1ln\u011b prote\u017eovan\u00e1 probruselsk\u00e1 p\u00e1t\u00e1 kolona\u201c. A kde bude \u010cesko? \u201eTo z\u00e1le\u017e\u00ed p\u0159edev\u0161\u00edm na N\u011bmecku. Pokud Berl\u00edn usoud\u00ed, \u017ee n\u00e1m bude l\u00e9pe v&nbsp;Evropsk\u00e9 unii, z\u016fstaneme v&nbsp;Evropsk\u00e9 unii. Pokud usoud\u00ed, \u017ee n\u00e1s tam nutn\u011b nepot\u0159ebuje, a \u017ee se m\u016f\u017eeme jako montovna klidn\u011b form\u00e1ln\u011b osamostatnit, napln\u00ed se slova Franti\u0161ka Palack\u00e9ho.\u201c<\/p>\n\n\n\n<figure class=\"wp-block-image\"><img decoding=\"async\" src=\"https:\/\/mail.google.com\/mail\/u\/0?ui=2&amp;ik=483f57b080&amp;attid=0.1&amp;permmsgid=msg-f:1667584443553674040&amp;th=1724733756fbf338&amp;view=fimg&amp;sz=s0-l75-ft&amp;attbid=ANGjdJ9od_TMijzdiNZpGcb2InQg9-YjN8e4s1bhSt3iJFtCaY5yVTqK5ZUgZ4maG2rFYVxZUdGQEFBvM3dP0cblIzkTGpoOasX4c-uQDzbDyx9cv0UlWbCVGXYAXYM&amp;disp=emb\" alt=\"\"\/><\/figure>\n\n\n\n<p>Pole pro p\u0159\u00edlohy<br><\/p>\n","protected":false},"excerpt":{"rendered":"<p>Keller: Vysok\u00e9 \u0161koly? Zbyte\u010dn\u00e9 obory a nezam\u011bstnateln\u00ed lid\u00e9 s diplomem 18.05.2020 13:12 V rozhovoru pro m\u011bs\u00ed\u010dn\u00edk &#8218;My&#8216; se b\u00fdval\u00fd europoslanec \u010cSSD Jan Keller tvrd\u011b op\u0159el do Evropsk\u00e9 unie. Pr\u00fd funguje jenom v dobr\u00fdch \u010dasech a krize nezvl\u00e1d\u00e1. Velk\u00e9 probl\u00e9my si nep\u0159ipou\u0161t\u00ed. A nakonec mo\u017en\u00e1 dojde k tomu, \u017ee se scvrkne na zakl\u00e1daj\u00edc\u00ed j\u00e1dro. Budeme do &hellip; <a href=\"https:\/\/www.podivinsky.cz\/?p=4485\" class=\"more-link\">Pokra\u010dov\u00e1n\u00ed textu <span class=\"screen-reader-text\">Moudr\u00e1 slova prof. Kellera<\/span> <span class=\"meta-nav\">&rarr;<\/span><\/a><\/p>\n","protected":false},"author":1,"featured_media":0,"comment_status":"closed","ping_status":"closed","sticky":false,"template":"","format":"standard","meta":{"footnotes":""},"categories":[9],"tags":[],"class_list":["post-4485","post","type-post","status-publish","format-standard","hentry","category-pc"],"_links":{"self":[{"href":"https:\/\/www.podivinsky.cz\/index.php?rest_route=\/wp\/v2\/posts\/4485","targetHints":{"allow":["GET"]}}],"collection":[{"href":"https:\/\/www.podivinsky.cz\/index.php?rest_route=\/wp\/v2\/posts"}],"about":[{"href":"https:\/\/www.podivinsky.cz\/index.php?rest_route=\/wp\/v2\/types\/post"}],"author":[{"embeddable":true,"href":"https:\/\/www.podivinsky.cz\/index.php?rest_route=\/wp\/v2\/users\/1"}],"replies":[{"embeddable":true,"href":"https:\/\/www.podivinsky.cz\/index.php?rest_route=%2Fwp%2Fv2%2Fcomments&post=4485"}],"version-history":[{"count":1,"href":"https:\/\/www.podivinsky.cz\/index.php?rest_route=\/wp\/v2\/posts\/4485\/revisions"}],"predecessor-version":[{"id":4486,"href":"https:\/\/www.podivinsky.cz\/index.php?rest_route=\/wp\/v2\/posts\/4485\/revisions\/4486"}],"wp:attachment":[{"href":"https:\/\/www.podivinsky.cz\/index.php?rest_route=%2Fwp%2Fv2%2Fmedia&parent=4485"}],"wp:term":[{"taxonomy":"category","embeddable":true,"href":"https:\/\/www.podivinsky.cz\/index.php?rest_route=%2Fwp%2Fv2%2Fcategories&post=4485"},{"taxonomy":"post_tag","embeddable":true,"href":"https:\/\/www.podivinsky.cz\/index.php?rest_route=%2Fwp%2Fv2%2Ftags&post=4485"}],"curies":[{"name":"wp","href":"https:\/\/api.w.org\/{rel}","templated":true}]}}