{"id":4491,"date":"2020-05-25T07:56:17","date_gmt":"2020-05-25T06:56:17","guid":{"rendered":"https:\/\/www.podivinsky.cz\/?p=4491"},"modified":"2020-05-25T07:56:27","modified_gmt":"2020-05-25T06:56:27","slug":"duvenblejt","status":"publish","type":"post","link":"https:\/\/www.podivinsky.cz\/?p=4491","title":{"rendered":"Duvenblejt!"},"content":{"rendered":"\n<p>M\u00e1lem jsem vyvrhnul sn\u00eddani kdy\u017e jsem \u010detl tuto sn\u016f\u0161ku hnoje z produkce manipul\u00e1tora a vlastizr\u00e1dce V\u011bry Jourov\u00e9. Zaj\u00edmalo by m\u011b, jak tento \u201ev\u00fdtvor\u201c hodnot\u00ed premi\u00e9r Babi\u0161.<\/p>\n\n\n\n<p>V.V\u00edte, kdo v EU p\u0159episuje d\u011bjiny ve prosp\u011bch Hitlera? \u010ce\u0161ka Jourov\u00e1!<\/p>\n\n\n\n<p>od tom\u00e1\u0161 marn\u00fd\u2022<\/p>\n\n\n\n<p>rubrika: N\u00c1ZORY\u2022<\/p>\n\n\n\n<p>\u2026..zaj\u00edmav\u00e9 a \u00fadern\u00e9 po\u010dten\u00ed\u010dko\u2026.<\/p>\n\n\n\n<p>19:54<\/p>\n\n\n\n<p>Na internetov\u00fdch str\u00e1nk\u00e1ch Aliance n\u00e1rodn\u00edch sil (ANS), jsem se o tom dov\u011bd\u011bl a\u017e dnes, ale proto\u017ee mo\u017en\u00e1 jde o v\u011bc, kter\u00e1 nen\u00ed novinkou jen pro m\u011b, rozhodl jsem se o n\u00ed s v\u00e1mi pod\u011blit.<\/p>\n\n\n\n<p>O\u010d jde? Onoho 18.9. t.r. schv\u00e1lil Evropsk\u00fd parlament usnesen\u00ed o v\u00fdznamu evropsk\u00e9 pam\u011bti pro budoucnost Evropy. Dokument m\u00e1 \u010d\u00edslo 2019\/2819, jeho autorkou je \u010desk\u00e1 komisa\u0159ka EU V\u011bra Jourov\u00e1, a p\u0159edsedkyn\u011b Aliance n\u00e1rodn\u00edch sil PhDr.Vladim\u00edra V\u00edtov\u00e1 k tomuto dokumentu na str\u00e1nk\u00e1ch ANS sepsala koment\u00e1\u0159 nesouc\u00ed titul: TRESTUHODN\u00c9 USNESN\u00cd EP P\u0158EPISUJE HISTORICKOU SKUTE\u010cNOST<\/p>\n\n\n\n<p>Trestuhodn\u00e9 v \u010dem?<\/p>\n\n\n\n<p>Podle Vladim\u00edry V\u00edtov\u00e9 v tom, \u017ee d\u00e1v\u00e1 na stejnou rovinu vinu N\u011bmecka a Sov\u011btsk\u00e9ho svazu p\u0159i zah\u00e1jen\u00ed 2. sv\u011btov\u00e9 v\u00e1lky.<\/p>\n\n\n\n<p>V tom, \u017ee zcela pom\u00edj\u00ed v\u00fdznam sov\u011btsk\u00e9ho svazu na pora\u017een\u00ed nacistick\u00e9ho N\u011bmecka a v n\u011bkter\u00fdch bodech z n\u011bj d\u011bl\u00e1 dokonce hlavn\u00edho vin\u00edka.<\/p>\n\n\n\n<p>Ke kter\u00fdm\u017eto t\u011bmto dv\u011bma bod\u016fm Vladim\u00edra V\u00edtov\u00e1 dod\u00e1v\u00e1:  \u201e\u201cR\u016fzn\u00ed \u201epolitologov\u00e9\u201c za\u010d\u00ednaj\u00ed ji\u017e zcela ofici\u00e1ln\u011b hovo\u0159it v tom smyslu, \u017ee Adolf Hitler za\u00fato\u010dil v \u010dervnu roku 1941 na SSSR preventivn\u011b, aby Evropu zbavil bol\u0161evismu  \u2013 viz leto\u0161n\u00ed diskuse v Knihovn\u011b V\u00e1clava Havla. Za hlavn\u00edho agresora 2. sv\u011btov\u00e9 v\u00e1lky za\u010d\u00ednaj\u00ed tito takzvan\u00ed \u201ehistorici\u201c ozna\u010dovat Sov\u011btsk\u00fd svaz a o N\u011bmecku pomalu \u2013 ale jist\u011b \u2013 za\u010d\u00ednaj\u00ed hovo\u0159it v tom smyslu, \u017ee de facto br\u00e1nilo Evropu p\u0159ed bol\u0161evismem z Ruska.<\/p>\n\n\n\n<p>V tom, \u017ee v dokumentu je nap\u0159\u00edklad zcela vynech\u00e1na Mnichovsk\u00e1 dohoda a nikde nen\u00ed uvedeno ani datum 1.9.1939, kdy skute\u010dn\u011b vypukla 2. sv\u011btov\u00e1 v\u00e1lka napaden\u00edm Polska nacistick\u00fdm N\u011bmeckem. V tom, \u017ee naopak ostatn\u00ed data a smlouvy ale uvedeny jsou \u2013 nap\u0159\u00edklad data obsazen\u00ed pobaltsk\u00fdch republik Sov\u011btsk\u00fdm svazem a napaden\u00ed Finska Sov\u011btsk\u00fdm svazem a dal\u0161\u00ed.<\/p>\n\n\n\n<p>V tom, \u017ee dokument zd\u016fraz\u0148uje, \u017ee druh\u00e1 sv\u011btov\u00e1 v\u00e1lka byla zah\u00e1jena v bezprost\u0159edn\u00edm d\u016fsledku smlouvy mezi nacistick\u00fdm N\u011bmeckem a Sov\u011btsk\u00fdm svazem o ne\u00fato\u010den\u00ed ze dne 23. srpna 1939, (pakt Molotov-Ribbentrop) a jej\u00edm prost\u0159ednictv\u00edm si tyto dva totalitn\u00ed re\u017eimy s celosv\u011btov\u00fdmi dobyvatelsk\u00fdmi ambicemi pr\u00fd rozd\u011blily Evropu na dv\u011b z\u00f3ny vlivu (bod 2).<\/p>\n\n\n\n<p>V tom, \u017ee tento dokument \u017e\u00e1d\u00e1 v\u0161echny \u010dlensk\u00e9 st\u00e1ty EU, aby si tento den podeps\u00e1n\u00ed paktu Molotov \u2013 Ribbentrop  (23. srpna) p\u0159ipom\u00ednaly jako Evropsk\u00fd den pam\u00e1tky ob\u011bt\u00ed totalitn\u00edch re\u017eim\u016f a aby to v z\u00e1jmu pos\u00edlen\u00ed pov\u011bdom\u00ed mlad\u00e9 generace o t\u011bchto z\u00e1le\u017eitostech za\u0159adily do osnov a u\u010debnic pro v\u0161echny \u0161koly (bod 8).<\/p>\n\n\n\n<p>V tom, \u017ee Evropsk\u00fd parlament (EP) tak\u00e9 \u017e\u00e1d\u00e1 Komisi (v bod\u011b 12), aby \u00fa\u010dinn\u011b podporovala projekty (t\u00e9to nov\u00e9) historick\u00e9 pam\u011bti v \u010dlensk\u00fdch st\u00e1tech a \u010dinnost Platformy evropsk\u00e9 pam\u011bti a sv\u011bdom\u00ed a aby p\u0159id\u011blovala n\u00e1le\u017eit\u00e9 finan\u010dn\u00ed zdroje v r\u00e1mci programu Evropa pro ob\u010dany na podporu vzpom\u00ednkov\u00fdch a pam\u011btn\u00edch akc\u00ed k uct\u011bn\u00ed ob\u011bt\u00ed totality. Jin\u00fdmi slovy EU nyn\u00ed bude \u0161t\u011bd\u0159e finan\u010dn\u011b podporovat p\u0159episov\u00e1n\u00ed d\u011bjin. Dokument d\u00e1le sd\u011bluje, \u017ee nacistick\u00e9 a komunistick&amp;eacut e; re\u017ei my prov&amp;aacu te;d\u011bly masov\u00e9 vra\u017ed\u011bn\u00ed, genocidu a deportace a zap\u0159\u00ed\u010dinily ve 20. stolet\u00ed ztr\u00e1ty na \u017eivotech a omezen\u00ed svobod rozsahem nev\u00eddan\u00e9 v cel\u00e9 lidsk\u00e9 historii. Odsuzuje akty agrese, zlo\u010diny proti lidskosti a masov\u00e9 poru\u0161ov\u00e1n\u00ed lidsk\u00fdch pr\u00e1v, je\u017e p\u00e1chaly nacistick\u00e9 a komunistick\u00e9 re\u017eimy.  <\/p>\n\n\n\n<p>3).V tom, \u017ee dokument konstatuje, \u017ee po 2. sv\u011btov\u00e9 v\u00e1lce jsme ve st\u0159edn\u00ed a v\u00fdchodn\u00ed Evrop\u011b \u017eili ve zlo\u010dinn\u00e9m re\u017eimu, kter\u00fd byl stejn\u00fd jako nacismus a \u017ee se zem\u011b st\u0159edn\u00ed a v\u00fdchodn\u00ed Evropy sv\u00fdm vstupem do EU a NATO vr\u00e1tily do evropsk\u00e9 rodiny svobodn\u00fdch demokratick\u00fdch zem\u00ed a s pomoc\u00ed EU jsme pr\u00fd \u00fadajn\u011b \u00fasp\u011b\u0161n\u011b provedli reformy a dos\u00e1hli pokroku v soci\u00e1ln\u011b-ekonomick\u00e9 oblasti.<\/p>\n\n\n\n<p>V tom, \u017ee EP je pr\u00fd hluboce znepokojen snahami sou\u010dasn\u00e9ho rusk\u00e9ho veden\u00ed p\u0159ekrucovat historick\u00e9 skute\u010dnosti a maskovat zlo\u010diny sp\u00e1chan\u00e9 sov\u011btsk\u00fdm totalitn\u00edm re\u017eimem, co\u017e pova\u017euje za nebezpe\u010dnou sou\u010d\u00e1st informa\u010dn\u00ed v\u00e1lky veden\u00e9 proti demokratick\u00e9 Evrop\u011b s c\u00edlem Evropu rozd\u011blit, a \u017e\u00e1d\u00e1 proto Komisi, aby proti t\u011bmto snah\u00e1m p\u0159ijala rozhodn\u00e1 protiopat\u0159en\u00ed (bod 16).<\/p>\n\n\n\n<p>V tom, \u017ee v bodu se 18 konstatuje, \u017ee skute\u010dnost, \u017ee v n\u011bkter\u00fdch \u010dlensk\u00fdch st\u00e1tech st\u00e1le z\u016fst\u00e1vaj\u00ed na ve\u0159ejn\u00fdch prostranstv\u00edch (v parc\u00edch, na n\u00e1m\u011bst\u00edch, na ulic\u00edch apod.) pomn\u00edky a pam\u00e1tn\u00edky oslavuj\u00edc\u00ed totalitn\u00ed re\u017eimy, p\u0159ipravuje p\u016fdu pro p\u0159ekrucov\u00e1n\u00ed historick\u00fdch fakt\u016f o d\u016fsledc\u00edch druh\u00e9 sv\u011btov\u00e9 v\u00e1lky a pro propagaci totalitn\u00edho politick\u00e9ho syst\u00e9mu.<\/p>\n\n\n\n<p>A tedy v tom, \u017ee pro EP a jeho poslance je \u017e\u00e1douc\u00ed odstra\u0148ov\u00e1n\u00ed soch na\u0161ich osvoboditel\u016f \u2013 jako nap\u0159\u00edklad sochy mar\u0161\u00e1la Kon\u011bva.<\/p>\n\n\n\n<p>A z\u00e1v\u011bru sv\u00e9ho koment\u00e1\u0159e Vladim\u00edra V\u00edtov\u00e1 uv\u00e1d\u00ed:<\/p>\n\n\n\n<p>V\u0161ichni \u010de\u0161t\u00ed poslanci EP (krom\u011b jedin\u00e9 europoslankyn\u011b za KS\u010cM) schv\u00e1lili tento z\u00e1ke\u0159n\u00fd a hanebn\u00fd dokument, kter\u00fd m\u00e1 za \u00fakol p\u0159espat d\u011bjiny. Dokument vytvo\u0159ila a Evropsk\u00e9mu parlamentu p\u0159edlo\u017eila  eurokomisa\u0159ka za \u010cR V\u011bra Jourov\u00e1. P\u016fsoben\u00ed \u010desk\u00fdch politik\u016f v EU je TRESTUHODN\u00c9!<\/p>\n\n\n\n<p>K \u010demu\u017e bych j\u00e1 r\u00e1d dopsal jen toto: Jourov\u00e1 a jej\u00ed p\u0159\u00e1tel\u00e9 v EU z\u0159ejm\u011b osudov\u011b vsadili v\u0161e na platnost Orwellov\u00fdch slov o tom, \u017ee kdo ovl\u00e1d\u00e1 p\u0159\u00edtomnost, ovl\u00e1d\u00e1 i minulost. A \u017ee kdo ovl\u00e1d\u00e1 minulost, ovl\u00e1d\u00e1 i budoucnost.<\/p>\n\n\n\n<p>A proto tato minulost mus\u00ed b\u00fdt v z\u00e1jmu budoucnosti zn\u00e1siln\u011bna!<\/p>\n\n\n\n<p>A jen tak na okraj. Pokud ve sv\u00e9 knihovni\u010dce jako poklady uchov\u00e1v\u00e1te Pam\u011bti prezidenta Bene\u0161e \u010di V\u00e1le\u010dn\u00e9 pam\u011bti Churchillovy, nebo V\u00e1le\u010dn\u00e9 pam\u011bti de Gaullovy, pak je klidn\u011b vyho\u010fte z okna. Pan\u00ed Jourov\u00e1 z T\u0159eb\u00ed\u010de z nich toti\u017e na pouh\u00fdch 85 \u0159\u00e1dc\u00edch sv\u00e9ho \u201eusnesen\u00ed\u201c ud\u011blala makulaturu, vhodnou nanejv\u00fd\u0161 tak k podpalu. Nebo do sb\u011bru.<\/p>\n\n\n\n<p>USNESEN\u00cd EP JE ZDE:<\/p>\n\n\n\n<figure class=\"wp-block-embed\"><div class=\"wp-block-embed__wrapper\">\nhttp:\/\/www.europarl.europa.eu\/doceo\/document\/RC-9-2019-0097_CS.html?fbclid=IwAR0ExQJTDpz0qkYxYNWBmN535YCG29_r2OrFbMeQd3FK9caG_JtcL0TjMU0\n<\/div><\/figure>\n\n\n\n<pre class=\"wp-block-code\"><code>                          Neviete ako hlasovali Slov\u00e1ci? Predpoklad\u00e1m, \u017ee v\u0161etky pra\u0161ini boli za.<\/code><\/pre>\n\n\n\n<p>&#8212;<\/p>\n\n\n\n<p>\u013dubom\u00edr Pol\u00e1\u010dek<\/p>\n\n\n\n<pre class=\"wp-block-code\"><code>     d\u00f4chodca<\/code><\/pre>\n\n\n\n<p>02601 Doln\u00fd Kub\u00edn <\/p>\n\n\n\n<p>ul.Bernol\u00e1kova 1910\/3<\/p>\n\n\n\n<p>tf. ++421903805558<\/p>\n","protected":false},"excerpt":{"rendered":"<p>M\u00e1lem jsem vyvrhnul sn\u00eddani kdy\u017e jsem \u010detl tuto sn\u016f\u0161ku hnoje z produkce manipul\u00e1tora a vlastizr\u00e1dce V\u011bry Jourov\u00e9. Zaj\u00edmalo by m\u011b, jak tento \u201ev\u00fdtvor\u201c hodnot\u00ed premi\u00e9r Babi\u0161. V.V\u00edte, kdo v EU p\u0159episuje d\u011bjiny ve prosp\u011bch Hitlera? \u010ce\u0161ka Jourov\u00e1! od tom\u00e1\u0161 marn\u00fd\u2022 rubrika: N\u00c1ZORY\u2022 \u2026..zaj\u00edmav\u00e9 a \u00fadern\u00e9 po\u010dten\u00ed\u010dko\u2026. 19:54 Na internetov\u00fdch str\u00e1nk\u00e1ch Aliance n\u00e1rodn\u00edch sil (ANS), jsem &hellip; <a href=\"https:\/\/www.podivinsky.cz\/?p=4491\" class=\"more-link\">Pokra\u010dov\u00e1n\u00ed textu <span class=\"screen-reader-text\">Duvenblejt!<\/span> <span class=\"meta-nav\">&rarr;<\/span><\/a><\/p>\n","protected":false},"author":1,"featured_media":0,"comment_status":"closed","ping_status":"closed","sticky":false,"template":"","format":"standard","meta":{"footnotes":""},"categories":[9],"tags":[],"class_list":["post-4491","post","type-post","status-publish","format-standard","hentry","category-pc"],"_links":{"self":[{"href":"https:\/\/www.podivinsky.cz\/index.php?rest_route=\/wp\/v2\/posts\/4491","targetHints":{"allow":["GET"]}}],"collection":[{"href":"https:\/\/www.podivinsky.cz\/index.php?rest_route=\/wp\/v2\/posts"}],"about":[{"href":"https:\/\/www.podivinsky.cz\/index.php?rest_route=\/wp\/v2\/types\/post"}],"author":[{"embeddable":true,"href":"https:\/\/www.podivinsky.cz\/index.php?rest_route=\/wp\/v2\/users\/1"}],"replies":[{"embeddable":true,"href":"https:\/\/www.podivinsky.cz\/index.php?rest_route=%2Fwp%2Fv2%2Fcomments&post=4491"}],"version-history":[{"count":1,"href":"https:\/\/www.podivinsky.cz\/index.php?rest_route=\/wp\/v2\/posts\/4491\/revisions"}],"predecessor-version":[{"id":4492,"href":"https:\/\/www.podivinsky.cz\/index.php?rest_route=\/wp\/v2\/posts\/4491\/revisions\/4492"}],"wp:attachment":[{"href":"https:\/\/www.podivinsky.cz\/index.php?rest_route=%2Fwp%2Fv2%2Fmedia&parent=4491"}],"wp:term":[{"taxonomy":"category","embeddable":true,"href":"https:\/\/www.podivinsky.cz\/index.php?rest_route=%2Fwp%2Fv2%2Fcategories&post=4491"},{"taxonomy":"post_tag","embeddable":true,"href":"https:\/\/www.podivinsky.cz\/index.php?rest_route=%2Fwp%2Fv2%2Ftags&post=4491"}],"curies":[{"name":"wp","href":"https:\/\/api.w.org\/{rel}","templated":true}]}}