{"id":7803,"date":"2021-06-29T16:49:59","date_gmt":"2021-06-29T15:49:59","guid":{"rendered":"https:\/\/www.podivinsky.cz\/?p=7803"},"modified":"2021-06-29T16:50:46","modified_gmt":"2021-06-29T15:50:46","slug":"bude-pokracovani-a-tresty-odneti-svobody-jak-to-pravo-narizuje-a-u-nasich-to-tak-tvrde-tresta","status":"publish","type":"post","link":"https:\/\/www.podivinsky.cz\/?p=7803","title":{"rendered":"Bude pokra\u010dov\u00e1n\u00ed a tresty odn\u011bt\u00ed svobody, jak to pr\u00e1vo na\u0159izuje a u NA\u0160ICH TO TAK TVRD\u011a TREST\u00c1? A co volby???"},"content":{"rendered":"\n<p>Kauza Dominik Feri m\u00e1 pokra\u010dov\u00e1n\u00ed. M\u016fj zn\u00e1m\u00fd pr\u00e1vn\u00edk m\u011b dnes upozornil na novou skute\u010dnost. Feri v tom nejel s\u00e1m. On m\u011bl kolem sebe celou bandu jemu podobn\u00fdch sexu\u00e1ln\u00edch pred\u00e1tor\u016f. Tahle \u010dinnost jim proch\u00e1zela proto, \u017ee se sice v\u0161echno v\u011bd\u011blo, odpov\u011bdn\u00ed ale d\u011blali, \u017ee nic nevid\u00ed. Napaden\u00fdm d\u00edvk\u00e1m, kter\u00e9 se prost\u0159ednictv\u00edm studentsk\u00e9ho d\u016fv\u011brn\u00edka obr\u00e1tily na n\u011bkter\u00e9ho z \u010dlen\u016f Akademick\u00e9ho sen\u00e1tu, bylo doporu\u010dov\u00e1no, aby si to rad\u011bji nechaly pro sebe. Kdyby to prezentovaly navenek, tak by to po\u0161kodilo UK a hlavn\u011b je sam\u00e9. Ono by se tak\u00e9 mohlo st\u00e1t, \u017ee by nedostudovaly.<\/p>\n\n\n\n<figure class=\"wp-block-embed\"><div class=\"wp-block-embed__wrapper\">\nhttps:\/\/www.idnes.cz\/zpravy\/domaci\/dominik-feri-tomas-zima-karlova-univerzita.A210527_121753_domaci_mah?zdroj=domaci_hp\n<\/div><\/figure>\n\n\n\n<p>Dne\u0161n\u00ed prohl\u00e1\u0161en\u00ed rektora UK Tom\u00e1\u0161e Zimy je jen pouh\u00fd alibismus. Pan rektor se tv\u00e1\u0159\u00ed, \u017ee o ni\u010dem nev\u011bd\u011bl. Nejsp\u00ed\u0161 se pr\u00e1v\u011b probudil.<\/p>\n\n\n\n<figure class=\"wp-block-embed\"><div class=\"wp-block-embed__wrapper\">\nhttps:\/\/www.prf.cuni.cz\/organy-fakulty\/akademicky-senat\n<\/div><\/figure>\n\n\n\n<p>Tak tihle samoz\u0159ejm\u011b tak\u00e9 o ni\u010dem nev\u011bd\u011bli. On to nev\u011bd\u011bl ani asistent d\u011bkana, ze kter\u00e9ho n\u00e1sledn\u011b Dominik Feri ud\u011blal sv\u00e9ho asistenta poslance. Poslance i pana asistenta plat\u00edme my v\u0161ichni, proto\u017ee \u010dinnost na\u0161ich volen\u00fdch z\u00e1stupc\u016f je financovan\u00e1 ze st\u00e1tn\u00edho rozpo\u010dtu. V\u010detn\u011b jejich plat\u016f, samoz\u0159ejm\u011b. Argumentovat t\u00edm, \u017ee ob\u010dan jako takov\u00fd do toho nem\u00e1 co mluvit, je vrchol arogance.<\/p>\n\n\n\n<p>\u017de si Dominik Feri p\u0159isvojil titul JUDr., na kter\u00fd nem\u00e1 n\u00e1rok, tak to nikoho ze zodpov\u011bdn\u00fdch nezaj\u00edm\u00e1. Hlavn\u011b \u017ee se \u201epravicov\u00ed\u201c politici po\u0161klebuj\u00ed ministryni spravedlnosti Mgr. Marii Bene\u0161ov\u00e9 za to, \u017ee st\u00e1le je\u0161t\u011b neslo\u017eila rigor\u00f3zn\u00ed zkou\u0161ku, a proto nem\u016f\u017ee pou\u017e\u00edvat titul JUDr. N\u00e1dhern\u00e1 uk\u00e1zka pokrytectv\u00ed.<\/p>\n\n\n\n<p>Poslanci Ferimu zanikl mand\u00e1t ke dni 31. 5. tohoto roku. K t\u00e9mu\u017e datu tak\u00e9 zanik\u00e1 jeho poslaneck\u00e1 imunita. Od 1.6. je Dominik Feri u\u017e pouze oby\u010dejn\u00fd ob\u010dan. Ten m\u016fj p\u0159\u00edtel pr\u00e1vn\u00edk jen douf\u00e1, \u017ee policejn\u00ed vy\u0161et\u0159ovatel zah\u00e1j\u00ed \u00fakony ve v\u011bci a\u017e po tomto datu. Ono je tady toti\u017e re\u00e1ln\u00e9 nebezpe\u010d\u00ed, \u017ee d\u00edvky, kter\u00e9 se staly ob\u011b\u0165mi nejen Dominika Feriho, ale tak\u00e9 jeho kump\u00e1n\u016f, budou (a mo\u017en\u00e1 u\u017e jsou) zastra\u0161ov\u00e1ny.<\/p>\n\n\n\n<p>Pokud budou vypov\u00eddat do protokolu, tak Dominik Feri coby \u00fa\u010dastn\u00edk \u0159\u00edzen\u00ed bude moci nahl\u00e9dnout do spisu. Z toho dokumentu pak lehce zjist\u00ed nejen jm\u00e9na po\u0161kozen\u00fdch d\u00edvek, ale z\u00e1rove\u0148 s t\u00edm i jejich sou\u010dasn\u00e9 bydli\u0161t\u011b a zam\u011bstn\u00e1n\u00ed. Pak u\u017e nen\u00ed probl\u00e9m ty d\u00edvky vyhledat a nen\u00e1padn\u011b jim doporu\u010dit, aby ta sv\u011bdectv\u00ed odvolaly.<\/p>\n\n\n\n<p>Podle m\u00e9ho p\u0159\u00edtele pr\u00e1vn\u00edka to skon\u010d\u00ed t\u00edm, \u017ee zkr\u00e1tka nebudou sv\u011bdci. A vy\u0161et\u0159ov\u00e1n\u00ed trestn\u00e9 \u010dinnosti bez sv\u011bdk\u016f kon\u010d\u00ed odlo\u017een\u00edm ve v\u011bci. Tenhle sc\u00e9n\u00e1\u0159 by mohl padnout jen v p\u0159\u00edpad\u011b, \u017ee by se do toho vlo\u017eil n\u011bjak\u00fd vlivn\u00fd otec nebo p\u0159\u00edbuzn\u00fd n\u011bkter\u00e9 z d\u00edvek. V tom p\u0159\u00edpad\u011b by u\u017e Dominik Feri m\u011bl probl\u00e9m.<\/p>\n\n\n\n<p>Probl\u00e9m by samoz\u0159ejm\u011b m\u011bli tak\u00e9 jeho kump\u00e1ni. Te\u010f to tedy dopl\u0148uju o nejnov\u011bj\u0161\u00ed informaci. P\u0159i vy\u0161et\u0159ov\u00e1n\u00ed t\u00e9to kauzy se pojede podle jin\u00e9ho sc\u00e9n\u00e1\u0159e. Ty \u017eeny, kter\u00e9 byly napaden\u00e9 Dominikem Ferim a jeho kump\u00e1ny, budou zastupovat mlad\u00ed pr\u00e1vn\u00edci. Ti u\u017e od t\u011bch \u017een z\u00edskali plnou moc. Feri a jeho kump\u00e1ni n\u011bjak nepo\u010d\u00edtali s t\u00edm, \u017ee ty jimi napadan\u00e9 studentky maj\u00ed rodi\u010de. A \u017ee ti jejich rodi\u010de to tak nenechaj\u00ed a budou konat.<\/p>\n\n\n\n<p>To odstoupen\u00ed Dominika Feriho z postu poslance je jen za\u010d\u00e1tek. Pokud by se Feri nebo n\u011bkdo z jeho kump\u00e1n\u016f pokusil ty b\u00fdval\u00e9 studentky zastra\u0161ovat, tak si jen zad\u011bl\u00e1 na dal\u0161\u00ed probl\u00e9m. Vyhro\u017eov\u00e1n\u00ed a vyd\u00edr\u00e1n\u00ed je trestn\u00fd \u010din.<\/p>\n\n\n\n<p>Ono do toho spadlo tak\u00e9 cel\u00e9 veden\u00ed UK Praha. Ti pan\u00e1ci, kte\u0159\u00ed a\u017e do v\u010derej\u0161\u00edho dne tvrdili, \u017ee o ni\u010dem nev\u011bd\u011bli, jsou postupn\u011b usv\u011bd\u010dov\u00e1ni ze l\u017ei. V jejich neprosp\u011bch mluv\u00ed to, \u017ee student\u0161t\u00ed d\u016fv\u011brn\u00edci, na kter\u00e9 se ty studentky obr\u00e1tily a kte\u0159\u00ed to n\u00e1sledn\u011b tlumo\u010dili \u010dlen\u016fm Akademick\u00e9 rady, se u\u017e p\u0159estali b\u00e1t a jsou ochotni v\u0161echno dosv\u011bd\u010dit.<\/p>\n\n\n\n<p>To v\u010derej\u0161\u00ed kokt\u00e1n\u00ed d\u011bkana Pr\u00e1vnick\u00e9 fakulty UK Jana Kukl\u00edka jen potvrdilo podez\u0159en\u00ed, \u017ee veden\u00ed UK tohle svinstvo krylo.<\/p>\n\n\n\n<figure class=\"wp-block-embed\"><div class=\"wp-block-embed__wrapper\">\nhttps:\/\/www.ceskatelevize.cz\/porady\/1096898594-udalosti-komentare\/221411000370527\/video\/843235\n<\/div><\/figure>\n\n\n\n<figure class=\"wp-block-embed\"><div class=\"wp-block-embed__wrapper\">\nhttps:\/\/www.parlamentnilisty.cz\/arena\/monitor\/Feriho-kauza-Ruska-stopa-Bojovnice-s-dezinformacemi-ma-jasno-665337\n<\/div><\/figure>\n\n\n\n<p>Pouh\u00e1 snaha o odveden\u00ed pozornosti.<\/p>\n\n\n\n<figure class=\"wp-block-embed\"><div class=\"wp-block-embed__wrapper\">\nhttps:\/\/blog.aktualne.cz\/blogy\/jonas-syrovatka.php?itemid=39986\n<\/div><\/figure>\n\n\n\n<p>Chud\u00e1ci dezinform\u00e1to\u0159i! Pr\u00e1vn\u00edci, kte\u0159\u00ed zastupuj\u00ed po\u0161kozen\u00e9 \u017eeny, u\u017e avizovali, \u017ee budou po\u017eadovat tak\u00e9 p\u0159edlo\u017een\u00ed doklad\u016f o studiu Dominika Feriho. Index, z\u00e1po\u010dty, v\u00fdsledky jednotliv\u00fdch zkou\u0161ek a v neposledn\u00ed \u0159ad\u011b tak\u00e9 to, na jak\u00e9m z\u00e1klad\u011b Dominik Feri pou\u017e\u00edv\u00e1 titul JUDr. Kauza Dominik Feri spustila lavinu. A lavina jak zn\u00e1mo smete v\u0161echno, co j\u00ed stoj\u00ed v cest\u011b.<\/p>\n","protected":false},"excerpt":{"rendered":"<p>Kauza Dominik Feri m\u00e1 pokra\u010dov\u00e1n\u00ed. M\u016fj zn\u00e1m\u00fd pr\u00e1vn\u00edk m\u011b dnes upozornil na novou skute\u010dnost. Feri v tom nejel s\u00e1m. On m\u011bl kolem sebe celou bandu jemu podobn\u00fdch sexu\u00e1ln\u00edch pred\u00e1tor\u016f. Tahle \u010dinnost jim proch\u00e1zela proto, \u017ee se sice v\u0161echno v\u011bd\u011blo, odpov\u011bdn\u00ed ale d\u011blali, \u017ee nic nevid\u00ed. Napaden\u00fdm d\u00edvk\u00e1m, kter\u00e9 se prost\u0159ednictv\u00edm studentsk\u00e9ho d\u016fv\u011brn\u00edka obr\u00e1tily na n\u011bkter\u00e9ho &hellip; <a href=\"https:\/\/www.podivinsky.cz\/?p=7803\" class=\"more-link\">Pokra\u010dov\u00e1n\u00ed textu <span class=\"screen-reader-text\">Bude pokra\u010dov\u00e1n\u00ed a tresty odn\u011bt\u00ed svobody, jak to pr\u00e1vo na\u0159izuje a u NA\u0160ICH TO TAK TVRD\u011a TREST\u00c1? A co volby???<\/span> <span class=\"meta-nav\">&rarr;<\/span><\/a><\/p>\n","protected":false},"author":1,"featured_media":0,"comment_status":"closed","ping_status":"closed","sticky":false,"template":"","format":"standard","meta":{"footnotes":""},"categories":[9],"tags":[],"class_list":["post-7803","post","type-post","status-publish","format-standard","hentry","category-pc"],"_links":{"self":[{"href":"https:\/\/www.podivinsky.cz\/index.php?rest_route=\/wp\/v2\/posts\/7803","targetHints":{"allow":["GET"]}}],"collection":[{"href":"https:\/\/www.podivinsky.cz\/index.php?rest_route=\/wp\/v2\/posts"}],"about":[{"href":"https:\/\/www.podivinsky.cz\/index.php?rest_route=\/wp\/v2\/types\/post"}],"author":[{"embeddable":true,"href":"https:\/\/www.podivinsky.cz\/index.php?rest_route=\/wp\/v2\/users\/1"}],"replies":[{"embeddable":true,"href":"https:\/\/www.podivinsky.cz\/index.php?rest_route=%2Fwp%2Fv2%2Fcomments&post=7803"}],"version-history":[{"count":2,"href":"https:\/\/www.podivinsky.cz\/index.php?rest_route=\/wp\/v2\/posts\/7803\/revisions"}],"predecessor-version":[{"id":7805,"href":"https:\/\/www.podivinsky.cz\/index.php?rest_route=\/wp\/v2\/posts\/7803\/revisions\/7805"}],"wp:attachment":[{"href":"https:\/\/www.podivinsky.cz\/index.php?rest_route=%2Fwp%2Fv2%2Fmedia&parent=7803"}],"wp:term":[{"taxonomy":"category","embeddable":true,"href":"https:\/\/www.podivinsky.cz\/index.php?rest_route=%2Fwp%2Fv2%2Fcategories&post=7803"},{"taxonomy":"post_tag","embeddable":true,"href":"https:\/\/www.podivinsky.cz\/index.php?rest_route=%2Fwp%2Fv2%2Ftags&post=7803"}],"curies":[{"name":"wp","href":"https:\/\/api.w.org\/{rel}","templated":true}]}}