{"id":8,"date":"2009-08-23T13:41:50","date_gmt":"2009-08-23T13:41:50","guid":{"rendered":"http:\/\/wp.podivinsky.cz\/?p=8"},"modified":"2013-11-27T15:19:04","modified_gmt":"2013-11-27T15:19:04","slug":"lmd","status":"publish","type":"post","link":"https:\/\/www.podivinsky.cz\/?p=8","title":{"rendered":"16. leteckomodel\u00e1\u0159sk\u00fd den"},"content":{"rendered":"<p><strong>V\u00e1\u017een\u00ed p\u0159\u00edznivci\u00a0 l\u00e9t\u00e1n\u00ed!<\/strong><\/p>\n<p>\u00a0<\/p>\n<p>Dne 29.8.2009 od 10 hodin bude Spolek leteck\u00fdch model\u00e1\u0159\u016f v Litomy\u0161li po\u0159\u00e1dat ji\u017e 16. leteckomodel\u00e1\u0159sk\u00fd den na sv\u00e9m leti\u0161ti Vlkov nad Litomy\u0161l\u00ed sm\u011br \u010cesk\u00e1 T\u0159ebov\u00e1- Pazucha. Od 14 hodin je pak \u0159\u00edzen\u00e9 l\u00e9t\u00e1n\u00ed komentovan\u00e9 po\u0159adateli. Ob\u010derstven\u00ed a WC zaji\u0161t\u011bny. Kontaktoval jsem brn\u011bnskou prodejnu model\u00e1\u0159sk\u00fdch pot\u0159eb pana Reicharda, tak je\u0161t\u011b up\u0159esn\u00edm, zdali p\u0159ijede se st\u00e1nkem.<\/p>\n<p>V\u011b\u0159\u00edm, \u017ee po\u010das\u00ed hl\u00e1s\u00ed p\u011bkn\u00e9 a akce bude p\u011bkn\u00e1 a pro div\u00e1ky zaj\u00edmav\u00e1.<\/p>\n<p>Pro up\u0159esn\u011bn\u00ed organiza\u010dn\u00ed pozn\u00e1mky kv\u016fli zv\u00fd\u0161en\u00ed bezpe\u010dnosti: M\u00e1me nainstalovanou z\u00e1chytnou s\u00ed\u0165, za n\u00ed\u017e mohou div\u00e1ci st\u00e1t bezprost\u0159edn\u011b u startuj\u00edc\u00edch a p\u0159ist\u00e1vaj\u00edc\u00edch letadel.<\/p>\n<p>\u00a0<\/p>\n<p><em><strong>V\u00edce na http:\/\/modelari.lit.cz<\/strong><\/em><\/p>\n","protected":false},"excerpt":{"rendered":"<p>V\u00e1\u017een\u00ed p\u0159\u00edznivci\u00a0 l\u00e9t\u00e1n\u00ed! \u00a0 Dne 29.8.2009 od 10 hodin bude Spolek leteck\u00fdch model\u00e1\u0159\u016f v Litomy\u0161li po\u0159\u00e1dat ji\u017e 16. leteckomodel\u00e1\u0159sk\u00fd den na sv\u00e9m leti\u0161ti Vlkov nad Litomy\u0161l\u00ed sm\u011br \u010cesk\u00e1 T\u0159ebov\u00e1- Pazucha. Od 14 hodin je pak \u0159\u00edzen\u00e9 l\u00e9t\u00e1n\u00ed komentovan\u00e9 po\u0159adateli. Ob\u010derstven\u00ed a WC zaji\u0161t\u011bny. Kontaktoval jsem brn\u011bnskou prodejnu model\u00e1\u0159sk\u00fdch pot\u0159eb pana Reicharda, tak je\u0161t\u011b up\u0159esn\u00edm, zdali &hellip; <a href=\"https:\/\/www.podivinsky.cz\/?p=8\" class=\"more-link\">Pokra\u010dov\u00e1n\u00ed textu <span class=\"screen-reader-text\">16. leteckomodel\u00e1\u0159sk\u00fd den<\/span> <span class=\"meta-nav\">&rarr;<\/span><\/a><\/p>\n","protected":false},"author":1,"featured_media":0,"comment_status":"open","ping_status":"open","sticky":false,"template":"","format":"standard","meta":{"footnotes":""},"categories":[2],"tags":[],"class_list":["post-8","post","type-post","status-publish","format-standard","hentry","category-zaliby"],"_links":{"self":[{"href":"https:\/\/www.podivinsky.cz\/index.php?rest_route=\/wp\/v2\/posts\/8","targetHints":{"allow":["GET"]}}],"collection":[{"href":"https:\/\/www.podivinsky.cz\/index.php?rest_route=\/wp\/v2\/posts"}],"about":[{"href":"https:\/\/www.podivinsky.cz\/index.php?rest_route=\/wp\/v2\/types\/post"}],"author":[{"embeddable":true,"href":"https:\/\/www.podivinsky.cz\/index.php?rest_route=\/wp\/v2\/users\/1"}],"replies":[{"embeddable":true,"href":"https:\/\/www.podivinsky.cz\/index.php?rest_route=%2Fwp%2Fv2%2Fcomments&post=8"}],"version-history":[{"count":1,"href":"https:\/\/www.podivinsky.cz\/index.php?rest_route=\/wp\/v2\/posts\/8\/revisions"}],"predecessor-version":[{"id":240,"href":"https:\/\/www.podivinsky.cz\/index.php?rest_route=\/wp\/v2\/posts\/8\/revisions\/240"}],"wp:attachment":[{"href":"https:\/\/www.podivinsky.cz\/index.php?rest_route=%2Fwp%2Fv2%2Fmedia&parent=8"}],"wp:term":[{"taxonomy":"category","embeddable":true,"href":"https:\/\/www.podivinsky.cz\/index.php?rest_route=%2Fwp%2Fv2%2Fcategories&post=8"},{"taxonomy":"post_tag","embeddable":true,"href":"https:\/\/www.podivinsky.cz\/index.php?rest_route=%2Fwp%2Fv2%2Ftags&post=8"}],"curies":[{"name":"wp","href":"https:\/\/api.w.org\/{rel}","templated":true}]}}